{"id":3688,"date":"2018-12-29T09:27:56","date_gmt":"2018-12-29T11:27:56","guid":{"rendered":"https:\/\/clubedohipismo.com.br\/home\/?p=3688"},"modified":"2020-08-18T14:54:47","modified_gmt":"2020-08-18T17:54:47","slug":"oracao-ao-cavalo","status":"publish","type":"post","link":"https:\/\/clubedohipismo.com.br\/home\/2018\/12\/29\/oracao-ao-cavalo\/","title":{"rendered":"Ora\u00e7\u00e3o ao cavalo, um animal fant\u00e1stico que aprendi a admirar"},"content":{"rendered":"<div id=\"clube-319341883\" class=\"clube-amp clube-entity-placement\" style=\"margin-left: auto;margin-right: auto;text-align: center;\"><script async src=\"\/\/pagead2.googlesyndication.com\/pagead\/js\/adsbygoogle.js?client=ca-pub-6364990823171596\" crossorigin=\"anonymous\"><\/script><ins class=\"adsbygoogle\" style=\"display:block;\" data-ad-client=\"ca-pub-6364990823171596\" \ndata-ad-slot=\"\" \ndata-ad-format=\"auto\"><\/ins>\n<script> \n(adsbygoogle = window.adsbygoogle || []).push({}); \n<\/script>\n<\/div><p>Comecei a montar muito tarde, mas antes tarde do que nunca, por volta dos meus 48 anos, portanto monto a 13. Como uma crian\u00e7a, ganhei meu cavalo e descobri o quanto \u00e9 importante a amizade que constru\u00edmos.<!--more--><\/p>\n<p>Sou um cara urbano, realmente urbano, pois moro na cidade de S\u00e3o Paulo, onde nasci, sen\u00e3o no centro da cidade, h\u00e1 poucos quil\u00f4metros dele, nasci e cresci, ou seja, respirei g\u00e1s carb\u00f4nico sempre e o verde que via era nos parques.<\/p>\n<p>Minha filha \u00e9 uma aficionada em animais em especial cavalos, ela tamb\u00e9m come\u00e7ou tarde, com 13 anos e desse mundo nunca mais saiu, mas essa n\u00e3o \u00e9 a hist\u00f3ria dela, por\u00e9m \u00e9 por culta ou m\u00e9rito dela que eu entrei.<\/p>\n<p>Continuo em S\u00e3o Paulo e tenho meu cavalo em uma h\u00edpica pr\u00f3xima, monto com uma frequ\u00eancia de 2 a 3 dias por semana, e \u00e9 como ir ao analista, fazer academia, ter um personal trainer e um massagista, tudo em um \u00fanico amigo.<\/p>\n<p>Ent\u00e3o para terminar o ano vai a<\/p>\n<blockquote>\n<p style=\"padding-left: 30px;\"><strong>Ora\u00e7\u00e3o do Cavalo (autor desconhecido)<\/strong><\/p>\n<\/blockquote>\n<figure id=\"attachment_3689\" aria-describedby=\"caption-attachment-3689\" style=\"width: 270px\" class=\"wp-caption alignright\"><a href=\"https:\/\/clubedohipismo.com.br\/home\/wp-content\/uploads\/2018\/12\/Vergano-Marumby-TMV.jpg\"><img  title=\"\" fetchpriority=\"high\" decoding=\"async\" class=\" wp-image-3689\" style=\"border-width: 5px; border-style: ridge;\" src=\"https:\/\/clubedohipismo.com.br\/home\/wp-content\/uploads\/2018\/12\/Vergano-Marumby-TMV.jpg\"  alt=\"Vergano-Marumby-TMV Ora\u00e7\u00e3o ao cavalo, um animal fant\u00e1stico que aprendi a admirar\"  width=\"270\" height=\"380\" srcset=\"https:\/\/clubedohipismo.com.br\/home\/wp-content\/uploads\/2018\/12\/Vergano-Marumby-TMV.jpg 461w, https:\/\/clubedohipismo.com.br\/home\/wp-content\/uploads\/2018\/12\/Vergano-Marumby-TMV-213x300.jpg 213w\" sizes=\"(max-width: 270px) 100vw, 270px\" \/><\/a><figcaption id=\"caption-attachment-3689\" class=\"wp-caption-text\">Vergano Marumby TMV<\/figcaption><\/figure>\n<p style=\"padding-left: 30px;\"><em>Ao meu amo, ofere\u00e7o a minha ora\u00e7\u00e3o:<\/em><\/p>\n<p style=\"padding-left: 30px;\"><em>D\u00e1-me comida e cuida de mim,<\/em><\/p>\n<p style=\"padding-left: 30px;\"><em>e quando a jornada terminar<\/em><\/p>\n<p style=\"padding-left: 30px;\"><em>D\u00e1-me abrigo, uma cama limpa e seca<\/em><\/p>\n<p style=\"padding-left: 30px;\"><em>e uma baia ampla para descansar em conforto.<\/em><\/p>\n<p style=\"padding-left: 30px;\"><em>Fala comigo, tua voz muitas vezes<\/em><\/p>\n<p style=\"padding-left: 30px;\"><em>significa para mim o mesmo que as r\u00e9deas.<\/em><\/p>\n<p style=\"padding-left: 30px;\"><em>Afaga-me \u00e0s vezes para que te possa servir<\/em><\/p>\n<p style=\"padding-left: 30px;\"><em>com mais alegria e aprenda te amar.<\/em><\/p>\n<p style=\"padding-left: 30px;\"><em>N\u00e3o maltrate minha boca com o freio<\/em><\/p>\n<p style=\"padding-left: 30px;\"><em>e n\u00e3o me fa\u00e7as correr ou subir um morro.<\/em><\/p>\n<p style=\"padding-left: 30px;\"><em>Nunca, eu te suplico, me agridas ou<\/em><\/p>\n<p style=\"padding-left: 30px;\"><em>me espanques quando n\u00e3o entender<\/em><\/p>\n<p style=\"padding-left: 30px;\"><em>o que queres de mim,<\/em><\/p>\n<p style=\"padding-left: 30px;\"><em>mas d\u00e1-me uma oportunidade de te compreender.<\/em><\/p>\n<p style=\"padding-left: 30px;\"><em>E, quando n\u00e3o for obediente ao teu comando,<\/em><\/p>\n<p style=\"padding-left: 30px;\"><em>v\u00ea se algo n\u00e3o est\u00e1 correto nos<\/em><\/p>\n<p style=\"padding-left: 30px;\"><em>meus arreios, ou maltratando meus membros.<\/em><\/p>\n<p style=\"padding-left: 30px;\"><em>E, finalmente, quando a minha utilidade<\/em><\/p>\n<p style=\"padding-left: 30px;\"><em>se acabar, n\u00e3o me deixes morrer de frio<\/em><\/p>\n<p style=\"padding-left: 30px;\"><em>ou \u00e0 m\u00edngua nem me vendas para algu\u00e9m cruel<\/em><\/p>\n<p style=\"padding-left: 30px;\"><em>para morrer lentamente torturado ou morrer de fome.<\/em><\/p>\n<p style=\"padding-left: 30px;\"><em>Mas bondosamente, meu amo, sacrifica-me<\/em><\/p>\n<p style=\"padding-left: 30px;\"><em>tu mesmo e teu Deus te recompens\u00e1reis para sempre.<\/em><\/p>\n<p style=\"padding-left: 30px;\"><em>N\u00e3o me julgues irreverente se te pe\u00e7o isto,<\/em><\/p>\n<p style=\"padding-left: 30px;\"><em>em nome D\u00b4Aquele que tamb\u00e9m nasceu num est\u00e1bulo!<\/em><\/p>\n<p>&nbsp;<\/p>\n<p><a href=\"https:\/\/clubedohipismo.com.br\/home\/category\/dicas-e-noticias\/historias-experiencias-cavalo\/\">Marco Vidal<\/a><\/p>\n<p>Views: 94<\/p><div class=\"clube-centro clube-entity-placement\" style=\"text-align: center;\" id=\"clube-2887370069\"><div id=\"clube-2638660735\" style=\"margin-top: 2px;margin-right: 2px;margin-bottom: 2px;margin-left: 2px;float: right;\"><a href=\"https:\/\/aulasdeequitacao.com.br\/home\/\" target=\"_blank\" aria-label=\"Banner Thaty Aulas new p\"><img src=\"https:\/\/clubedohipismo.com.br\/home\/wp-content\/uploads\/2018\/11\/Banner-Thaty-Aulas-new-p.png\" alt=\"\"  width=\"120\" height=\"120\"   \/><\/a><\/div><div id=\"clube-2543543357\" style=\"margin-top: 2px;margin-right: 2px;margin-bottom: 2px;margin-left: 2px;float: right;\"><a href=\"https:\/\/harasfunchal.com.br\/\" target=\"_blank\" aria-label=\"Onde hospedar (estabular) seu cavalo\"><img src=\"https:\/\/clubedohipismo.com.br\/home\/wp-content\/uploads\/2018\/11\/Banner-Funchal-p.png\" alt=\"Onde hospedar (estabular) seu cavalo\"  width=\"120\" height=\"120\"   \/><\/a><\/div><div id=\"clube-1436939533\" style=\"margin-top: 2px;margin-right: 2px;margin-bottom: 2px;margin-left: 2px;float: right;\"><a href=\"https:\/\/mav.tec.br\/kyc\/\" target=\"_blank\" aria-label=\"kyc banner clube\"><img src=\"https:\/\/clubedohipismo.com.br\/home\/wp-content\/uploads\/2018\/12\/kyc-banner-clube.png\" alt=\"\"  width=\"120\" height=\"120\"   \/><\/a><\/div><div id=\"clube-109311480\" style=\"margin-top: 2px;margin-right: 2px;margin-bottom: 2px;margin-left: 2px;float: right;\"><a href=\"https:\/\/www.ev.bemav.com.br\/\" target=\"_blank\" aria-label=\"EV\"><img src=\"https:\/\/clubedohipismo.com.br\/home\/wp-content\/uploads\/2018\/12\/EV.png\" alt=\"\"  width=\"120\" height=\"120\"   \/><\/a><\/div><div id=\"clube-2255564417\" style=\"margin-top: 2px;margin-right: 2px;margin-bottom: 2px;margin-left: 2px;float: right;\"><a href=\"http:\/\/arybotas.com.br\/\" target=\"_blank\" aria-label=\"Banner AryBotas p\"><img src=\"https:\/\/clubedohipismo.com.br\/home\/wp-content\/uploads\/2018\/11\/Banner-AryBotas-p.png\" alt=\"\"  width=\"120\" height=\"120\"   \/><\/a><\/div><\/div>","protected":false},"excerpt":{"rendered":"<p>Comecei a montar muito tarde, mas antes tarde do que nunca, por volta dos meus 48 anos, portanto monto a 13. Como uma crian\u00e7a, ganhei meu cavalo e descobri o quanto \u00e9 importante a amizade que constru\u00edmos.<\/p>\n","protected":false},"author":2,"featured_media":0,"comment_status":"closed","ping_status":"closed","sticky":false,"template":"","format":"standard","meta":{"sfsi_plus_gutenberg_text_before_share":"","sfsi_plus_gutenberg_show_text_before_share":"","sfsi_plus_gutenberg_icon_type":"","sfsi_plus_gutenberg_icon_alignemt":"","sfsi_plus_gutenburg_max_per_row":"","footnotes":""},"categories":[65,6],"tags":[3,8],"class_list":["post-3688","post","type-post","status-publish","format-standard","hentry","category-historias-experiencias-cavalo","category-dicas-e-noticias","tag-cavalo","tag-manejo"],"yoast_head":"<!-- This site is optimized with the Yoast SEO plugin v27.4 - https:\/\/yoast.com\/product\/yoast-seo-wordpress\/ -->\n<title>Ora\u00e7\u00e3o ao cavalo, um animal fant\u00e1stico que aprendi a admirar - Clube do Hipismo<\/title>\n<meta name=\"description\" content=\"Comecei a montar muito tarde, mas antes tarde do que nunca, por volta dos meus 48 anos, portanto monto a 13. Como uma crian\u00e7a, ganhei meu cavalo\" \/>\n<meta name=\"robots\" content=\"index, follow, max-snippet:-1, max-image-preview:large, max-video-preview:-1\" \/>\n<link rel=\"canonical\" href=\"https:\/\/clubedohipismo.com.br\/home\/2018\/12\/29\/oracao-ao-cavalo\/\" \/>\n<meta property=\"og:locale\" content=\"pt_BR\" \/>\n<meta property=\"og:type\" content=\"article\" \/>\n<meta property=\"og:title\" content=\"Ora\u00e7\u00e3o ao cavalo, um animal fant\u00e1stico que aprendi a admirar - Clube do Hipismo\" \/>\n<meta property=\"og:description\" content=\"Comecei a montar muito tarde, mas antes tarde do que nunca, por volta dos meus 48 anos, portanto monto a 13. Como uma crian\u00e7a, ganhei meu cavalo\" \/>\n<meta property=\"og:url\" content=\"https:\/\/clubedohipismo.com.br\/home\/2018\/12\/29\/oracao-ao-cavalo\/\" \/>\n<meta property=\"og:site_name\" content=\"Clube do Hipismo\" \/>\n<meta property=\"article:published_time\" content=\"2018-12-29T11:27:56+00:00\" \/>\n<meta property=\"article:modified_time\" content=\"2020-08-18T17:54:47+00:00\" \/>\n<meta property=\"og:image\" content=\"https:\/\/clubedohipismo.com.br\/home\/wp-content\/uploads\/2018\/12\/Vergano-Marumby-TMV.jpg\" \/>\n<meta name=\"author\" content=\"Marco Vidal\" \/>\n<meta name=\"twitter:card\" content=\"summary_large_image\" \/>\n<meta name=\"twitter:label1\" content=\"Escrito por\" \/>\n\t<meta name=\"twitter:data1\" content=\"Marco Vidal\" \/>\n\t<meta name=\"twitter:label2\" content=\"Est. tempo de leitura\" \/>\n\t<meta name=\"twitter:data2\" content=\"2 minutos\" \/>\n<script type=\"application\/ld+json\" class=\"yoast-schema-graph\">{\"@context\":\"https:\\\/\\\/schema.org\",\"@graph\":[{\"@type\":\"Article\",\"@id\":\"https:\\\/\\\/clubedohipismo.com.br\\\/home\\\/2018\\\/12\\\/29\\\/oracao-ao-cavalo\\\/#article\",\"isPartOf\":{\"@id\":\"https:\\\/\\\/clubedohipismo.com.br\\\/home\\\/2018\\\/12\\\/29\\\/oracao-ao-cavalo\\\/\"},\"author\":{\"name\":\"Marco Vidal\",\"@id\":\"https:\\\/\\\/clubedohipismo.com.br\\\/home\\\/#\\\/schema\\\/person\\\/02a1be4ce15daab4ed7b2fd71bf47143\"},\"headline\":\"Ora\u00e7\u00e3o ao cavalo, um animal fant\u00e1stico que aprendi a admirar\",\"datePublished\":\"2018-12-29T11:27:56+00:00\",\"dateModified\":\"2020-08-18T17:54:47+00:00\",\"mainEntityOfPage\":{\"@id\":\"https:\\\/\\\/clubedohipismo.com.br\\\/home\\\/2018\\\/12\\\/29\\\/oracao-ao-cavalo\\\/\"},\"wordCount\":415,\"publisher\":{\"@id\":\"https:\\\/\\\/clubedohipismo.com.br\\\/home\\\/#organization\"},\"image\":{\"@id\":\"https:\\\/\\\/clubedohipismo.com.br\\\/home\\\/2018\\\/12\\\/29\\\/oracao-ao-cavalo\\\/#primaryimage\"},\"thumbnailUrl\":\"https:\\\/\\\/clubedohipismo.com.br\\\/home\\\/wp-content\\\/uploads\\\/2018\\\/12\\\/Vergano-Marumby-TMV.jpg\",\"keywords\":[\"cavalo\",\"manejo\"],\"articleSection\":[\"Dicas de um leigo\",\"Dicas e not\u00edcias\"],\"inLanguage\":\"pt-BR\"},{\"@type\":\"WebPage\",\"@id\":\"https:\\\/\\\/clubedohipismo.com.br\\\/home\\\/2018\\\/12\\\/29\\\/oracao-ao-cavalo\\\/\",\"url\":\"https:\\\/\\\/clubedohipismo.com.br\\\/home\\\/2018\\\/12\\\/29\\\/oracao-ao-cavalo\\\/\",\"name\":\"Ora\u00e7\u00e3o ao cavalo, um animal fant\u00e1stico que aprendi a admirar - Clube do Hipismo\",\"isPartOf\":{\"@id\":\"https:\\\/\\\/clubedohipismo.com.br\\\/home\\\/#website\"},\"primaryImageOfPage\":{\"@id\":\"https:\\\/\\\/clubedohipismo.com.br\\\/home\\\/2018\\\/12\\\/29\\\/oracao-ao-cavalo\\\/#primaryimage\"},\"image\":{\"@id\":\"https:\\\/\\\/clubedohipismo.com.br\\\/home\\\/2018\\\/12\\\/29\\\/oracao-ao-cavalo\\\/#primaryimage\"},\"thumbnailUrl\":\"https:\\\/\\\/clubedohipismo.com.br\\\/home\\\/wp-content\\\/uploads\\\/2018\\\/12\\\/Vergano-Marumby-TMV.jpg\",\"datePublished\":\"2018-12-29T11:27:56+00:00\",\"dateModified\":\"2020-08-18T17:54:47+00:00\",\"description\":\"Comecei a montar muito tarde, mas antes tarde do que nunca, por volta dos meus 48 anos, portanto monto a 13. Como uma crian\u00e7a, ganhei meu cavalo\",\"breadcrumb\":{\"@id\":\"https:\\\/\\\/clubedohipismo.com.br\\\/home\\\/2018\\\/12\\\/29\\\/oracao-ao-cavalo\\\/#breadcrumb\"},\"inLanguage\":\"pt-BR\",\"potentialAction\":[{\"@type\":\"ReadAction\",\"target\":[\"https:\\\/\\\/clubedohipismo.com.br\\\/home\\\/2018\\\/12\\\/29\\\/oracao-ao-cavalo\\\/\"]}]},{\"@type\":\"ImageObject\",\"inLanguage\":\"pt-BR\",\"@id\":\"https:\\\/\\\/clubedohipismo.com.br\\\/home\\\/2018\\\/12\\\/29\\\/oracao-ao-cavalo\\\/#primaryimage\",\"url\":\"https:\\\/\\\/clubedohipismo.com.br\\\/home\\\/wp-content\\\/uploads\\\/2018\\\/12\\\/Vergano-Marumby-TMV.jpg\",\"contentUrl\":\"https:\\\/\\\/clubedohipismo.com.br\\\/home\\\/wp-content\\\/uploads\\\/2018\\\/12\\\/Vergano-Marumby-TMV.jpg\"},{\"@type\":\"BreadcrumbList\",\"@id\":\"https:\\\/\\\/clubedohipismo.com.br\\\/home\\\/2018\\\/12\\\/29\\\/oracao-ao-cavalo\\\/#breadcrumb\",\"itemListElement\":[{\"@type\":\"ListItem\",\"position\":1,\"name\":\"In\u00edcio\",\"item\":\"https:\\\/\\\/clubedohipismo.com.br\\\/home\\\/\"},{\"@type\":\"ListItem\",\"position\":2,\"name\":\"Ora\u00e7\u00e3o ao cavalo, um animal fant\u00e1stico que aprendi a admirar\"}]},{\"@type\":\"WebSite\",\"@id\":\"https:\\\/\\\/clubedohipismo.com.br\\\/home\\\/#website\",\"url\":\"https:\\\/\\\/clubedohipismo.com.br\\\/home\\\/\",\"name\":\"Clube do Hipismo\",\"description\":\"Not\u00edcias do mundo do cavalo\",\"publisher\":{\"@id\":\"https:\\\/\\\/clubedohipismo.com.br\\\/home\\\/#organization\"},\"potentialAction\":[{\"@type\":\"SearchAction\",\"target\":{\"@type\":\"EntryPoint\",\"urlTemplate\":\"https:\\\/\\\/clubedohipismo.com.br\\\/home\\\/?s={search_term_string}\"},\"query-input\":{\"@type\":\"PropertyValueSpecification\",\"valueRequired\":true,\"valueName\":\"search_term_string\"}}],\"inLanguage\":\"pt-BR\"},{\"@type\":\"Organization\",\"@id\":\"https:\\\/\\\/clubedohipismo.com.br\\\/home\\\/#organization\",\"name\":\"Clube do Hipismo\",\"url\":\"https:\\\/\\\/clubedohipismo.com.br\\\/home\\\/\",\"logo\":{\"@type\":\"ImageObject\",\"inLanguage\":\"pt-BR\",\"@id\":\"https:\\\/\\\/clubedohipismo.com.br\\\/home\\\/#\\\/schema\\\/logo\\\/image\\\/\",\"url\":\"https:\\\/\\\/clubedohipismo.com.br\\\/home\\\/wp-content\\\/uploads\\\/2018\\\/03\\\/clube-ch-dourado-wp-logo.png\",\"contentUrl\":\"https:\\\/\\\/clubedohipismo.com.br\\\/home\\\/wp-content\\\/uploads\\\/2018\\\/03\\\/clube-ch-dourado-wp-logo.png\",\"width\":512,\"height\":512,\"caption\":\"Clube do Hipismo\"},\"image\":{\"@id\":\"https:\\\/\\\/clubedohipismo.com.br\\\/home\\\/#\\\/schema\\\/logo\\\/image\\\/\"}},{\"@type\":\"Person\",\"@id\":\"https:\\\/\\\/clubedohipismo.com.br\\\/home\\\/#\\\/schema\\\/person\\\/02a1be4ce15daab4ed7b2fd71bf47143\",\"name\":\"Marco Vidal\",\"url\":\"https:\\\/\\\/clubedohipismo.com.br\\\/home\\\/author\\\/vergano\\\/\"}]}<\/script>\n<!-- \/ Yoast SEO plugin. -->","yoast_head_json":{"title":"Ora\u00e7\u00e3o ao cavalo, um animal fant\u00e1stico que aprendi a admirar - Clube do Hipismo","description":"Comecei a montar muito tarde, mas antes tarde do que nunca, por volta dos meus 48 anos, portanto monto a 13. Como uma crian\u00e7a, ganhei meu cavalo","robots":{"index":"index","follow":"follow","max-snippet":"max-snippet:-1","max-image-preview":"max-image-preview:large","max-video-preview":"max-video-preview:-1"},"canonical":"https:\/\/clubedohipismo.com.br\/home\/2018\/12\/29\/oracao-ao-cavalo\/","og_locale":"pt_BR","og_type":"article","og_title":"Ora\u00e7\u00e3o ao cavalo, um animal fant\u00e1stico que aprendi a admirar - Clube do Hipismo","og_description":"Comecei a montar muito tarde, mas antes tarde do que nunca, por volta dos meus 48 anos, portanto monto a 13. Como uma crian\u00e7a, ganhei meu cavalo","og_url":"https:\/\/clubedohipismo.com.br\/home\/2018\/12\/29\/oracao-ao-cavalo\/","og_site_name":"Clube do Hipismo","article_published_time":"2018-12-29T11:27:56+00:00","article_modified_time":"2020-08-18T17:54:47+00:00","og_image":[{"url":"https:\/\/clubedohipismo.com.br\/home\/wp-content\/uploads\/2018\/12\/Vergano-Marumby-TMV.jpg","type":"","width":"","height":""}],"author":"Marco Vidal","twitter_card":"summary_large_image","twitter_misc":{"Escrito por":"Marco Vidal","Est. tempo de leitura":"2 minutos"},"schema":{"@context":"https:\/\/schema.org","@graph":[{"@type":"Article","@id":"https:\/\/clubedohipismo.com.br\/home\/2018\/12\/29\/oracao-ao-cavalo\/#article","isPartOf":{"@id":"https:\/\/clubedohipismo.com.br\/home\/2018\/12\/29\/oracao-ao-cavalo\/"},"author":{"name":"Marco Vidal","@id":"https:\/\/clubedohipismo.com.br\/home\/#\/schema\/person\/02a1be4ce15daab4ed7b2fd71bf47143"},"headline":"Ora\u00e7\u00e3o ao cavalo, um animal fant\u00e1stico que aprendi a admirar","datePublished":"2018-12-29T11:27:56+00:00","dateModified":"2020-08-18T17:54:47+00:00","mainEntityOfPage":{"@id":"https:\/\/clubedohipismo.com.br\/home\/2018\/12\/29\/oracao-ao-cavalo\/"},"wordCount":415,"publisher":{"@id":"https:\/\/clubedohipismo.com.br\/home\/#organization"},"image":{"@id":"https:\/\/clubedohipismo.com.br\/home\/2018\/12\/29\/oracao-ao-cavalo\/#primaryimage"},"thumbnailUrl":"https:\/\/clubedohipismo.com.br\/home\/wp-content\/uploads\/2018\/12\/Vergano-Marumby-TMV.jpg","keywords":["cavalo","manejo"],"articleSection":["Dicas de um leigo","Dicas e not\u00edcias"],"inLanguage":"pt-BR"},{"@type":"WebPage","@id":"https:\/\/clubedohipismo.com.br\/home\/2018\/12\/29\/oracao-ao-cavalo\/","url":"https:\/\/clubedohipismo.com.br\/home\/2018\/12\/29\/oracao-ao-cavalo\/","name":"Ora\u00e7\u00e3o ao cavalo, um animal fant\u00e1stico que aprendi a admirar - Clube do Hipismo","isPartOf":{"@id":"https:\/\/clubedohipismo.com.br\/home\/#website"},"primaryImageOfPage":{"@id":"https:\/\/clubedohipismo.com.br\/home\/2018\/12\/29\/oracao-ao-cavalo\/#primaryimage"},"image":{"@id":"https:\/\/clubedohipismo.com.br\/home\/2018\/12\/29\/oracao-ao-cavalo\/#primaryimage"},"thumbnailUrl":"https:\/\/clubedohipismo.com.br\/home\/wp-content\/uploads\/2018\/12\/Vergano-Marumby-TMV.jpg","datePublished":"2018-12-29T11:27:56+00:00","dateModified":"2020-08-18T17:54:47+00:00","description":"Comecei a montar muito tarde, mas antes tarde do que nunca, por volta dos meus 48 anos, portanto monto a 13. Como uma crian\u00e7a, ganhei meu cavalo","breadcrumb":{"@id":"https:\/\/clubedohipismo.com.br\/home\/2018\/12\/29\/oracao-ao-cavalo\/#breadcrumb"},"inLanguage":"pt-BR","potentialAction":[{"@type":"ReadAction","target":["https:\/\/clubedohipismo.com.br\/home\/2018\/12\/29\/oracao-ao-cavalo\/"]}]},{"@type":"ImageObject","inLanguage":"pt-BR","@id":"https:\/\/clubedohipismo.com.br\/home\/2018\/12\/29\/oracao-ao-cavalo\/#primaryimage","url":"https:\/\/clubedohipismo.com.br\/home\/wp-content\/uploads\/2018\/12\/Vergano-Marumby-TMV.jpg","contentUrl":"https:\/\/clubedohipismo.com.br\/home\/wp-content\/uploads\/2018\/12\/Vergano-Marumby-TMV.jpg"},{"@type":"BreadcrumbList","@id":"https:\/\/clubedohipismo.com.br\/home\/2018\/12\/29\/oracao-ao-cavalo\/#breadcrumb","itemListElement":[{"@type":"ListItem","position":1,"name":"In\u00edcio","item":"https:\/\/clubedohipismo.com.br\/home\/"},{"@type":"ListItem","position":2,"name":"Ora\u00e7\u00e3o ao cavalo, um animal fant\u00e1stico que aprendi a admirar"}]},{"@type":"WebSite","@id":"https:\/\/clubedohipismo.com.br\/home\/#website","url":"https:\/\/clubedohipismo.com.br\/home\/","name":"Clube do Hipismo","description":"Not\u00edcias do mundo do cavalo","publisher":{"@id":"https:\/\/clubedohipismo.com.br\/home\/#organization"},"potentialAction":[{"@type":"SearchAction","target":{"@type":"EntryPoint","urlTemplate":"https:\/\/clubedohipismo.com.br\/home\/?s={search_term_string}"},"query-input":{"@type":"PropertyValueSpecification","valueRequired":true,"valueName":"search_term_string"}}],"inLanguage":"pt-BR"},{"@type":"Organization","@id":"https:\/\/clubedohipismo.com.br\/home\/#organization","name":"Clube do Hipismo","url":"https:\/\/clubedohipismo.com.br\/home\/","logo":{"@type":"ImageObject","inLanguage":"pt-BR","@id":"https:\/\/clubedohipismo.com.br\/home\/#\/schema\/logo\/image\/","url":"https:\/\/clubedohipismo.com.br\/home\/wp-content\/uploads\/2018\/03\/clube-ch-dourado-wp-logo.png","contentUrl":"https:\/\/clubedohipismo.com.br\/home\/wp-content\/uploads\/2018\/03\/clube-ch-dourado-wp-logo.png","width":512,"height":512,"caption":"Clube do Hipismo"},"image":{"@id":"https:\/\/clubedohipismo.com.br\/home\/#\/schema\/logo\/image\/"}},{"@type":"Person","@id":"https:\/\/clubedohipismo.com.br\/home\/#\/schema\/person\/02a1be4ce15daab4ed7b2fd71bf47143","name":"Marco Vidal","url":"https:\/\/clubedohipismo.com.br\/home\/author\/vergano\/"}]}},"rttpg_featured_image_url":null,"rttpg_author":{"display_name":"Marco Vidal","author_link":"https:\/\/clubedohipismo.com.br\/home\/author\/vergano\/"},"rttpg_comment":0,"rttpg_category":"<a href=\"https:\/\/clubedohipismo.com.br\/home\/category\/artigos\/historias-experiencias-cavalo\/\" rel=\"category tag\">Dicas de um leigo<\/a> <a href=\"https:\/\/clubedohipismo.com.br\/home\/category\/artigos\/dicas-e-noticias\/\" rel=\"category tag\">Dicas e not\u00edcias<\/a>","rttpg_excerpt":"Comecei a montar muito tarde, mas antes tarde do que nunca, por volta dos meus 48 anos, portanto monto a 13. Como uma crian\u00e7a, ganhei meu cavalo e descobri o quanto \u00e9 importante a amizade que constru\u00edmos.","_links":{"self":[{"href":"https:\/\/clubedohipismo.com.br\/home\/wp-json\/wp\/v2\/posts\/3688","targetHints":{"allow":["GET"]}}],"collection":[{"href":"https:\/\/clubedohipismo.com.br\/home\/wp-json\/wp\/v2\/posts"}],"about":[{"href":"https:\/\/clubedohipismo.com.br\/home\/wp-json\/wp\/v2\/types\/post"}],"author":[{"embeddable":true,"href":"https:\/\/clubedohipismo.com.br\/home\/wp-json\/wp\/v2\/users\/2"}],"replies":[{"embeddable":true,"href":"https:\/\/clubedohipismo.com.br\/home\/wp-json\/wp\/v2\/comments?post=3688"}],"version-history":[{"count":0,"href":"https:\/\/clubedohipismo.com.br\/home\/wp-json\/wp\/v2\/posts\/3688\/revisions"}],"wp:attachment":[{"href":"https:\/\/clubedohipismo.com.br\/home\/wp-json\/wp\/v2\/media?parent=3688"}],"wp:term":[{"taxonomy":"category","embeddable":true,"href":"https:\/\/clubedohipismo.com.br\/home\/wp-json\/wp\/v2\/categories?post=3688"},{"taxonomy":"post_tag","embeddable":true,"href":"https:\/\/clubedohipismo.com.br\/home\/wp-json\/wp\/v2\/tags?post=3688"}],"curies":[{"name":"wp","href":"https:\/\/api.w.org\/{rel}","templated":true}]}}