{"id":3616,"date":"2018-12-14T09:34:33","date_gmt":"2018-12-14T11:34:33","guid":{"rendered":"https:\/\/clubedohipismo.com.br\/home\/?p=3616"},"modified":"2018-12-14T09:34:33","modified_gmt":"2018-12-14T11:34:33","slug":"os-cavalos-tem-memoria-muscular","status":"publish","type":"post","link":"https:\/\/clubedohipismo.com.br\/home\/2018\/12\/14\/os-cavalos-tem-memoria-muscular\/","title":{"rendered":"Os cavalos t\u00eam mem\u00f3ria muscular?"},"content":{"rendered":"<div id=\"clube-2605093460\" class=\"clube-amp clube-entity-placement\" style=\"margin-left: auto;margin-right: auto;text-align: center;\"><script async src=\"\/\/pagead2.googlesyndication.com\/pagead\/js\/adsbygoogle.js?client=ca-pub-6364990823171596\" crossorigin=\"anonymous\"><\/script><ins class=\"adsbygoogle\" style=\"display:block;\" data-ad-client=\"ca-pub-6364990823171596\" \ndata-ad-slot=\"\" \ndata-ad-format=\"auto\"><\/ins>\n<script> \n(adsbygoogle = window.adsbygoogle || []).push({}); \n<\/script>\n<\/div><p><span>Esp\u00e9cies e indiv\u00edduos diferem em seu potencial gen\u00e9tico para movimentos r\u00e1pidos e coordenados.\u00a0Como os cavalos se comparam aos humanos?<\/span><!--more--><\/p>\n<p><a href=\"https:\/\/thehorse.com\/163987\/do-horses-have-muscle-memory\/\" target=\"_blank\" rel=\"noopener noreferrer\">Fonte: The HORSE, tradu\u00e7\u00e3o Google, clique aqui e veja a mat\u00e9ria original<\/a><\/p>\n<p><span class=\"dropText\"><span>Pergunta<\/span><\/span><span>: Estou buscando uma s\u00e9rie de perguntas provocadas por uma cita\u00e7\u00e3o: \u201cM\u00fasicos devem praticar at\u00e9 que a mem\u00f3ria muscular se instale, at\u00e9 que o c\u00e9rebro esteja livre para esquecer, mas o corpo ainda se lembra claramente.\u201d O que isso tem a ver com cavalos, voc\u00ea pergunta?<\/span><\/p>\n<p><span>Os cavalos t\u00eam mem\u00f3ria muscular?\u00a0Eles poderiam ter uma mem\u00f3ria muscular mais r\u00e1pida e melhor do que os humanos?\u00a0Isso ajudaria a explicar por que a repeti\u00e7\u00e3o constante pode realmente reverter o progresso?\u00a0Seria vantajoso para uma presa ter a mem\u00f3ria mais r\u00e1pida?\u00a0E isso ajuda o humano a lembrar disso quando estiver trabalhando com cavalos?\u00a0Eu encontrei artigos e opini\u00f5es de mem\u00f3ria muscular no cavaleiro, mas nada de nota para o cavalo.<\/span><\/p>\n<p><em><span>-Via email<\/span><\/em><\/p>\n<p><span class=\"dropText\"><span>A.<\/span><\/span><span>O termo \u201cmem\u00f3ria muscular\u201d refere-se popularmente \u00e0 seq\u00fc\u00eancia quase autom\u00e1tica e fluida de a\u00e7\u00f5es que servem a um prop\u00f3sito, como tocar um instrumento ou executar uma manobra atl\u00e9tica complexa.\u00a0Mas o termo \u00e9 enganador porque os m\u00fasculos n\u00e3o t\u00eam mem\u00f3rias e o c\u00e9rebro n\u00e3o se esqueceu.\u00a0Esses movimentos r\u00e1pidos e eficientes resultantes da pr\u00e1tica s\u00e3o mem\u00f3rias processuais armazenadas em \u00e1reas do c\u00e9rebro que operam fora da percep\u00e7\u00e3o consciente.<\/span><\/p>\n<h2><span>Qual \u00e9 o efeito da pr\u00e1tica?<\/span><\/h2>\n<p><span>Quando uma nova habilidade motora ou sequ\u00eancia \u00e9 tentada pela primeira vez, ela requer aten\u00e7\u00e3o consciente e feedback sens\u00f3rio-motor sobre os movimentos que levam a um resultado desejado.\u00a0Quando o comportamento \u00e9 repetido, a sequ\u00eancia de a\u00e7\u00f5es torna-se inconsciente e autom\u00e1tica, liberando a aten\u00e7\u00e3o para aprender outra coisa enquanto executa a a\u00e7\u00e3o sem falhas.<\/span><\/p>\n<p><span>N\u00e3o podemos conhecer o estado de conscientiza\u00e7\u00e3o de um animal, mas podemos monitorar sua aten\u00e7\u00e3o e tempo de rea\u00e7\u00e3o.\u00a0Sua pergunta \u00e9 sobre\u00a0<\/span><a href=\"https:\/\/thehorse.com\/138474\/how-horses-learn\/\"><span>cavalos e seu progresso durante o treinamento<\/span><\/a><span>\u00a0, mas os mesmos princ\u00edpios se aplicam em outros animais e situa\u00e7\u00f5es.\u00a0Por exemplo, ratos de laborat\u00f3rio aprendem a completar um labirinto por tentativa e erro, finalmente alcan\u00e7ando a caixa de meta com comida.\u00a0A princ\u00edpio, o rato \u00e9 lento e comete muitos erros &#8211; um processo de esfor\u00e7o que requer aprendizado expl\u00edcito.\u00a0Depois de praticar a sequ\u00eancia de voltas direita e esquerda v\u00e1rias vezes, o rato aprende a correr o labirinto rapidamente, sem esfor\u00e7o, automaticamente e aparentemente inconscientemente.\u00a0Nesse ponto, a mem\u00f3ria impl\u00edcita (procedural) est\u00e1 em a\u00e7\u00e3o.\u00a0Embora esse processo seja frequentemente vantajoso no treinamento, uma vez iniciado, a sequ\u00eancia de comportamento pode ser dif\u00edcil de interromper ou alterar.<\/span><\/p>\n<p><span>O termo \u201caprendizado de h\u00e1bito\u201d \u00e9 outra maneira pela qual a pr\u00e1tica pode afetar alguns dos comportamentos aos quais sua pergunta se refere.\u00a0O h\u00e1bito \u00e9 um comportamento reflexivo, provocado por est\u00edmulos antecedentes, e n\u00e3o controlado por conseq\u00fc\u00eancias.\u00a0H\u00e1bitos s\u00e3o\u00a0<\/span><a href=\"https:\/\/thehorse.com\/topics\/horse-care\/behavior-handling\/horsemanship-science\/\"><span>aprendidos atrav\u00e9s de experi\u00eancias repetidas<\/span><\/a><span>\u00a0e podem se tornar fixos e inflex\u00edveis.\u00a0O tempo de rea\u00e7\u00e3o inclui o tempo necess\u00e1rio para iniciar uma resposta e concluir uma sequ\u00eancia de comportamento.\u00a0Em muitos casos de aprendizado em sequ\u00eancia, o animal fica mais lento para iniciar a a\u00e7\u00e3o, mas mais r\u00e1pido para completar a sequ\u00eancia, e esse padr\u00e3o \u00e9 caracter\u00edstico da aprendizagem do h\u00e1bito.<\/span><\/p>\n<figure id=\"attachment_3617\" aria-describedby=\"caption-attachment-3617\" style=\"width: 300px\" class=\"wp-caption alignleft\"><a href=\"https:\/\/clubedohipismo.com.br\/home\/wp-content\/uploads\/2018\/12\/Os-cavalos-t\u00eam-mem\u00f3ria-muscular-Thaty-Vidal-e-Biscoito-TMV-e1544787168774.jpg\"><img  title=\"\" fetchpriority=\"high\" decoding=\"async\" class=\"size-medium wp-image-3617\" style=\"border-width: 5px; border-style: ridge;\" src=\"https:\/\/clubedohipismo.com.br\/home\/wp-content\/uploads\/2018\/12\/Os-cavalos-t\u00eam-mem\u00f3ria-muscular-Thaty-Vidal-e-Biscoito-TMV-300x225.jpg\"  alt=\"Os-cavalos-t\u00eam-mem\u00f3ria-muscular-Thaty-Vidal-e-Biscoito-TMV-300x225 Os cavalos t\u00eam mem\u00f3ria muscular?\"  width=\"300\" height=\"225\" \/><\/a><figcaption id=\"caption-attachment-3617\" class=\"wp-caption-text\">Cavalos tem mem\u00f3ria muscular, Thaty Vidal e Biscoito TMV<\/figcaption><\/figure>\n<h2>Cavalos ou humanos s\u00e3o mais r\u00e1pidos?<\/h2>\n<p><span>Esp\u00e9cies e indiv\u00edduos diferem em seu potencial gen\u00e9tico para movimentos r\u00e1pidos e coordenados, qu\u00e3o fortes e flex\u00edveis s\u00e3o seus m\u00fasculos e sua capacidade de aprender certas coisas.\u00a0Cavalos podem muito bem ser mais r\u00e1pidos que humanos em situa\u00e7\u00f5es t\u00edpicas de treinamento.<\/span><\/p>\n<p><span>Primeiro, os cavalos s\u00e3o geralmente mais fortes e mais r\u00e1pidos que as pessoas.\u00a0Segundo, se a fuga do cavalo \u00e9 ao mesmo tempo eficaz e praticada, a sequ\u00eancia de a\u00e7\u00e3o pode se tornar muito r\u00e1pida;\u00a0o cavalo aprenderia a antecipar a amea\u00e7a e a resposta se tornaria inconsciente e autom\u00e1tica.\u00a0Terceiro, as pessoas geralmente se aproximam dos cavalos e, dependendo da pessoa e da situa\u00e7\u00e3o, podem ser percebidas como uma amea\u00e7a em potencial, o que poderia desencadear uma sequ\u00eancia de a\u00e7\u00e3o de fuga.\u00a0Em contraste, o treinador normalmente n\u00e3o percebe o cavalo como uma amea\u00e7a.<\/span><\/p>\n<p><span>Cavalos tamb\u00e9m podem estar preparados para prestar aten\u00e7\u00e3o a amea\u00e7as potenciais e tomar a\u00e7\u00f5es defensivas r\u00e1pidas.\u00a0Algumas presas parecem ser particularmente sens\u00edveis a objetos \u201ciminentes\u201d (que se aproximam) que s\u00e3o percebidos como perigosos.\u00a0Os seres humanos tamb\u00e9m mostram um vi\u00e9s perceptual para amea\u00e7as;\u00a0as pessoas s\u00e3o mais r\u00e1pidas em detectar e prestar aten\u00e7\u00e3o a imagens de cobras do que de outras criaturas que n\u00e3o representam perigo, como p\u00e1ssaros, gatos e peixes.<\/span><\/p>\n<p><span>Aprendizagem processual e mem\u00f3ria de seq\u00fc\u00eancias motoras tem sido estudada por psic\u00f3logos cognitivos e neurocientistas.\u00a0N\u00e3o tenho conhecimento de nenhum estudo publicado sobre esse assunto em cavalos, mas seria um t\u00f3pico de pesquisa interessante!<\/span><\/p>\n<div class=\"post-meta vcard\"><\/div>\n<p>Views: 39<\/p><div class=\"clube-centro clube-entity-placement\" style=\"text-align: center;\" id=\"clube-2540853265\"><div id=\"clube-1673652687\" style=\"margin-top: 2px;margin-right: 2px;margin-bottom: 2px;margin-left: 2px;float: right;\"><a href=\"https:\/\/mav.tec.br\/kyc\/\" target=\"_blank\" aria-label=\"kyc banner clube\"><img src=\"https:\/\/clubedohipismo.com.br\/home\/wp-content\/uploads\/2018\/12\/kyc-banner-clube.png\" alt=\"\"  width=\"120\" height=\"120\"   \/><\/a><\/div><div id=\"clube-1755251330\" style=\"margin-top: 2px;margin-right: 2px;margin-bottom: 2px;margin-left: 2px;float: right;\"><a href=\"https:\/\/aulasdeequitacao.com.br\/home\/\" target=\"_blank\" aria-label=\"Banner Thaty Aulas new p\"><img src=\"https:\/\/clubedohipismo.com.br\/home\/wp-content\/uploads\/2018\/11\/Banner-Thaty-Aulas-new-p.png\" alt=\"\"  width=\"120\" height=\"120\"   \/><\/a><\/div><div id=\"clube-4077732035\" style=\"margin-top: 2px;margin-right: 2px;margin-bottom: 2px;margin-left: 2px;float: right;\"><a href=\"https:\/\/harasfunchal.com.br\/\" target=\"_blank\" aria-label=\"Onde hospedar (estabular) seu cavalo\"><img src=\"https:\/\/clubedohipismo.com.br\/home\/wp-content\/uploads\/2018\/11\/Banner-Funchal-p.png\" alt=\"Onde hospedar (estabular) seu cavalo\"  width=\"120\" height=\"120\"   \/><\/a><\/div><div id=\"clube-3339087804\" style=\"margin-top: 2px;margin-right: 2px;margin-bottom: 2px;margin-left: 2px;float: right;\"><a href=\"https:\/\/www.ev.bemav.com.br\/\" target=\"_blank\" aria-label=\"EV\"><img src=\"https:\/\/clubedohipismo.com.br\/home\/wp-content\/uploads\/2018\/12\/EV.png\" alt=\"\"  width=\"120\" height=\"120\"   \/><\/a><\/div><div id=\"clube-1962910833\" style=\"margin-top: 2px;margin-right: 2px;margin-bottom: 2px;margin-left: 2px;float: right;\"><a href=\"http:\/\/arybotas.com.br\/\" target=\"_blank\" aria-label=\"Banner AryBotas p\"><img src=\"https:\/\/clubedohipismo.com.br\/home\/wp-content\/uploads\/2018\/11\/Banner-AryBotas-p.png\" alt=\"\"  width=\"120\" height=\"120\"   \/><\/a><\/div><\/div>","protected":false},"excerpt":{"rendered":"<p>Esp\u00e9cies e indiv\u00edduos diferem em seu potencial gen\u00e9tico para movimentos r\u00e1pidos e coordenados.\u00a0Como os cavalos se comparam aos humanos? Views: 39<\/p>\n","protected":false},"author":2,"featured_media":0,"comment_status":"closed","ping_status":"closed","sticky":false,"template":"","format":"standard","meta":{"sfsi_plus_gutenberg_text_before_share":"","sfsi_plus_gutenberg_show_text_before_share":"","sfsi_plus_gutenberg_icon_type":"","sfsi_plus_gutenberg_icon_alignemt":"","sfsi_plus_gutenburg_max_per_row":"","footnotes":""},"categories":[6],"tags":[8,9],"class_list":["post-3616","post","type-post","status-publish","format-standard","hentry","category-dicas-e-noticias","tag-manejo","tag-veterinario"],"yoast_head":"<!-- This site is optimized with the Yoast SEO plugin v27.5 - https:\/\/yoast.com\/product\/yoast-seo-wordpress\/ -->\n<title>Os cavalos t\u00eam mem\u00f3ria muscular? - Clube do Hipismo<\/title>\n<meta name=\"description\" content=\"Esp\u00e9cies e indiv\u00edduos diferem em seu potencial gen\u00e9tico para movimentos r\u00e1pidos e coordenados.\u00a0Como os cavalos se comparam aos humanos?\" \/>\n<meta name=\"robots\" content=\"index, follow, max-snippet:-1, max-image-preview:large, max-video-preview:-1\" \/>\n<link rel=\"canonical\" href=\"https:\/\/clubedohipismo.com.br\/home\/2018\/12\/14\/os-cavalos-tem-memoria-muscular\/\" \/>\n<meta property=\"og:locale\" content=\"pt_BR\" \/>\n<meta property=\"og:type\" content=\"article\" \/>\n<meta property=\"og:title\" content=\"Os cavalos t\u00eam mem\u00f3ria muscular? - Clube do Hipismo\" \/>\n<meta property=\"og:description\" content=\"Esp\u00e9cies e indiv\u00edduos diferem em seu potencial gen\u00e9tico para movimentos r\u00e1pidos e coordenados.\u00a0Como os cavalos se comparam aos humanos?\" \/>\n<meta property=\"og:url\" content=\"https:\/\/clubedohipismo.com.br\/home\/2018\/12\/14\/os-cavalos-tem-memoria-muscular\/\" \/>\n<meta property=\"og:site_name\" content=\"Clube do Hipismo\" \/>\n<meta property=\"article:published_time\" content=\"2018-12-14T11:34:33+00:00\" \/>\n<meta name=\"author\" content=\"Marco Vidal\" \/>\n<meta name=\"twitter:card\" content=\"summary_large_image\" \/>\n<meta name=\"twitter:label1\" content=\"Escrito por\" \/>\n\t<meta name=\"twitter:data1\" content=\"Marco Vidal\" \/>\n\t<meta name=\"twitter:label2\" content=\"Est. tempo de leitura\" \/>\n\t<meta name=\"twitter:data2\" content=\"5 minutos\" \/>\n<script type=\"application\/ld+json\" class=\"yoast-schema-graph\">{\"@context\":\"https:\\\/\\\/schema.org\",\"@graph\":[{\"@type\":\"Article\",\"@id\":\"https:\\\/\\\/clubedohipismo.com.br\\\/home\\\/2018\\\/12\\\/14\\\/os-cavalos-tem-memoria-muscular\\\/#article\",\"isPartOf\":{\"@id\":\"https:\\\/\\\/clubedohipismo.com.br\\\/home\\\/2018\\\/12\\\/14\\\/os-cavalos-tem-memoria-muscular\\\/\"},\"author\":{\"name\":\"Marco Vidal\",\"@id\":\"https:\\\/\\\/clubedohipismo.com.br\\\/home\\\/#\\\/schema\\\/person\\\/02a1be4ce15daab4ed7b2fd71bf47143\"},\"headline\":\"Os cavalos t\u00eam mem\u00f3ria muscular?\",\"datePublished\":\"2018-12-14T11:34:33+00:00\",\"mainEntityOfPage\":{\"@id\":\"https:\\\/\\\/clubedohipismo.com.br\\\/home\\\/2018\\\/12\\\/14\\\/os-cavalos-tem-memoria-muscular\\\/\"},\"wordCount\":920,\"publisher\":{\"@id\":\"https:\\\/\\\/clubedohipismo.com.br\\\/home\\\/#organization\"},\"keywords\":[\"manejo\",\"veterin\u00e1rio\"],\"articleSection\":[\"Dicas e not\u00edcias\"],\"inLanguage\":\"pt-BR\"},{\"@type\":\"WebPage\",\"@id\":\"https:\\\/\\\/clubedohipismo.com.br\\\/home\\\/2018\\\/12\\\/14\\\/os-cavalos-tem-memoria-muscular\\\/\",\"url\":\"https:\\\/\\\/clubedohipismo.com.br\\\/home\\\/2018\\\/12\\\/14\\\/os-cavalos-tem-memoria-muscular\\\/\",\"name\":\"Os cavalos t\u00eam mem\u00f3ria muscular? - Clube do Hipismo\",\"isPartOf\":{\"@id\":\"https:\\\/\\\/clubedohipismo.com.br\\\/home\\\/#website\"},\"datePublished\":\"2018-12-14T11:34:33+00:00\",\"description\":\"Esp\u00e9cies e indiv\u00edduos diferem em seu potencial gen\u00e9tico para movimentos r\u00e1pidos e coordenados.\u00a0Como os cavalos se comparam aos humanos?\",\"breadcrumb\":{\"@id\":\"https:\\\/\\\/clubedohipismo.com.br\\\/home\\\/2018\\\/12\\\/14\\\/os-cavalos-tem-memoria-muscular\\\/#breadcrumb\"},\"inLanguage\":\"pt-BR\",\"potentialAction\":[{\"@type\":\"ReadAction\",\"target\":[\"https:\\\/\\\/clubedohipismo.com.br\\\/home\\\/2018\\\/12\\\/14\\\/os-cavalos-tem-memoria-muscular\\\/\"]}]},{\"@type\":\"BreadcrumbList\",\"@id\":\"https:\\\/\\\/clubedohipismo.com.br\\\/home\\\/2018\\\/12\\\/14\\\/os-cavalos-tem-memoria-muscular\\\/#breadcrumb\",\"itemListElement\":[{\"@type\":\"ListItem\",\"position\":1,\"name\":\"In\u00edcio\",\"item\":\"https:\\\/\\\/clubedohipismo.com.br\\\/home\\\/\"},{\"@type\":\"ListItem\",\"position\":2,\"name\":\"Os cavalos t\u00eam mem\u00f3ria muscular?\"}]},{\"@type\":\"WebSite\",\"@id\":\"https:\\\/\\\/clubedohipismo.com.br\\\/home\\\/#website\",\"url\":\"https:\\\/\\\/clubedohipismo.com.br\\\/home\\\/\",\"name\":\"Clube do Hipismo\",\"description\":\"Not\u00edcias do mundo do cavalo\",\"publisher\":{\"@id\":\"https:\\\/\\\/clubedohipismo.com.br\\\/home\\\/#organization\"},\"potentialAction\":[{\"@type\":\"SearchAction\",\"target\":{\"@type\":\"EntryPoint\",\"urlTemplate\":\"https:\\\/\\\/clubedohipismo.com.br\\\/home\\\/?s={search_term_string}\"},\"query-input\":{\"@type\":\"PropertyValueSpecification\",\"valueRequired\":true,\"valueName\":\"search_term_string\"}}],\"inLanguage\":\"pt-BR\"},{\"@type\":\"Organization\",\"@id\":\"https:\\\/\\\/clubedohipismo.com.br\\\/home\\\/#organization\",\"name\":\"Clube do Hipismo\",\"url\":\"https:\\\/\\\/clubedohipismo.com.br\\\/home\\\/\",\"logo\":{\"@type\":\"ImageObject\",\"inLanguage\":\"pt-BR\",\"@id\":\"https:\\\/\\\/clubedohipismo.com.br\\\/home\\\/#\\\/schema\\\/logo\\\/image\\\/\",\"url\":\"https:\\\/\\\/clubedohipismo.com.br\\\/home\\\/wp-content\\\/uploads\\\/2018\\\/03\\\/clube-ch-dourado-wp-logo.png\",\"contentUrl\":\"https:\\\/\\\/clubedohipismo.com.br\\\/home\\\/wp-content\\\/uploads\\\/2018\\\/03\\\/clube-ch-dourado-wp-logo.png\",\"width\":512,\"height\":512,\"caption\":\"Clube do Hipismo\"},\"image\":{\"@id\":\"https:\\\/\\\/clubedohipismo.com.br\\\/home\\\/#\\\/schema\\\/logo\\\/image\\\/\"}},{\"@type\":\"Person\",\"@id\":\"https:\\\/\\\/clubedohipismo.com.br\\\/home\\\/#\\\/schema\\\/person\\\/02a1be4ce15daab4ed7b2fd71bf47143\",\"name\":\"Marco Vidal\",\"url\":\"https:\\\/\\\/clubedohipismo.com.br\\\/home\\\/author\\\/vergano\\\/\"}]}<\/script>\n<!-- \/ Yoast SEO plugin. -->","yoast_head_json":{"title":"Os cavalos t\u00eam mem\u00f3ria muscular? - Clube do Hipismo","description":"Esp\u00e9cies e indiv\u00edduos diferem em seu potencial gen\u00e9tico para movimentos r\u00e1pidos e coordenados.\u00a0Como os cavalos se comparam aos humanos?","robots":{"index":"index","follow":"follow","max-snippet":"max-snippet:-1","max-image-preview":"max-image-preview:large","max-video-preview":"max-video-preview:-1"},"canonical":"https:\/\/clubedohipismo.com.br\/home\/2018\/12\/14\/os-cavalos-tem-memoria-muscular\/","og_locale":"pt_BR","og_type":"article","og_title":"Os cavalos t\u00eam mem\u00f3ria muscular? - Clube do Hipismo","og_description":"Esp\u00e9cies e indiv\u00edduos diferem em seu potencial gen\u00e9tico para movimentos r\u00e1pidos e coordenados.\u00a0Como os cavalos se comparam aos humanos?","og_url":"https:\/\/clubedohipismo.com.br\/home\/2018\/12\/14\/os-cavalos-tem-memoria-muscular\/","og_site_name":"Clube do Hipismo","article_published_time":"2018-12-14T11:34:33+00:00","author":"Marco Vidal","twitter_card":"summary_large_image","twitter_misc":{"Escrito por":"Marco Vidal","Est. tempo de leitura":"5 minutos"},"schema":{"@context":"https:\/\/schema.org","@graph":[{"@type":"Article","@id":"https:\/\/clubedohipismo.com.br\/home\/2018\/12\/14\/os-cavalos-tem-memoria-muscular\/#article","isPartOf":{"@id":"https:\/\/clubedohipismo.com.br\/home\/2018\/12\/14\/os-cavalos-tem-memoria-muscular\/"},"author":{"name":"Marco Vidal","@id":"https:\/\/clubedohipismo.com.br\/home\/#\/schema\/person\/02a1be4ce15daab4ed7b2fd71bf47143"},"headline":"Os cavalos t\u00eam mem\u00f3ria muscular?","datePublished":"2018-12-14T11:34:33+00:00","mainEntityOfPage":{"@id":"https:\/\/clubedohipismo.com.br\/home\/2018\/12\/14\/os-cavalos-tem-memoria-muscular\/"},"wordCount":920,"publisher":{"@id":"https:\/\/clubedohipismo.com.br\/home\/#organization"},"keywords":["manejo","veterin\u00e1rio"],"articleSection":["Dicas e not\u00edcias"],"inLanguage":"pt-BR"},{"@type":"WebPage","@id":"https:\/\/clubedohipismo.com.br\/home\/2018\/12\/14\/os-cavalos-tem-memoria-muscular\/","url":"https:\/\/clubedohipismo.com.br\/home\/2018\/12\/14\/os-cavalos-tem-memoria-muscular\/","name":"Os cavalos t\u00eam mem\u00f3ria muscular? - Clube do Hipismo","isPartOf":{"@id":"https:\/\/clubedohipismo.com.br\/home\/#website"},"datePublished":"2018-12-14T11:34:33+00:00","description":"Esp\u00e9cies e indiv\u00edduos diferem em seu potencial gen\u00e9tico para movimentos r\u00e1pidos e coordenados.\u00a0Como os cavalos se comparam aos humanos?","breadcrumb":{"@id":"https:\/\/clubedohipismo.com.br\/home\/2018\/12\/14\/os-cavalos-tem-memoria-muscular\/#breadcrumb"},"inLanguage":"pt-BR","potentialAction":[{"@type":"ReadAction","target":["https:\/\/clubedohipismo.com.br\/home\/2018\/12\/14\/os-cavalos-tem-memoria-muscular\/"]}]},{"@type":"BreadcrumbList","@id":"https:\/\/clubedohipismo.com.br\/home\/2018\/12\/14\/os-cavalos-tem-memoria-muscular\/#breadcrumb","itemListElement":[{"@type":"ListItem","position":1,"name":"In\u00edcio","item":"https:\/\/clubedohipismo.com.br\/home\/"},{"@type":"ListItem","position":2,"name":"Os cavalos t\u00eam mem\u00f3ria muscular?"}]},{"@type":"WebSite","@id":"https:\/\/clubedohipismo.com.br\/home\/#website","url":"https:\/\/clubedohipismo.com.br\/home\/","name":"Clube do Hipismo","description":"Not\u00edcias do mundo do cavalo","publisher":{"@id":"https:\/\/clubedohipismo.com.br\/home\/#organization"},"potentialAction":[{"@type":"SearchAction","target":{"@type":"EntryPoint","urlTemplate":"https:\/\/clubedohipismo.com.br\/home\/?s={search_term_string}"},"query-input":{"@type":"PropertyValueSpecification","valueRequired":true,"valueName":"search_term_string"}}],"inLanguage":"pt-BR"},{"@type":"Organization","@id":"https:\/\/clubedohipismo.com.br\/home\/#organization","name":"Clube do Hipismo","url":"https:\/\/clubedohipismo.com.br\/home\/","logo":{"@type":"ImageObject","inLanguage":"pt-BR","@id":"https:\/\/clubedohipismo.com.br\/home\/#\/schema\/logo\/image\/","url":"https:\/\/clubedohipismo.com.br\/home\/wp-content\/uploads\/2018\/03\/clube-ch-dourado-wp-logo.png","contentUrl":"https:\/\/clubedohipismo.com.br\/home\/wp-content\/uploads\/2018\/03\/clube-ch-dourado-wp-logo.png","width":512,"height":512,"caption":"Clube do Hipismo"},"image":{"@id":"https:\/\/clubedohipismo.com.br\/home\/#\/schema\/logo\/image\/"}},{"@type":"Person","@id":"https:\/\/clubedohipismo.com.br\/home\/#\/schema\/person\/02a1be4ce15daab4ed7b2fd71bf47143","name":"Marco Vidal","url":"https:\/\/clubedohipismo.com.br\/home\/author\/vergano\/"}]}},"rttpg_featured_image_url":null,"rttpg_author":{"display_name":"Marco Vidal","author_link":"https:\/\/clubedohipismo.com.br\/home\/author\/vergano\/"},"rttpg_comment":0,"rttpg_category":"<a href=\"https:\/\/clubedohipismo.com.br\/home\/category\/artigos\/dicas-e-noticias\/\" rel=\"category tag\">Dicas e not\u00edcias<\/a>","rttpg_excerpt":"Esp\u00e9cies e indiv\u00edduos diferem em seu potencial gen\u00e9tico para movimentos r\u00e1pidos e coordenados.\u00a0Como os cavalos se comparam aos humanos? Views: 39","_links":{"self":[{"href":"https:\/\/clubedohipismo.com.br\/home\/wp-json\/wp\/v2\/posts\/3616","targetHints":{"allow":["GET"]}}],"collection":[{"href":"https:\/\/clubedohipismo.com.br\/home\/wp-json\/wp\/v2\/posts"}],"about":[{"href":"https:\/\/clubedohipismo.com.br\/home\/wp-json\/wp\/v2\/types\/post"}],"author":[{"embeddable":true,"href":"https:\/\/clubedohipismo.com.br\/home\/wp-json\/wp\/v2\/users\/2"}],"replies":[{"embeddable":true,"href":"https:\/\/clubedohipismo.com.br\/home\/wp-json\/wp\/v2\/comments?post=3616"}],"version-history":[{"count":0,"href":"https:\/\/clubedohipismo.com.br\/home\/wp-json\/wp\/v2\/posts\/3616\/revisions"}],"wp:attachment":[{"href":"https:\/\/clubedohipismo.com.br\/home\/wp-json\/wp\/v2\/media?parent=3616"}],"wp:term":[{"taxonomy":"category","embeddable":true,"href":"https:\/\/clubedohipismo.com.br\/home\/wp-json\/wp\/v2\/categories?post=3616"},{"taxonomy":"post_tag","embeddable":true,"href":"https:\/\/clubedohipismo.com.br\/home\/wp-json\/wp\/v2\/tags?post=3616"}],"curies":[{"name":"wp","href":"https:\/\/api.w.org\/{rel}","templated":true}]}}