{"id":3585,"date":"2018-12-12T08:27:54","date_gmt":"2018-12-12T10:27:54","guid":{"rendered":"https:\/\/clubedohipismo.com.br\/home\/?p=3585"},"modified":"2018-12-12T08:27:54","modified_gmt":"2018-12-12T10:27:54","slug":"careta-de-cavalo","status":"publish","type":"post","link":"https:\/\/clubedohipismo.com.br\/home\/2018\/12\/12\/careta-de-cavalo\/","title":{"rendered":"Cientistas refinando a escala de careta de cavalo"},"content":{"rendered":"<div id=\"clube-3117793621\" class=\"clube-amp clube-entity-placement\" style=\"margin-left: auto;margin-right: auto;text-align: center;\"><script async src=\"\/\/pagead2.googlesyndication.com\/pagead\/js\/adsbygoogle.js?client=ca-pub-6364990823171596\" crossorigin=\"anonymous\"><\/script><ins class=\"adsbygoogle\" style=\"display:block;\" data-ad-client=\"ca-pub-6364990823171596\" \ndata-ad-slot=\"\" \ndata-ad-format=\"auto\"><\/ins>\n<script> \n(adsbygoogle = window.adsbygoogle || []).push({}); \n<\/script>\n<\/div><p>Cavalos mostram express\u00f5es faciais que expressam dor, e os pesquisadores usaram essas express\u00f5es para criar a\u00a0<a href=\"https:\/\/thehorse.com\/148489\/recognizing-pain-on-a-horses-face\/\">escala de careta de cavalo (HGS)<\/a>\u00a0.<!--more--><\/p>\n<p><a href=\"https:\/\/thehorse.com\/163260\/scientists-refining-the-horse-grimace-scale\/\" target=\"_blank\" rel=\"noopener noreferrer\">Fonte: The HORSE, tradu\u00e7\u00e3o Google, clique aqui e veja a mat\u00e9ria original<\/a><\/p>\n<p>Embora os cientistas saibam, por meio da HGS, que certas combina\u00e7\u00f5es de caracter\u00edsticas faciais podem sugerir dor, elas queriam determinar quais delas est\u00e3o mais relacionadas \u00e0 dor ou s\u00e3o mais confi\u00e1veis \u200b\u200be consistentemente avaliadas entre os m\u00e9dicos.<\/p>\n<p>Ent\u00e3o Emanuela Dalla Costa, DVM, PhD, Dipl.\u00a0O ECAWBM, do Departamento de Medicina Veterin\u00e1ria da Universit\u00e0 degli Studi di Milano, em Mil\u00e3o, It\u00e1lia, e seus colegas decidiram preencher essas lacunas de conhecimento.<\/p>\n<figure id=\"attachment_3588\" aria-describedby=\"caption-attachment-3588\" style=\"width: 136px\" class=\"wp-caption alignright\"><a href=\"https:\/\/clubedohipismo.com.br\/home\/wp-content\/uploads\/2018\/12\/Careta-de-cavalo.jpg\"><img  title=\"\" decoding=\"async\" class=\"size-medium wp-image-3588\" style=\"border-width: 10px; border-style: solid;\" src=\"https:\/\/clubedohipismo.com.br\/home\/wp-content\/uploads\/2018\/12\/Careta-de-cavalo-136x300.jpg\"  alt=\"Careta-de-cavalo-136x300 Cientistas refinando a escala de careta de cavalo\"  width=\"136\" height=\"300\" srcset=\"https:\/\/clubedohipismo.com.br\/home\/wp-content\/uploads\/2018\/12\/Careta-de-cavalo-136x300.jpg 136w, https:\/\/clubedohipismo.com.br\/home\/wp-content\/uploads\/2018\/12\/Careta-de-cavalo.jpg 363w\" sizes=\"(max-width: 136px) 100vw, 136px\" \/><\/a><figcaption id=\"caption-attachment-3588\" class=\"wp-caption-text\">Careta de cavalo, Biscoito<\/figcaption><\/figure>\n<p>\u201cSem uma ferramenta eficaz de avalia\u00e7\u00e3o da dor (uma escala validada para avalia\u00e7\u00e3o da dor), n\u00e3o podemos identificar quando a dor ocorre, avaliar sua gravidade ou avaliar a efic\u00e1cia de qualquer coisa que fazemos para tratar a dor (como medicamentos analg\u00e9sicos)\u201d, disse ela. .\u00a0&#8220;Ent\u00e3o, em nossa opini\u00e3o, \u00e9 fundamental n\u00e3o apenas desenvolver tal ferramenta, mas tamb\u00e9m testar sua validade cient\u00edfica para ter certeza de que o que estamos medindo \u00e9 a dor.&#8221;<\/p>\n<p>Dalla Costa e seus colegas pesquisadores refinaram ainda mais sua pesquisa original sobre HGS, realizando an\u00e1lises estat\u00edsticas de dados de 39 cavalos submetidos \u00e0 castra\u00e7\u00e3o de rotina.\u00a0Eles revisaram 126 fotografias das express\u00f5es faciais desses cavalos antes e depois da cirurgia e as pontuaram de acordo com o HGS.\u00a0Em seguida, eles executaram um subconjunto dessas imagens por meio de an\u00e1lises mais intensas para determinar quais aspectos das express\u00f5es faciais pareciam mais associados \u00e0 dor.<\/p>\n<p>Eles descobriram que os indicadores mais confi\u00e1veis \u200b\u200b- aqueles que seus observadores de teste pontuaram consistentemente de forma semelhante &#8211; eram:<\/p>\n<ul>\n<li>Orelhas para tr\u00e1s,<\/li>\n<li>Aperto orbital (estrabismo),<\/li>\n<li>Tens\u00e3o acima da \u00e1rea dos olhos e<\/li>\n<li>M\u00fasculos mastigat\u00f3rios tensos e proeminentes.<\/li>\n<\/ul>\n<p>Bocas e narinas tensas pontuaram com menos consist\u00eancia.<\/p>\n<p>Eles tamb\u00e9m identificaram crit\u00e9rios que ajudam a distinguir claramente um cavalo com dor de um cavalo que n\u00e3o sente dor.\u00a0Isso n\u00e3o \u00e9 apenas \u00fatil para as observa\u00e7\u00f5es atuais nas cl\u00ednicas, mas tamb\u00e9m pode levar ao desenvolvimento de software que alertaria os cuidadores sobre os cavalos que passam por um certo limiar de dor, disse Dalla Costa.<\/p>\n<p>\u201cO HGS consiste em seis unidades de a\u00e7\u00e3o facial (FAU, diferentes partes do rosto que mudam quando o cavalo est\u00e1 com dor)\u201d, disse ela.\u00a0\u201cEste estudo nos d\u00e1 uma ideia da import\u00e2ncia dessas partes do rosto (mostrando quais s\u00e3o mais significativas ao avaliar a dor).\u00a0Isso significa que agora temos os pesos (valor relativo) de cada FAU, e sabemos, por exemplo, que as orelhas atrasadas poderiam ser mais indicativas de dor do que as narinas tensas.\u00a0Al\u00e9m disso, temos um limiar para classificar quando um cavalo est\u00e1 com dor comparado a um cavalo saud\u00e1vel \u201d.<\/p>\n<p>Seu estudo atual \u00e9 limitado a cavalos que lidam com a dor da castra\u00e7\u00e3o, disse Dalla Costa.\u00a0\u00c9 poss\u00edvel que outras fontes de dor levem a express\u00f5es faciais diferentes, portanto, essas diferen\u00e7as precisam ser lembradas.<\/p>\n<p>&#8220;Em estudos futuros, devemos nos concentrar em outras doen\u00e7as dolorosas comuns, como laminite ou c\u00f3lica&#8221;, disse ela.<\/p>\n<p>O estudo, \u201c\u00a0<a href=\"https:\/\/journals.plos.org\/plosone\/article?id=10.1371\/journal.pone.0200339\" target=\"_blank\" rel=\"noopener noreferrer\">As escalas de careta podem estimar o status da dor em cavalos e camundongos?\u00a0Uma abordagem estat\u00edstica para identificar um classificador<\/a>\u00a0\u201d, foi publicada no\u00a0<em>PLoS One<\/em>\u00a0.<\/p>\n<p>Views: 54<\/p><div class=\"clube-centro clube-entity-placement\" style=\"text-align: center;\" id=\"clube-168923000\"><div id=\"clube-958274290\" style=\"margin-top: 2px;margin-right: 2px;margin-bottom: 2px;margin-left: 2px;float: right;\"><a href=\"http:\/\/arybotas.com.br\/\" target=\"_blank\" aria-label=\"Banner AryBotas p\"><img src=\"https:\/\/clubedohipismo.com.br\/home\/wp-content\/uploads\/2018\/11\/Banner-AryBotas-p.png\" alt=\"\"  width=\"120\" height=\"120\"   \/><\/a><\/div><div id=\"clube-2600821997\" style=\"margin-top: 2px;margin-right: 2px;margin-bottom: 2px;margin-left: 2px;float: right;\"><a href=\"https:\/\/mav.tec.br\/kyc\/\" target=\"_blank\" aria-label=\"kyc banner clube\"><img src=\"https:\/\/clubedohipismo.com.br\/home\/wp-content\/uploads\/2018\/12\/kyc-banner-clube.png\" alt=\"\"  width=\"120\" height=\"120\"   \/><\/a><\/div><div id=\"clube-2185266447\" style=\"margin-top: 2px;margin-right: 2px;margin-bottom: 2px;margin-left: 2px;float: right;\"><a href=\"https:\/\/www.ev.bemav.com.br\/\" target=\"_blank\" aria-label=\"EV\"><img src=\"https:\/\/clubedohipismo.com.br\/home\/wp-content\/uploads\/2018\/12\/EV.png\" alt=\"\"  width=\"120\" height=\"120\"   \/><\/a><\/div><div id=\"clube-2846812549\" style=\"margin-top: 2px;margin-right: 2px;margin-bottom: 2px;margin-left: 2px;float: right;\"><a href=\"https:\/\/aulasdeequitacao.com.br\/home\/\" target=\"_blank\" aria-label=\"Banner Thaty Aulas new p\"><img src=\"https:\/\/clubedohipismo.com.br\/home\/wp-content\/uploads\/2018\/11\/Banner-Thaty-Aulas-new-p.png\" alt=\"\"  width=\"120\" height=\"120\"   \/><\/a><\/div><div id=\"clube-393107093\" style=\"margin-top: 2px;margin-right: 2px;margin-bottom: 2px;margin-left: 2px;float: right;\"><a href=\"https:\/\/harasfunchal.com.br\/\" target=\"_blank\" aria-label=\"Onde hospedar (estabular) seu cavalo\"><img src=\"https:\/\/clubedohipismo.com.br\/home\/wp-content\/uploads\/2018\/11\/Banner-Funchal-p.png\" alt=\"Onde hospedar (estabular) seu cavalo\"  width=\"120\" height=\"120\"   \/><\/a><\/div><\/div>","protected":false},"excerpt":{"rendered":"<p>Cavalos mostram express\u00f5es faciais que expressam dor, e os pesquisadores usaram essas express\u00f5es para criar a\u00a0escala de careta de cavalo (HGS)\u00a0. Views: 54<\/p>\n","protected":false},"author":2,"featured_media":3587,"comment_status":"closed","ping_status":"closed","sticky":false,"template":"","format":"standard","meta":{"sfsi_plus_gutenberg_text_before_share":"","sfsi_plus_gutenberg_show_text_before_share":"","sfsi_plus_gutenberg_icon_type":"","sfsi_plus_gutenberg_icon_alignemt":"","sfsi_plus_gutenburg_max_per_row":"","footnotes":""},"categories":[6,34],"tags":[8,9],"class_list":["post-3585","post","type-post","status-publish","format-standard","has-post-thumbnail","hentry","category-dicas-e-noticias","category-news","tag-manejo","tag-veterinario"],"yoast_head":"<!-- This site is optimized with the Yoast SEO plugin v27.4 - https:\/\/yoast.com\/product\/yoast-seo-wordpress\/ -->\n<title>Cientistas refinando a escala de careta de cavalo - Clube do Hipismo<\/title>\n<meta name=\"description\" content=\"Cavalos mostram express\u00f5es faciais que expressam dor, e os pesquisadores usaram essas express\u00f5es para criar a\u00a0escala de careta de cavalo (HGS)\u00a0.\" \/>\n<meta name=\"robots\" content=\"index, follow, max-snippet:-1, max-image-preview:large, max-video-preview:-1\" \/>\n<link rel=\"canonical\" href=\"https:\/\/clubedohipismo.com.br\/home\/2018\/12\/12\/careta-de-cavalo\/\" \/>\n<meta property=\"og:locale\" content=\"pt_BR\" \/>\n<meta property=\"og:type\" content=\"article\" \/>\n<meta property=\"og:title\" content=\"Cientistas refinando a escala de careta de cavalo - Clube do Hipismo\" \/>\n<meta property=\"og:description\" content=\"Cavalos mostram express\u00f5es faciais que expressam dor, e os pesquisadores usaram essas express\u00f5es para criar a\u00a0escala de careta de cavalo (HGS)\u00a0.\" \/>\n<meta property=\"og:url\" content=\"https:\/\/clubedohipismo.com.br\/home\/2018\/12\/12\/careta-de-cavalo\/\" \/>\n<meta property=\"og:site_name\" content=\"Clube do Hipismo\" \/>\n<meta property=\"article:published_time\" content=\"2018-12-12T10:27:54+00:00\" \/>\n<meta property=\"og:image\" content=\"https:\/\/clubedohipismo.com.br\/home\/wp-content\/uploads\/2018\/12\/Careta-de-cavalo-1-e1544610226133.jpg\" \/>\n\t<meta property=\"og:image:width\" content=\"600\" \/>\n\t<meta property=\"og:image:height\" content=\"800\" \/>\n\t<meta property=\"og:image:type\" content=\"image\/jpeg\" \/>\n<meta name=\"author\" content=\"Marco Vidal\" \/>\n<meta name=\"twitter:card\" content=\"summary_large_image\" \/>\n<meta name=\"twitter:label1\" content=\"Escrito por\" \/>\n\t<meta name=\"twitter:data1\" content=\"Marco Vidal\" \/>\n\t<meta name=\"twitter:label2\" content=\"Est. tempo de leitura\" \/>\n\t<meta name=\"twitter:data2\" content=\"3 minutos\" \/>\n<script type=\"application\/ld+json\" class=\"yoast-schema-graph\">{\"@context\":\"https:\\\/\\\/schema.org\",\"@graph\":[{\"@type\":\"Article\",\"@id\":\"https:\\\/\\\/clubedohipismo.com.br\\\/home\\\/2018\\\/12\\\/12\\\/careta-de-cavalo\\\/#article\",\"isPartOf\":{\"@id\":\"https:\\\/\\\/clubedohipismo.com.br\\\/home\\\/2018\\\/12\\\/12\\\/careta-de-cavalo\\\/\"},\"author\":{\"name\":\"Marco Vidal\",\"@id\":\"https:\\\/\\\/clubedohipismo.com.br\\\/home\\\/#\\\/schema\\\/person\\\/02a1be4ce15daab4ed7b2fd71bf47143\"},\"headline\":\"Cientistas refinando a escala de careta de cavalo\",\"datePublished\":\"2018-12-12T10:27:54+00:00\",\"mainEntityOfPage\":{\"@id\":\"https:\\\/\\\/clubedohipismo.com.br\\\/home\\\/2018\\\/12\\\/12\\\/careta-de-cavalo\\\/\"},\"wordCount\":596,\"publisher\":{\"@id\":\"https:\\\/\\\/clubedohipismo.com.br\\\/home\\\/#organization\"},\"image\":{\"@id\":\"https:\\\/\\\/clubedohipismo.com.br\\\/home\\\/2018\\\/12\\\/12\\\/careta-de-cavalo\\\/#primaryimage\"},\"thumbnailUrl\":\"https:\\\/\\\/clubedohipismo.com.br\\\/home\\\/wp-content\\\/uploads\\\/2018\\\/12\\\/Careta-de-cavalo-1-e1544610226133.jpg\",\"keywords\":[\"manejo\",\"veterin\u00e1rio\"],\"articleSection\":[\"Dicas e not\u00edcias\",\"News\"],\"inLanguage\":\"pt-BR\"},{\"@type\":\"WebPage\",\"@id\":\"https:\\\/\\\/clubedohipismo.com.br\\\/home\\\/2018\\\/12\\\/12\\\/careta-de-cavalo\\\/\",\"url\":\"https:\\\/\\\/clubedohipismo.com.br\\\/home\\\/2018\\\/12\\\/12\\\/careta-de-cavalo\\\/\",\"name\":\"Cientistas refinando a escala de careta de cavalo - Clube do Hipismo\",\"isPartOf\":{\"@id\":\"https:\\\/\\\/clubedohipismo.com.br\\\/home\\\/#website\"},\"primaryImageOfPage\":{\"@id\":\"https:\\\/\\\/clubedohipismo.com.br\\\/home\\\/2018\\\/12\\\/12\\\/careta-de-cavalo\\\/#primaryimage\"},\"image\":{\"@id\":\"https:\\\/\\\/clubedohipismo.com.br\\\/home\\\/2018\\\/12\\\/12\\\/careta-de-cavalo\\\/#primaryimage\"},\"thumbnailUrl\":\"https:\\\/\\\/clubedohipismo.com.br\\\/home\\\/wp-content\\\/uploads\\\/2018\\\/12\\\/Careta-de-cavalo-1-e1544610226133.jpg\",\"datePublished\":\"2018-12-12T10:27:54+00:00\",\"description\":\"Cavalos mostram express\u00f5es faciais que expressam dor, e os pesquisadores usaram essas express\u00f5es para criar a\u00a0escala de careta de cavalo (HGS)\u00a0.\",\"breadcrumb\":{\"@id\":\"https:\\\/\\\/clubedohipismo.com.br\\\/home\\\/2018\\\/12\\\/12\\\/careta-de-cavalo\\\/#breadcrumb\"},\"inLanguage\":\"pt-BR\",\"potentialAction\":[{\"@type\":\"ReadAction\",\"target\":[\"https:\\\/\\\/clubedohipismo.com.br\\\/home\\\/2018\\\/12\\\/12\\\/careta-de-cavalo\\\/\"]}]},{\"@type\":\"ImageObject\",\"inLanguage\":\"pt-BR\",\"@id\":\"https:\\\/\\\/clubedohipismo.com.br\\\/home\\\/2018\\\/12\\\/12\\\/careta-de-cavalo\\\/#primaryimage\",\"url\":\"https:\\\/\\\/clubedohipismo.com.br\\\/home\\\/wp-content\\\/uploads\\\/2018\\\/12\\\/Careta-de-cavalo-1-e1544610226133.jpg\",\"contentUrl\":\"https:\\\/\\\/clubedohipismo.com.br\\\/home\\\/wp-content\\\/uploads\\\/2018\\\/12\\\/Careta-de-cavalo-1-e1544610226133.jpg\",\"width\":600,\"height\":800,\"caption\":\"Careta de cavalo, Biscoito\"},{\"@type\":\"BreadcrumbList\",\"@id\":\"https:\\\/\\\/clubedohipismo.com.br\\\/home\\\/2018\\\/12\\\/12\\\/careta-de-cavalo\\\/#breadcrumb\",\"itemListElement\":[{\"@type\":\"ListItem\",\"position\":1,\"name\":\"In\u00edcio\",\"item\":\"https:\\\/\\\/clubedohipismo.com.br\\\/home\\\/\"},{\"@type\":\"ListItem\",\"position\":2,\"name\":\"Cientistas refinando a escala de careta de cavalo\"}]},{\"@type\":\"WebSite\",\"@id\":\"https:\\\/\\\/clubedohipismo.com.br\\\/home\\\/#website\",\"url\":\"https:\\\/\\\/clubedohipismo.com.br\\\/home\\\/\",\"name\":\"Clube do Hipismo\",\"description\":\"Not\u00edcias do mundo do cavalo\",\"publisher\":{\"@id\":\"https:\\\/\\\/clubedohipismo.com.br\\\/home\\\/#organization\"},\"potentialAction\":[{\"@type\":\"SearchAction\",\"target\":{\"@type\":\"EntryPoint\",\"urlTemplate\":\"https:\\\/\\\/clubedohipismo.com.br\\\/home\\\/?s={search_term_string}\"},\"query-input\":{\"@type\":\"PropertyValueSpecification\",\"valueRequired\":true,\"valueName\":\"search_term_string\"}}],\"inLanguage\":\"pt-BR\"},{\"@type\":\"Organization\",\"@id\":\"https:\\\/\\\/clubedohipismo.com.br\\\/home\\\/#organization\",\"name\":\"Clube do Hipismo\",\"url\":\"https:\\\/\\\/clubedohipismo.com.br\\\/home\\\/\",\"logo\":{\"@type\":\"ImageObject\",\"inLanguage\":\"pt-BR\",\"@id\":\"https:\\\/\\\/clubedohipismo.com.br\\\/home\\\/#\\\/schema\\\/logo\\\/image\\\/\",\"url\":\"https:\\\/\\\/clubedohipismo.com.br\\\/home\\\/wp-content\\\/uploads\\\/2018\\\/03\\\/clube-ch-dourado-wp-logo.png\",\"contentUrl\":\"https:\\\/\\\/clubedohipismo.com.br\\\/home\\\/wp-content\\\/uploads\\\/2018\\\/03\\\/clube-ch-dourado-wp-logo.png\",\"width\":512,\"height\":512,\"caption\":\"Clube do Hipismo\"},\"image\":{\"@id\":\"https:\\\/\\\/clubedohipismo.com.br\\\/home\\\/#\\\/schema\\\/logo\\\/image\\\/\"}},{\"@type\":\"Person\",\"@id\":\"https:\\\/\\\/clubedohipismo.com.br\\\/home\\\/#\\\/schema\\\/person\\\/02a1be4ce15daab4ed7b2fd71bf47143\",\"name\":\"Marco Vidal\",\"url\":\"https:\\\/\\\/clubedohipismo.com.br\\\/home\\\/author\\\/vergano\\\/\"}]}<\/script>\n<!-- \/ Yoast SEO plugin. -->","yoast_head_json":{"title":"Cientistas refinando a escala de careta de cavalo - Clube do Hipismo","description":"Cavalos mostram express\u00f5es faciais que expressam dor, e os pesquisadores usaram essas express\u00f5es para criar a\u00a0escala de careta de cavalo (HGS)\u00a0.","robots":{"index":"index","follow":"follow","max-snippet":"max-snippet:-1","max-image-preview":"max-image-preview:large","max-video-preview":"max-video-preview:-1"},"canonical":"https:\/\/clubedohipismo.com.br\/home\/2018\/12\/12\/careta-de-cavalo\/","og_locale":"pt_BR","og_type":"article","og_title":"Cientistas refinando a escala de careta de cavalo - Clube do Hipismo","og_description":"Cavalos mostram express\u00f5es faciais que expressam dor, e os pesquisadores usaram essas express\u00f5es para criar a\u00a0escala de careta de cavalo (HGS)\u00a0.","og_url":"https:\/\/clubedohipismo.com.br\/home\/2018\/12\/12\/careta-de-cavalo\/","og_site_name":"Clube do Hipismo","article_published_time":"2018-12-12T10:27:54+00:00","og_image":[{"width":600,"height":800,"url":"https:\/\/clubedohipismo.com.br\/home\/wp-content\/uploads\/2018\/12\/Careta-de-cavalo-1-e1544610226133.jpg","type":"image\/jpeg"}],"author":"Marco Vidal","twitter_card":"summary_large_image","twitter_misc":{"Escrito por":"Marco Vidal","Est. tempo de leitura":"3 minutos"},"schema":{"@context":"https:\/\/schema.org","@graph":[{"@type":"Article","@id":"https:\/\/clubedohipismo.com.br\/home\/2018\/12\/12\/careta-de-cavalo\/#article","isPartOf":{"@id":"https:\/\/clubedohipismo.com.br\/home\/2018\/12\/12\/careta-de-cavalo\/"},"author":{"name":"Marco Vidal","@id":"https:\/\/clubedohipismo.com.br\/home\/#\/schema\/person\/02a1be4ce15daab4ed7b2fd71bf47143"},"headline":"Cientistas refinando a escala de careta de cavalo","datePublished":"2018-12-12T10:27:54+00:00","mainEntityOfPage":{"@id":"https:\/\/clubedohipismo.com.br\/home\/2018\/12\/12\/careta-de-cavalo\/"},"wordCount":596,"publisher":{"@id":"https:\/\/clubedohipismo.com.br\/home\/#organization"},"image":{"@id":"https:\/\/clubedohipismo.com.br\/home\/2018\/12\/12\/careta-de-cavalo\/#primaryimage"},"thumbnailUrl":"https:\/\/clubedohipismo.com.br\/home\/wp-content\/uploads\/2018\/12\/Careta-de-cavalo-1-e1544610226133.jpg","keywords":["manejo","veterin\u00e1rio"],"articleSection":["Dicas e not\u00edcias","News"],"inLanguage":"pt-BR"},{"@type":"WebPage","@id":"https:\/\/clubedohipismo.com.br\/home\/2018\/12\/12\/careta-de-cavalo\/","url":"https:\/\/clubedohipismo.com.br\/home\/2018\/12\/12\/careta-de-cavalo\/","name":"Cientistas refinando a escala de careta de cavalo - Clube do Hipismo","isPartOf":{"@id":"https:\/\/clubedohipismo.com.br\/home\/#website"},"primaryImageOfPage":{"@id":"https:\/\/clubedohipismo.com.br\/home\/2018\/12\/12\/careta-de-cavalo\/#primaryimage"},"image":{"@id":"https:\/\/clubedohipismo.com.br\/home\/2018\/12\/12\/careta-de-cavalo\/#primaryimage"},"thumbnailUrl":"https:\/\/clubedohipismo.com.br\/home\/wp-content\/uploads\/2018\/12\/Careta-de-cavalo-1-e1544610226133.jpg","datePublished":"2018-12-12T10:27:54+00:00","description":"Cavalos mostram express\u00f5es faciais que expressam dor, e os pesquisadores usaram essas express\u00f5es para criar a\u00a0escala de careta de cavalo (HGS)\u00a0.","breadcrumb":{"@id":"https:\/\/clubedohipismo.com.br\/home\/2018\/12\/12\/careta-de-cavalo\/#breadcrumb"},"inLanguage":"pt-BR","potentialAction":[{"@type":"ReadAction","target":["https:\/\/clubedohipismo.com.br\/home\/2018\/12\/12\/careta-de-cavalo\/"]}]},{"@type":"ImageObject","inLanguage":"pt-BR","@id":"https:\/\/clubedohipismo.com.br\/home\/2018\/12\/12\/careta-de-cavalo\/#primaryimage","url":"https:\/\/clubedohipismo.com.br\/home\/wp-content\/uploads\/2018\/12\/Careta-de-cavalo-1-e1544610226133.jpg","contentUrl":"https:\/\/clubedohipismo.com.br\/home\/wp-content\/uploads\/2018\/12\/Careta-de-cavalo-1-e1544610226133.jpg","width":600,"height":800,"caption":"Careta de cavalo, Biscoito"},{"@type":"BreadcrumbList","@id":"https:\/\/clubedohipismo.com.br\/home\/2018\/12\/12\/careta-de-cavalo\/#breadcrumb","itemListElement":[{"@type":"ListItem","position":1,"name":"In\u00edcio","item":"https:\/\/clubedohipismo.com.br\/home\/"},{"@type":"ListItem","position":2,"name":"Cientistas refinando a escala de careta de cavalo"}]},{"@type":"WebSite","@id":"https:\/\/clubedohipismo.com.br\/home\/#website","url":"https:\/\/clubedohipismo.com.br\/home\/","name":"Clube do Hipismo","description":"Not\u00edcias do mundo do cavalo","publisher":{"@id":"https:\/\/clubedohipismo.com.br\/home\/#organization"},"potentialAction":[{"@type":"SearchAction","target":{"@type":"EntryPoint","urlTemplate":"https:\/\/clubedohipismo.com.br\/home\/?s={search_term_string}"},"query-input":{"@type":"PropertyValueSpecification","valueRequired":true,"valueName":"search_term_string"}}],"inLanguage":"pt-BR"},{"@type":"Organization","@id":"https:\/\/clubedohipismo.com.br\/home\/#organization","name":"Clube do Hipismo","url":"https:\/\/clubedohipismo.com.br\/home\/","logo":{"@type":"ImageObject","inLanguage":"pt-BR","@id":"https:\/\/clubedohipismo.com.br\/home\/#\/schema\/logo\/image\/","url":"https:\/\/clubedohipismo.com.br\/home\/wp-content\/uploads\/2018\/03\/clube-ch-dourado-wp-logo.png","contentUrl":"https:\/\/clubedohipismo.com.br\/home\/wp-content\/uploads\/2018\/03\/clube-ch-dourado-wp-logo.png","width":512,"height":512,"caption":"Clube do Hipismo"},"image":{"@id":"https:\/\/clubedohipismo.com.br\/home\/#\/schema\/logo\/image\/"}},{"@type":"Person","@id":"https:\/\/clubedohipismo.com.br\/home\/#\/schema\/person\/02a1be4ce15daab4ed7b2fd71bf47143","name":"Marco Vidal","url":"https:\/\/clubedohipismo.com.br\/home\/author\/vergano\/"}]}},"rttpg_featured_image_url":{"full":["https:\/\/clubedohipismo.com.br\/home\/wp-content\/uploads\/2018\/12\/Careta-de-cavalo-1-e1544610226133.jpg",600,800,false],"landscape":["https:\/\/clubedohipismo.com.br\/home\/wp-content\/uploads\/2018\/12\/Careta-de-cavalo-1-e1544610226133.jpg",600,800,false],"portraits":["https:\/\/clubedohipismo.com.br\/home\/wp-content\/uploads\/2018\/12\/Careta-de-cavalo-1-e1544610226133.jpg",600,800,false],"thumbnail":["https:\/\/clubedohipismo.com.br\/home\/wp-content\/uploads\/2018\/12\/Careta-de-cavalo-1-e1544610226133-150x150.jpg",150,150,true],"medium":["https:\/\/clubedohipismo.com.br\/home\/wp-content\/uploads\/2018\/12\/Careta-de-cavalo-1-e1544610226133-225x300.jpg",225,300,true],"large":["https:\/\/clubedohipismo.com.br\/home\/wp-content\/uploads\/2018\/12\/Careta-de-cavalo-1-e1544610226133.jpg",600,800,false],"1536x1536":["https:\/\/clubedohipismo.com.br\/home\/wp-content\/uploads\/2018\/12\/Careta-de-cavalo-1-e1544610226133.jpg",600,800,false],"2048x2048":["https:\/\/clubedohipismo.com.br\/home\/wp-content\/uploads\/2018\/12\/Careta-de-cavalo-1-e1544610226133.jpg",600,800,false],"post-thumbnail":["https:\/\/clubedohipismo.com.br\/home\/wp-content\/uploads\/2018\/12\/Careta-de-cavalo-1-e1544610226133.jpg",225,300,false],"anima-featured":["https:\/\/clubedohipismo.com.br\/home\/wp-content\/uploads\/2018\/12\/Careta-de-cavalo-1-e1544610226133.jpg",225,300,false],"anima-featured-lp":["https:\/\/clubedohipismo.com.br\/home\/wp-content\/uploads\/2018\/12\/Careta-de-cavalo-1-e1544610226133.jpg",225,300,false],"anima-featured-half":["https:\/\/clubedohipismo.com.br\/home\/wp-content\/uploads\/2018\/12\/Careta-de-cavalo-1-e1544610226133.jpg",225,300,false],"anima-featured-third":["https:\/\/clubedohipismo.com.br\/home\/wp-content\/uploads\/2018\/12\/Careta-de-cavalo-1-e1544610226133.jpg",225,300,false],"anima-lpbox-1":["https:\/\/clubedohipismo.com.br\/home\/wp-content\/uploads\/2018\/12\/Careta-de-cavalo-1-e1544610226133.jpg",150,200,false],"anima-lpbox-2":["https:\/\/clubedohipismo.com.br\/home\/wp-content\/uploads\/2018\/12\/Careta-de-cavalo-1-e1544610226133.jpg",300,400,false]},"rttpg_author":{"display_name":"Marco Vidal","author_link":"https:\/\/clubedohipismo.com.br\/home\/author\/vergano\/"},"rttpg_comment":0,"rttpg_category":"<a href=\"https:\/\/clubedohipismo.com.br\/home\/category\/artigos\/dicas-e-noticias\/\" rel=\"category tag\">Dicas e not\u00edcias<\/a> <a href=\"https:\/\/clubedohipismo.com.br\/home\/category\/news\/\" rel=\"category tag\">News<\/a>","rttpg_excerpt":"Cavalos mostram express\u00f5es faciais que expressam dor, e os pesquisadores usaram essas express\u00f5es para criar a\u00a0escala de careta de cavalo (HGS)\u00a0. Views: 54","_links":{"self":[{"href":"https:\/\/clubedohipismo.com.br\/home\/wp-json\/wp\/v2\/posts\/3585","targetHints":{"allow":["GET"]}}],"collection":[{"href":"https:\/\/clubedohipismo.com.br\/home\/wp-json\/wp\/v2\/posts"}],"about":[{"href":"https:\/\/clubedohipismo.com.br\/home\/wp-json\/wp\/v2\/types\/post"}],"author":[{"embeddable":true,"href":"https:\/\/clubedohipismo.com.br\/home\/wp-json\/wp\/v2\/users\/2"}],"replies":[{"embeddable":true,"href":"https:\/\/clubedohipismo.com.br\/home\/wp-json\/wp\/v2\/comments?post=3585"}],"version-history":[{"count":0,"href":"https:\/\/clubedohipismo.com.br\/home\/wp-json\/wp\/v2\/posts\/3585\/revisions"}],"wp:featuredmedia":[{"embeddable":true,"href":"https:\/\/clubedohipismo.com.br\/home\/wp-json\/wp\/v2\/media\/3587"}],"wp:attachment":[{"href":"https:\/\/clubedohipismo.com.br\/home\/wp-json\/wp\/v2\/media?parent=3585"}],"wp:term":[{"taxonomy":"category","embeddable":true,"href":"https:\/\/clubedohipismo.com.br\/home\/wp-json\/wp\/v2\/categories?post=3585"},{"taxonomy":"post_tag","embeddable":true,"href":"https:\/\/clubedohipismo.com.br\/home\/wp-json\/wp\/v2\/tags?post=3585"}],"curies":[{"name":"wp","href":"https:\/\/api.w.org\/{rel}","templated":true}]}}