{"id":3168,"date":"2018-10-31T09:15:00","date_gmt":"2018-10-31T12:15:00","guid":{"rendered":"https:\/\/clubedohipismo.com.br\/home\/?p=3168"},"modified":"2018-10-31T09:15:00","modified_gmt":"2018-10-31T12:15:00","slug":"e-hora-de-seu-cavalo-se-aposentar","status":"publish","type":"post","link":"https:\/\/clubedohipismo.com.br\/home\/2018\/10\/31\/e-hora-de-seu-cavalo-se-aposentar\/","title":{"rendered":"\u00c9 hora de seu cavalo se aposentar?"},"content":{"rendered":"<div id=\"clube-17422476\" class=\"clube-amp clube-entity-placement\" style=\"margin-left: auto;margin-right: auto;text-align: center;\"><script async src=\"\/\/pagead2.googlesyndication.com\/pagead\/js\/adsbygoogle.js?client=ca-pub-6364990823171596\" crossorigin=\"anonymous\"><\/script><ins class=\"adsbygoogle\" style=\"display:block;\" data-ad-client=\"ca-pub-6364990823171596\" \ndata-ad-slot=\"\" \ndata-ad-format=\"auto\"><\/ins>\n<script> \n(adsbygoogle = window.adsbygoogle || []).push({}); \n<\/script>\n<\/div><p>Trabalhar com seu veterin\u00e1rio, ferrador e treinador e considerar as necessidades f\u00edsicas, mentais e sociais de seu cavalo o ajudar\u00e1 a tomar a melhor decis\u00e3o para quando e como voc\u00ea deve fazer a transi\u00e7\u00e3o para um estilo de vida mais descontra\u00eddo.<!--more--><\/p>\n<p>Fonte: The Horse, tradu\u00e7\u00e3o Google<\/p>\n<h3 class=\"deck\">Quando e como fazer a transi\u00e7\u00e3o do seu cavalo das competi\u00e7\u00f5es para um estilo de vida mais descontra\u00eddo<\/h3>\n<p class=\"p1\"><span class=\"s1\">Cori Sampson Vokoun retirou sua cota de cavalos de competi\u00e7\u00e3o.\u00a0Um gerente de constru\u00e7\u00e3o que tamb\u00e9m possui e opera a Buckshot Farms, em Roca, Nebraska, Vokoun compete no controle da AQHA e da NRHA, juntamente com eventos amadores de ra\u00e7a \u00e1rabe que variam de ingl\u00eas e ocidental a halter e trail.<\/span><\/p>\n<p class=\"p2\"><span class=\"s1\">Ela diz que determinar o momento certo e o processo para reinventar a carreira de seus cavalos pode ser complicado e desafiador.\u00a0&#8220;Aposentar um cavalo n\u00e3o \u00e9 como estacionar um carro em uma garagem e simplesmente dirigir o outro&#8221;, diz Vokoun.\u00a0No entanto, formular um programa que o mantenha t\u00e3o saud\u00e1vel e feliz quanto poss\u00edvel pode ser extremamente recompensador.<\/span><\/p>\n<p class=\"p2\"><span class=\"s1\">\u00c0 medida que cada cavalo atinge um ponto em sua vida em que a solidez ou outros fatores come\u00e7am a afetar sua capacidade de continuar no n\u00edvel atual de competi\u00e7\u00e3o, Vokoun pensa muito em como atender a todas as suas necessidades &#8211; mental, f\u00edsica e social.<\/span><\/p>\n<p><a href=\"https:\/\/thehorse.com\/17295\/is-it-time-for-your-horse-to-retire\/\" target=\"_blank\" rel=\"noopener noreferrer\">Clique aqui e veja a reportagem completa&#8230;<\/a><\/p>\n<p>Views: 38<\/p><div class=\"clube-centro clube-entity-placement\" style=\"text-align: center;\" id=\"clube-3413535954\"><div id=\"clube-2110201835\" style=\"margin-top: 2px;margin-right: 2px;margin-bottom: 2px;margin-left: 2px;float: right;\"><a href=\"https:\/\/harasfunchal.com.br\/\" target=\"_blank\" aria-label=\"Onde hospedar (estabular) seu cavalo\"><img src=\"https:\/\/clubedohipismo.com.br\/home\/wp-content\/uploads\/2018\/11\/Banner-Funchal-p.png\" alt=\"Onde hospedar (estabular) seu cavalo\"  width=\"120\" height=\"120\"   \/><\/a><\/div><div id=\"clube-403213286\" style=\"margin-top: 2px;margin-right: 2px;margin-bottom: 2px;margin-left: 2px;float: right;\"><a href=\"https:\/\/www.ev.bemav.com.br\/\" target=\"_blank\" aria-label=\"EV\"><img src=\"https:\/\/clubedohipismo.com.br\/home\/wp-content\/uploads\/2018\/12\/EV.png\" alt=\"\"  width=\"120\" height=\"120\"   \/><\/a><\/div><div id=\"clube-1103493514\" style=\"margin-top: 2px;margin-right: 2px;margin-bottom: 2px;margin-left: 2px;float: right;\"><a href=\"https:\/\/aulasdeequitacao.com.br\/home\/\" target=\"_blank\" aria-label=\"Banner Thaty Aulas new p\"><img src=\"https:\/\/clubedohipismo.com.br\/home\/wp-content\/uploads\/2018\/11\/Banner-Thaty-Aulas-new-p.png\" alt=\"\"  width=\"120\" height=\"120\"   \/><\/a><\/div><div id=\"clube-2304671654\" style=\"margin-top: 2px;margin-right: 2px;margin-bottom: 2px;margin-left: 2px;float: right;\"><a href=\"https:\/\/mav.tec.br\/kyc\/\" target=\"_blank\" aria-label=\"kyc banner clube\"><img src=\"https:\/\/clubedohipismo.com.br\/home\/wp-content\/uploads\/2018\/12\/kyc-banner-clube.png\" alt=\"\"  width=\"120\" height=\"120\"   \/><\/a><\/div><div id=\"clube-975868375\" style=\"margin-top: 2px;margin-right: 2px;margin-bottom: 2px;margin-left: 2px;float: right;\"><a href=\"http:\/\/arybotas.com.br\/\" target=\"_blank\" aria-label=\"Banner AryBotas p\"><img src=\"https:\/\/clubedohipismo.com.br\/home\/wp-content\/uploads\/2018\/11\/Banner-AryBotas-p.png\" alt=\"\"  width=\"120\" height=\"120\"   \/><\/a><\/div><\/div>","protected":false},"excerpt":{"rendered":"<p>Trabalhar com seu veterin\u00e1rio, ferrador e treinador e considerar as necessidades f\u00edsicas, mentais e sociais de seu cavalo o ajudar\u00e1 a tomar a melhor decis\u00e3o para quando e como voc\u00ea &hellip;<\/p>\n","protected":false},"author":2,"featured_media":3170,"comment_status":"closed","ping_status":"closed","sticky":false,"template":"","format":"standard","meta":{"sfsi_plus_gutenberg_text_before_share":"","sfsi_plus_gutenberg_show_text_before_share":"","sfsi_plus_gutenberg_icon_type":"","sfsi_plus_gutenberg_icon_alignemt":"","sfsi_plus_gutenburg_max_per_row":"","footnotes":""},"categories":[6,34],"tags":[8,9],"class_list":["post-3168","post","type-post","status-publish","format-standard","has-post-thumbnail","hentry","category-dicas-e-noticias","category-news","tag-manejo","tag-veterinario"],"yoast_head":"<!-- This site is optimized with the Yoast SEO plugin v27.4 - https:\/\/yoast.com\/product\/yoast-seo-wordpress\/ -->\n<title>\u00c9 hora de seu cavalo se aposentar? - Clube do Hipismo<\/title>\n<meta name=\"description\" content=\"Trabalhar com seu veterin\u00e1rio, ferrador e treinador e considerar as necessidades f\u00edsicas, mentais e sociais de seu cavalo\" \/>\n<meta name=\"robots\" content=\"index, follow, max-snippet:-1, max-image-preview:large, max-video-preview:-1\" \/>\n<link rel=\"canonical\" href=\"https:\/\/clubedohipismo.com.br\/home\/2018\/10\/31\/e-hora-de-seu-cavalo-se-aposentar\/\" \/>\n<meta property=\"og:locale\" content=\"pt_BR\" \/>\n<meta property=\"og:type\" content=\"article\" \/>\n<meta property=\"og:title\" content=\"\u00c9 hora de seu cavalo se aposentar? - Clube do Hipismo\" \/>\n<meta property=\"og:description\" content=\"Trabalhar com seu veterin\u00e1rio, ferrador e treinador e considerar as necessidades f\u00edsicas, mentais e sociais de seu cavalo\" \/>\n<meta property=\"og:url\" content=\"https:\/\/clubedohipismo.com.br\/home\/2018\/10\/31\/e-hora-de-seu-cavalo-se-aposentar\/\" \/>\n<meta property=\"og:site_name\" content=\"Clube do Hipismo\" \/>\n<meta property=\"article:published_time\" content=\"2018-10-31T12:15:00+00:00\" \/>\n<meta property=\"og:image\" content=\"https:\/\/clubedohipismo.com.br\/home\/wp-content\/uploads\/2018\/10\/Passieur-1-by-MAV-e1540988030993.jpg\" \/>\n\t<meta property=\"og:image:width\" content=\"800\" \/>\n\t<meta property=\"og:image:height\" content=\"449\" \/>\n\t<meta property=\"og:image:type\" content=\"image\/jpeg\" \/>\n<meta name=\"author\" content=\"Marco Vidal\" \/>\n<meta name=\"twitter:card\" content=\"summary_large_image\" \/>\n<meta name=\"twitter:label1\" content=\"Escrito por\" \/>\n\t<meta name=\"twitter:data1\" content=\"Marco Vidal\" \/>\n\t<meta name=\"twitter:label2\" content=\"Est. tempo de leitura\" \/>\n\t<meta name=\"twitter:data2\" content=\"1 minuto\" \/>\n<script type=\"application\/ld+json\" class=\"yoast-schema-graph\">{\"@context\":\"https:\\\/\\\/schema.org\",\"@graph\":[{\"@type\":\"Article\",\"@id\":\"https:\\\/\\\/clubedohipismo.com.br\\\/home\\\/2018\\\/10\\\/31\\\/e-hora-de-seu-cavalo-se-aposentar\\\/#article\",\"isPartOf\":{\"@id\":\"https:\\\/\\\/clubedohipismo.com.br\\\/home\\\/2018\\\/10\\\/31\\\/e-hora-de-seu-cavalo-se-aposentar\\\/\"},\"author\":{\"name\":\"Marco Vidal\",\"@id\":\"https:\\\/\\\/clubedohipismo.com.br\\\/home\\\/#\\\/schema\\\/person\\\/02a1be4ce15daab4ed7b2fd71bf47143\"},\"headline\":\"\u00c9 hora de seu cavalo se aposentar?\",\"datePublished\":\"2018-10-31T12:15:00+00:00\",\"mainEntityOfPage\":{\"@id\":\"https:\\\/\\\/clubedohipismo.com.br\\\/home\\\/2018\\\/10\\\/31\\\/e-hora-de-seu-cavalo-se-aposentar\\\/\"},\"wordCount\":253,\"publisher\":{\"@id\":\"https:\\\/\\\/clubedohipismo.com.br\\\/home\\\/#organization\"},\"image\":{\"@id\":\"https:\\\/\\\/clubedohipismo.com.br\\\/home\\\/2018\\\/10\\\/31\\\/e-hora-de-seu-cavalo-se-aposentar\\\/#primaryimage\"},\"thumbnailUrl\":\"https:\\\/\\\/clubedohipismo.com.br\\\/home\\\/wp-content\\\/uploads\\\/2018\\\/10\\\/Passieur-1-by-MAV-e1540988030993.jpg\",\"keywords\":[\"manejo\",\"veterin\u00e1rio\"],\"articleSection\":[\"Dicas e not\u00edcias\",\"News\"],\"inLanguage\":\"pt-BR\"},{\"@type\":\"WebPage\",\"@id\":\"https:\\\/\\\/clubedohipismo.com.br\\\/home\\\/2018\\\/10\\\/31\\\/e-hora-de-seu-cavalo-se-aposentar\\\/\",\"url\":\"https:\\\/\\\/clubedohipismo.com.br\\\/home\\\/2018\\\/10\\\/31\\\/e-hora-de-seu-cavalo-se-aposentar\\\/\",\"name\":\"\u00c9 hora de seu cavalo se aposentar? - Clube do Hipismo\",\"isPartOf\":{\"@id\":\"https:\\\/\\\/clubedohipismo.com.br\\\/home\\\/#website\"},\"primaryImageOfPage\":{\"@id\":\"https:\\\/\\\/clubedohipismo.com.br\\\/home\\\/2018\\\/10\\\/31\\\/e-hora-de-seu-cavalo-se-aposentar\\\/#primaryimage\"},\"image\":{\"@id\":\"https:\\\/\\\/clubedohipismo.com.br\\\/home\\\/2018\\\/10\\\/31\\\/e-hora-de-seu-cavalo-se-aposentar\\\/#primaryimage\"},\"thumbnailUrl\":\"https:\\\/\\\/clubedohipismo.com.br\\\/home\\\/wp-content\\\/uploads\\\/2018\\\/10\\\/Passieur-1-by-MAV-e1540988030993.jpg\",\"datePublished\":\"2018-10-31T12:15:00+00:00\",\"description\":\"Trabalhar com seu veterin\u00e1rio, ferrador e treinador e considerar as necessidades f\u00edsicas, mentais e sociais de seu cavalo\",\"breadcrumb\":{\"@id\":\"https:\\\/\\\/clubedohipismo.com.br\\\/home\\\/2018\\\/10\\\/31\\\/e-hora-de-seu-cavalo-se-aposentar\\\/#breadcrumb\"},\"inLanguage\":\"pt-BR\",\"potentialAction\":[{\"@type\":\"ReadAction\",\"target\":[\"https:\\\/\\\/clubedohipismo.com.br\\\/home\\\/2018\\\/10\\\/31\\\/e-hora-de-seu-cavalo-se-aposentar\\\/\"]}]},{\"@type\":\"ImageObject\",\"inLanguage\":\"pt-BR\",\"@id\":\"https:\\\/\\\/clubedohipismo.com.br\\\/home\\\/2018\\\/10\\\/31\\\/e-hora-de-seu-cavalo-se-aposentar\\\/#primaryimage\",\"url\":\"https:\\\/\\\/clubedohipismo.com.br\\\/home\\\/wp-content\\\/uploads\\\/2018\\\/10\\\/Passieur-1-by-MAV-e1540988030993.jpg\",\"contentUrl\":\"https:\\\/\\\/clubedohipismo.com.br\\\/home\\\/wp-content\\\/uploads\\\/2018\\\/10\\\/Passieur-1-by-MAV-e1540988030993.jpg\",\"width\":800,\"height\":449,\"caption\":\"Passieur 1 by MAV\"},{\"@type\":\"BreadcrumbList\",\"@id\":\"https:\\\/\\\/clubedohipismo.com.br\\\/home\\\/2018\\\/10\\\/31\\\/e-hora-de-seu-cavalo-se-aposentar\\\/#breadcrumb\",\"itemListElement\":[{\"@type\":\"ListItem\",\"position\":1,\"name\":\"In\u00edcio\",\"item\":\"https:\\\/\\\/clubedohipismo.com.br\\\/home\\\/\"},{\"@type\":\"ListItem\",\"position\":2,\"name\":\"\u00c9 hora de seu cavalo se aposentar?\"}]},{\"@type\":\"WebSite\",\"@id\":\"https:\\\/\\\/clubedohipismo.com.br\\\/home\\\/#website\",\"url\":\"https:\\\/\\\/clubedohipismo.com.br\\\/home\\\/\",\"name\":\"Clube do Hipismo\",\"description\":\"Not\u00edcias do mundo do cavalo\",\"publisher\":{\"@id\":\"https:\\\/\\\/clubedohipismo.com.br\\\/home\\\/#organization\"},\"potentialAction\":[{\"@type\":\"SearchAction\",\"target\":{\"@type\":\"EntryPoint\",\"urlTemplate\":\"https:\\\/\\\/clubedohipismo.com.br\\\/home\\\/?s={search_term_string}\"},\"query-input\":{\"@type\":\"PropertyValueSpecification\",\"valueRequired\":true,\"valueName\":\"search_term_string\"}}],\"inLanguage\":\"pt-BR\"},{\"@type\":\"Organization\",\"@id\":\"https:\\\/\\\/clubedohipismo.com.br\\\/home\\\/#organization\",\"name\":\"Clube do Hipismo\",\"url\":\"https:\\\/\\\/clubedohipismo.com.br\\\/home\\\/\",\"logo\":{\"@type\":\"ImageObject\",\"inLanguage\":\"pt-BR\",\"@id\":\"https:\\\/\\\/clubedohipismo.com.br\\\/home\\\/#\\\/schema\\\/logo\\\/image\\\/\",\"url\":\"https:\\\/\\\/clubedohipismo.com.br\\\/home\\\/wp-content\\\/uploads\\\/2018\\\/03\\\/clube-ch-dourado-wp-logo.png\",\"contentUrl\":\"https:\\\/\\\/clubedohipismo.com.br\\\/home\\\/wp-content\\\/uploads\\\/2018\\\/03\\\/clube-ch-dourado-wp-logo.png\",\"width\":512,\"height\":512,\"caption\":\"Clube do Hipismo\"},\"image\":{\"@id\":\"https:\\\/\\\/clubedohipismo.com.br\\\/home\\\/#\\\/schema\\\/logo\\\/image\\\/\"}},{\"@type\":\"Person\",\"@id\":\"https:\\\/\\\/clubedohipismo.com.br\\\/home\\\/#\\\/schema\\\/person\\\/02a1be4ce15daab4ed7b2fd71bf47143\",\"name\":\"Marco Vidal\",\"url\":\"https:\\\/\\\/clubedohipismo.com.br\\\/home\\\/author\\\/vergano\\\/\"}]}<\/script>\n<!-- \/ Yoast SEO plugin. -->","yoast_head_json":{"title":"\u00c9 hora de seu cavalo se aposentar? - Clube do Hipismo","description":"Trabalhar com seu veterin\u00e1rio, ferrador e treinador e considerar as necessidades f\u00edsicas, mentais e sociais de seu cavalo","robots":{"index":"index","follow":"follow","max-snippet":"max-snippet:-1","max-image-preview":"max-image-preview:large","max-video-preview":"max-video-preview:-1"},"canonical":"https:\/\/clubedohipismo.com.br\/home\/2018\/10\/31\/e-hora-de-seu-cavalo-se-aposentar\/","og_locale":"pt_BR","og_type":"article","og_title":"\u00c9 hora de seu cavalo se aposentar? - Clube do Hipismo","og_description":"Trabalhar com seu veterin\u00e1rio, ferrador e treinador e considerar as necessidades f\u00edsicas, mentais e sociais de seu cavalo","og_url":"https:\/\/clubedohipismo.com.br\/home\/2018\/10\/31\/e-hora-de-seu-cavalo-se-aposentar\/","og_site_name":"Clube do Hipismo","article_published_time":"2018-10-31T12:15:00+00:00","og_image":[{"width":800,"height":449,"url":"https:\/\/clubedohipismo.com.br\/home\/wp-content\/uploads\/2018\/10\/Passieur-1-by-MAV-e1540988030993.jpg","type":"image\/jpeg"}],"author":"Marco Vidal","twitter_card":"summary_large_image","twitter_misc":{"Escrito por":"Marco Vidal","Est. tempo de leitura":"1 minuto"},"schema":{"@context":"https:\/\/schema.org","@graph":[{"@type":"Article","@id":"https:\/\/clubedohipismo.com.br\/home\/2018\/10\/31\/e-hora-de-seu-cavalo-se-aposentar\/#article","isPartOf":{"@id":"https:\/\/clubedohipismo.com.br\/home\/2018\/10\/31\/e-hora-de-seu-cavalo-se-aposentar\/"},"author":{"name":"Marco Vidal","@id":"https:\/\/clubedohipismo.com.br\/home\/#\/schema\/person\/02a1be4ce15daab4ed7b2fd71bf47143"},"headline":"\u00c9 hora de seu cavalo se aposentar?","datePublished":"2018-10-31T12:15:00+00:00","mainEntityOfPage":{"@id":"https:\/\/clubedohipismo.com.br\/home\/2018\/10\/31\/e-hora-de-seu-cavalo-se-aposentar\/"},"wordCount":253,"publisher":{"@id":"https:\/\/clubedohipismo.com.br\/home\/#organization"},"image":{"@id":"https:\/\/clubedohipismo.com.br\/home\/2018\/10\/31\/e-hora-de-seu-cavalo-se-aposentar\/#primaryimage"},"thumbnailUrl":"https:\/\/clubedohipismo.com.br\/home\/wp-content\/uploads\/2018\/10\/Passieur-1-by-MAV-e1540988030993.jpg","keywords":["manejo","veterin\u00e1rio"],"articleSection":["Dicas e not\u00edcias","News"],"inLanguage":"pt-BR"},{"@type":"WebPage","@id":"https:\/\/clubedohipismo.com.br\/home\/2018\/10\/31\/e-hora-de-seu-cavalo-se-aposentar\/","url":"https:\/\/clubedohipismo.com.br\/home\/2018\/10\/31\/e-hora-de-seu-cavalo-se-aposentar\/","name":"\u00c9 hora de seu cavalo se aposentar? - Clube do Hipismo","isPartOf":{"@id":"https:\/\/clubedohipismo.com.br\/home\/#website"},"primaryImageOfPage":{"@id":"https:\/\/clubedohipismo.com.br\/home\/2018\/10\/31\/e-hora-de-seu-cavalo-se-aposentar\/#primaryimage"},"image":{"@id":"https:\/\/clubedohipismo.com.br\/home\/2018\/10\/31\/e-hora-de-seu-cavalo-se-aposentar\/#primaryimage"},"thumbnailUrl":"https:\/\/clubedohipismo.com.br\/home\/wp-content\/uploads\/2018\/10\/Passieur-1-by-MAV-e1540988030993.jpg","datePublished":"2018-10-31T12:15:00+00:00","description":"Trabalhar com seu veterin\u00e1rio, ferrador e treinador e considerar as necessidades f\u00edsicas, mentais e sociais de seu cavalo","breadcrumb":{"@id":"https:\/\/clubedohipismo.com.br\/home\/2018\/10\/31\/e-hora-de-seu-cavalo-se-aposentar\/#breadcrumb"},"inLanguage":"pt-BR","potentialAction":[{"@type":"ReadAction","target":["https:\/\/clubedohipismo.com.br\/home\/2018\/10\/31\/e-hora-de-seu-cavalo-se-aposentar\/"]}]},{"@type":"ImageObject","inLanguage":"pt-BR","@id":"https:\/\/clubedohipismo.com.br\/home\/2018\/10\/31\/e-hora-de-seu-cavalo-se-aposentar\/#primaryimage","url":"https:\/\/clubedohipismo.com.br\/home\/wp-content\/uploads\/2018\/10\/Passieur-1-by-MAV-e1540988030993.jpg","contentUrl":"https:\/\/clubedohipismo.com.br\/home\/wp-content\/uploads\/2018\/10\/Passieur-1-by-MAV-e1540988030993.jpg","width":800,"height":449,"caption":"Passieur 1 by MAV"},{"@type":"BreadcrumbList","@id":"https:\/\/clubedohipismo.com.br\/home\/2018\/10\/31\/e-hora-de-seu-cavalo-se-aposentar\/#breadcrumb","itemListElement":[{"@type":"ListItem","position":1,"name":"In\u00edcio","item":"https:\/\/clubedohipismo.com.br\/home\/"},{"@type":"ListItem","position":2,"name":"\u00c9 hora de seu cavalo se aposentar?"}]},{"@type":"WebSite","@id":"https:\/\/clubedohipismo.com.br\/home\/#website","url":"https:\/\/clubedohipismo.com.br\/home\/","name":"Clube do Hipismo","description":"Not\u00edcias do mundo do cavalo","publisher":{"@id":"https:\/\/clubedohipismo.com.br\/home\/#organization"},"potentialAction":[{"@type":"SearchAction","target":{"@type":"EntryPoint","urlTemplate":"https:\/\/clubedohipismo.com.br\/home\/?s={search_term_string}"},"query-input":{"@type":"PropertyValueSpecification","valueRequired":true,"valueName":"search_term_string"}}],"inLanguage":"pt-BR"},{"@type":"Organization","@id":"https:\/\/clubedohipismo.com.br\/home\/#organization","name":"Clube do Hipismo","url":"https:\/\/clubedohipismo.com.br\/home\/","logo":{"@type":"ImageObject","inLanguage":"pt-BR","@id":"https:\/\/clubedohipismo.com.br\/home\/#\/schema\/logo\/image\/","url":"https:\/\/clubedohipismo.com.br\/home\/wp-content\/uploads\/2018\/03\/clube-ch-dourado-wp-logo.png","contentUrl":"https:\/\/clubedohipismo.com.br\/home\/wp-content\/uploads\/2018\/03\/clube-ch-dourado-wp-logo.png","width":512,"height":512,"caption":"Clube do Hipismo"},"image":{"@id":"https:\/\/clubedohipismo.com.br\/home\/#\/schema\/logo\/image\/"}},{"@type":"Person","@id":"https:\/\/clubedohipismo.com.br\/home\/#\/schema\/person\/02a1be4ce15daab4ed7b2fd71bf47143","name":"Marco Vidal","url":"https:\/\/clubedohipismo.com.br\/home\/author\/vergano\/"}]}},"rttpg_featured_image_url":{"full":["https:\/\/clubedohipismo.com.br\/home\/wp-content\/uploads\/2018\/10\/Passieur-1-by-MAV-e1540988030993.jpg",800,449,false],"landscape":["https:\/\/clubedohipismo.com.br\/home\/wp-content\/uploads\/2018\/10\/Passieur-1-by-MAV-e1540988030993.jpg",800,449,false],"portraits":["https:\/\/clubedohipismo.com.br\/home\/wp-content\/uploads\/2018\/10\/Passieur-1-by-MAV-e1540988030993.jpg",800,449,false],"thumbnail":["https:\/\/clubedohipismo.com.br\/home\/wp-content\/uploads\/2018\/10\/Passieur-1-by-MAV-e1540988030993-150x150.jpg",150,150,true],"medium":["https:\/\/clubedohipismo.com.br\/home\/wp-content\/uploads\/2018\/10\/Passieur-1-by-MAV-e1540988030993-300x168.jpg",300,168,true],"large":["https:\/\/clubedohipismo.com.br\/home\/wp-content\/uploads\/2018\/10\/Passieur-1-by-MAV-e1540988030993.jpg",800,449,false],"1536x1536":["https:\/\/clubedohipismo.com.br\/home\/wp-content\/uploads\/2018\/10\/Passieur-1-by-MAV-e1540988030993.jpg",800,449,false],"2048x2048":["https:\/\/clubedohipismo.com.br\/home\/wp-content\/uploads\/2018\/10\/Passieur-1-by-MAV-e1540988030993.jpg",800,449,false],"post-thumbnail":["https:\/\/clubedohipismo.com.br\/home\/wp-content\/uploads\/2018\/10\/Passieur-1-by-MAV-e1540988030993.jpg",399,224,false],"anima-featured":["https:\/\/clubedohipismo.com.br\/home\/wp-content\/uploads\/2018\/10\/Passieur-1-by-MAV-e1540988030993.jpg",399,224,false],"anima-featured-lp":["https:\/\/clubedohipismo.com.br\/home\/wp-content\/uploads\/2018\/10\/Passieur-1-by-MAV-e1540988030993.jpg",530,297,false],"anima-featured-half":["https:\/\/clubedohipismo.com.br\/home\/wp-content\/uploads\/2018\/10\/Passieur-1-by-MAV-e1540988030993.jpg",535,300,false],"anima-featured-third":["https:\/\/clubedohipismo.com.br\/home\/wp-content\/uploads\/2018\/10\/Passieur-1-by-MAV-e1540988030993.jpg",512,287,false],"anima-lpbox-1":["https:\/\/clubedohipismo.com.br\/home\/wp-content\/uploads\/2018\/10\/Passieur-1-by-MAV-e1540988030993.jpg",356,200,false],"anima-lpbox-2":["https:\/\/clubedohipismo.com.br\/home\/wp-content\/uploads\/2018\/10\/Passieur-1-by-MAV-e1540988030993.jpg",397,223,false]},"rttpg_author":{"display_name":"Marco Vidal","author_link":"https:\/\/clubedohipismo.com.br\/home\/author\/vergano\/"},"rttpg_comment":0,"rttpg_category":"<a href=\"https:\/\/clubedohipismo.com.br\/home\/category\/artigos\/dicas-e-noticias\/\" rel=\"category tag\">Dicas e not\u00edcias<\/a> <a href=\"https:\/\/clubedohipismo.com.br\/home\/category\/news\/\" rel=\"category tag\">News<\/a>","rttpg_excerpt":"Trabalhar com seu veterin\u00e1rio, ferrador e treinador e considerar as necessidades f\u00edsicas, mentais e sociais de seu cavalo o ajudar\u00e1 a tomar a melhor decis\u00e3o para quando e como voc\u00ea &hellip;","_links":{"self":[{"href":"https:\/\/clubedohipismo.com.br\/home\/wp-json\/wp\/v2\/posts\/3168","targetHints":{"allow":["GET"]}}],"collection":[{"href":"https:\/\/clubedohipismo.com.br\/home\/wp-json\/wp\/v2\/posts"}],"about":[{"href":"https:\/\/clubedohipismo.com.br\/home\/wp-json\/wp\/v2\/types\/post"}],"author":[{"embeddable":true,"href":"https:\/\/clubedohipismo.com.br\/home\/wp-json\/wp\/v2\/users\/2"}],"replies":[{"embeddable":true,"href":"https:\/\/clubedohipismo.com.br\/home\/wp-json\/wp\/v2\/comments?post=3168"}],"version-history":[{"count":0,"href":"https:\/\/clubedohipismo.com.br\/home\/wp-json\/wp\/v2\/posts\/3168\/revisions"}],"wp:featuredmedia":[{"embeddable":true,"href":"https:\/\/clubedohipismo.com.br\/home\/wp-json\/wp\/v2\/media\/3170"}],"wp:attachment":[{"href":"https:\/\/clubedohipismo.com.br\/home\/wp-json\/wp\/v2\/media?parent=3168"}],"wp:term":[{"taxonomy":"category","embeddable":true,"href":"https:\/\/clubedohipismo.com.br\/home\/wp-json\/wp\/v2\/categories?post=3168"},{"taxonomy":"post_tag","embeddable":true,"href":"https:\/\/clubedohipismo.com.br\/home\/wp-json\/wp\/v2\/tags?post=3168"}],"curies":[{"name":"wp","href":"https:\/\/api.w.org\/{rel}","templated":true}]}}