{"id":28300,"date":"2026-04-28T11:38:52","date_gmt":"2026-04-28T14:38:52","guid":{"rendered":"https:\/\/clubedohipismo.com.br\/home\/?p=28300"},"modified":"2026-04-28T11:38:52","modified_gmt":"2026-04-28T14:38:52","slug":"vitoria-vem-do-coracao-e-coroa-gap-orfeu","status":"publish","type":"post","link":"https:\/\/clubedohipismo.com.br\/home\/2026\/04\/28\/vitoria-vem-do-coracao-e-coroa-gap-orfeu\/","title":{"rendered":"Vit\u00f3ria vem do cora\u00e7\u00e3o e coroa Gap Orfeu e Guerreira da Pavei no Bocal de Ouro"},"content":{"rendered":"<div id=\"clube-983867565\" class=\"clube-amp clube-entity-placement\" style=\"margin-left: auto;margin-right: auto;text-align: center;\"><script async src=\"\/\/pagead2.googlesyndication.com\/pagead\/js\/adsbygoogle.js?client=ca-pub-6364990823171596\" crossorigin=\"anonymous\"><\/script><ins class=\"adsbygoogle\" style=\"display:block;\" data-ad-client=\"ca-pub-6364990823171596\" \ndata-ad-slot=\"\" \ndata-ad-format=\"auto\"><\/ins>\n<script> \n(adsbygoogle = window.adsbygoogle || []).push({}); \n<\/script>\n<\/div><p><span style=\"font-size: 14px;\"><strong>Vit\u00f3ria vem do cora\u00e7\u00e3o e coroa Gap Orfeu e Guerreira da Pavei no Bocal de Ouro<\/strong><\/span><\/p>\n<p><span style=\"font-size: 14px;\">Como preza a tradi\u00e7\u00e3o do Cavalo Crioulo, a comemora\u00e7\u00e3o da vit\u00f3ria do Bocal de Ouro 2026 veio em fam\u00edlia. Foi ao lado da filha Luzia que, \u00e0s l\u00e1grimas, o ginete Ricardo Gigena Wrege percorreu a volta da vit\u00f3ria do Bocal de Ouro, logo ap\u00f3s vencer com o cavalo Gap Orfeu (Box 67) na tarde deste s\u00e1bado (25\/04), em Esteio (RS). <\/span><\/p>\n<p><!--more--><\/p>\n<figure id=\"attachment_28302\" aria-describedby=\"caption-attachment-28302\" style=\"width: 300px\" class=\"wp-caption alignright\"><a href=\"https:\/\/clubedohipismo.com.br\/home\/wp-content\/uploads\/2026\/04\/1\u02dalugar_Bocal-de-Ouro_FU16_D850-3240-Editar_Box-067_GAP-Orfeu-Medio.jpg\"><img  title=\"\" fetchpriority=\"high\" decoding=\"async\" class=\"size-medium wp-image-28302\" src=\"https:\/\/clubedohipismo.com.br\/home\/wp-content\/uploads\/2026\/04\/1\u02dalugar_Bocal-de-Ouro_FU16_D850-3240-Editar_Box-067_GAP-Orfeu-Medio-300x200.jpg\"  alt=\"1\u02dalugar_Bocal-de-Ouro_FU16_D850-3240-Editar_Box-067_GAP-Orfeu-Medio-300x200 Vit\u00f3ria vem do cora\u00e7\u00e3o e coroa Gap Orfeu e Guerreira da Pavei no Bocal de Ouro\"  width=\"300\" height=\"200\" srcset=\"https:\/\/clubedohipismo.com.br\/home\/wp-content\/uploads\/2026\/04\/1\u02dalugar_Bocal-de-Ouro_FU16_D850-3240-Editar_Box-067_GAP-Orfeu-Medio-300x200.jpg 300w, https:\/\/clubedohipismo.com.br\/home\/wp-content\/uploads\/2026\/04\/1\u02dalugar_Bocal-de-Ouro_FU16_D850-3240-Editar_Box-067_GAP-Orfeu-Medio-1024x682.jpg 1024w, https:\/\/clubedohipismo.com.br\/home\/wp-content\/uploads\/2026\/04\/1\u02dalugar_Bocal-de-Ouro_FU16_D850-3240-Editar_Box-067_GAP-Orfeu-Medio-768x512.jpg 768w, https:\/\/clubedohipismo.com.br\/home\/wp-content\/uploads\/2026\/04\/1\u02dalugar_Bocal-de-Ouro_FU16_D850-3240-Editar_Box-067_GAP-Orfeu-Medio-399x266.jpg 399w, https:\/\/clubedohipismo.com.br\/home\/wp-content\/uploads\/2026\/04\/1\u02dalugar_Bocal-de-Ouro_FU16_D850-3240-Editar_Box-067_GAP-Orfeu-Medio.jpg 1153w\" sizes=\"(max-width: 300px) 100vw, 300px\" \/><\/a><figcaption id=\"caption-attachment-28302\" class=\"wp-caption-text\">GAP ORFEU, CRIADOR: EDUARDO MACEDO LINHARES<\/figcaption><\/figure>\n<p><span style=\"font-size: 14px;\">O animal \u00e9 cria\u00e7\u00e3o de uma das fam\u00edlias mais tradicionais da ra\u00e7a, representada por Eduardo Macedo Linhares e Maria Helena Macedo Linhares em uma tarde de p\u00fablico entusiasmado nas arquibancadas da Arena do Cavalo Crioulo. Garantindo que o cora\u00e7\u00e3o \u201cest\u00e1 firme\u201d ap\u00f3s uma disputa definida na \u00faltima etapa, o patriarca dedicou o pr\u00eamio \u00e0 equipe da GAP Gen\u00e9tica. \u201cTransfiro o pr\u00eamio a toda minha equipe de trabalho, que \u00e9 muito boa\u201d, disse ao lado da esposa, de amigos e familiares.<\/span><\/p>\n<p><span style=\"font-size: 14px;\">Bicampe\u00e3o do Bocal, Ricardo Gigena Wrege relata que a presen\u00e7a da fam\u00edlia \u00e9 essencial para a obten\u00e7\u00e3o de resultados em pista. \u201cTer minha esposa e meus filhos por perto \u00e9 um conforto. \u00c9 o que nos d\u00e1 for\u00e7a. \u00c9 uma alegria conseguir mostrar o melhor de cada cavalo. Sou grato \u00e0 minha equipe, inclusive aos que ficaram preparando os animais que ir\u00e3o para FICCC\u201d, destaca, lembrando que o gateado rosilho foi entregue ao centro de treinamento em janeiro. \u201cA gente chega aqui com uma estrat\u00e9gia tra\u00e7ada. As coisas foram acontecendo, e ele foi respondendo muito bem a cada prova. H\u00e1 cavalos que crescem muito durante a competi\u00e7\u00e3o e outros que acabam se entregando. Vai muito do cora\u00e7\u00e3o de cada cavalo. Esse veio crescendo prova a prova e surpreendendo demais\u201d, disse o ginete que, a cada etapa, ganha um beijo de boa sorte da esposa. Ao lado de Gap Orfeu, filho de Fant\u00e1stico de S\u00e3o Pedro e Amanda de S\u00e3o Pedro, Wrege finalizou a disputa com 20.765 pontos.\u00a0<\/span><\/p>\n<p><span style=\"font-size: 14px;\">Festa em fam\u00edlia tamb\u00e9m entre as f\u00eameas com a vit\u00f3ria da \u00e9gua Guerreira da Pavei (Box 44), da Cabanha Pavei, de I\u00e7ara (SC). Com 21.220 pontos, ela se manteve na lideran\u00e7a com estabilidade. \u201cEstou extremamente feliz, emocionado. Eu sabia que tinha uma \u00e9gua muito boa em casa e uma equipe maravilhosa, mas s\u00f3 acreditei na \u00faltima corrida. O cavalo agrega \u00e0 fam\u00edlia e a fam\u00edlia agrega o cavalo. Ter a nossa fam\u00edlia junto \u00e9 fundamental\u201d, frisou o criador Filipe Silveira Pavei, que comemorou a vit\u00f3ria ao lado do filho, Jo\u00e3o Ant\u00f4nio, e da esposa.<\/span><\/p>\n<p><span style=\"font-size: 14px;\">Na volta da vit\u00f3ria, na Arena do Cavalo Crioulo, o cen\u00e1rio foi o mesmo. No lombo da \u00e9gua, o ginete Fernando Andrighetti celebrou a primeira coloca\u00e7\u00e3o do p\u00f3dio com o filho Francisco, de quatro anos. \u201c\u00c9 um trabalho de muita gente, um grande esfor\u00e7o para chegar aqui e dar tudo certo. Ela teve muita const\u00e2ncia do in\u00edcio ao fim, n\u00e3o teve nenhuma prova ruim\u201d, afirma Andrighetti. Nascida em 2018, a colorada \u00e9 filha de Chic\u00e3o de Santa Odessa e Guerreira da \u00c1gua Verde, e passou por treinamento de um ano e meio para participar das disputas em Esteio (RS).<\/span><\/p>\n<p>&nbsp;<\/p>\n<figure id=\"attachment_28301\" aria-describedby=\"caption-attachment-28301\" style=\"width: 300px\" class=\"wp-caption alignright\"><a href=\"https:\/\/clubedohipismo.com.br\/home\/wp-content\/uploads\/2026\/04\/FU16_D850-3659-Editar-Medio.jpg\"><img  title=\"\" decoding=\"async\" class=\"size-medium wp-image-28301\" src=\"https:\/\/clubedohipismo.com.br\/home\/wp-content\/uploads\/2026\/04\/FU16_D850-3659-Editar-Medio-300x200.jpg\"  alt=\"FU16_D850-3659-Editar-Medio-300x200 Vit\u00f3ria vem do cora\u00e7\u00e3o e coroa Gap Orfeu e Guerreira da Pavei no Bocal de Ouro\"  width=\"300\" height=\"200\" srcset=\"https:\/\/clubedohipismo.com.br\/home\/wp-content\/uploads\/2026\/04\/FU16_D850-3659-Editar-Medio-300x200.jpg 300w, https:\/\/clubedohipismo.com.br\/home\/wp-content\/uploads\/2026\/04\/FU16_D850-3659-Editar-Medio-1024x682.jpg 1024w, https:\/\/clubedohipismo.com.br\/home\/wp-content\/uploads\/2026\/04\/FU16_D850-3659-Editar-Medio-768x512.jpg 768w, https:\/\/clubedohipismo.com.br\/home\/wp-content\/uploads\/2026\/04\/FU16_D850-3659-Editar-Medio-399x266.jpg 399w, https:\/\/clubedohipismo.com.br\/home\/wp-content\/uploads\/2026\/04\/FU16_D850-3659-Editar-Medio.jpg 1153w\" sizes=\"(max-width: 300px) 100vw, 300px\" \/><\/a><figcaption id=\"caption-attachment-28301\" class=\"wp-caption-text\">Como preza a tradi\u00e7\u00e3o do Cavalo Crioulo, a comemora\u00e7\u00e3o da vit\u00f3ria do Bocal de Ouro 2026 veio em fam\u00edlia.<\/figcaption><\/figure>\n<p><span style=\"font-size: 14px;\"><strong>For\u00e7a Extra no Freio<\/strong><\/span><\/p>\n<p>&nbsp;<\/p>\n<p><span style=\"font-size: 14px;\">A for\u00e7a dos animais estreantes selecionados no Bocal de Ouro deve acirrar a disputa do Freio de Ouro durante a Expointer 2026. Segundo o jurado Luiz Martins Bastos Neto, que avaliou os machos, os animais que pontearam a prova apresentaram um n\u00edvel muito bom. \u201cV\u00e3o mostrar uma expressiva representa\u00e7\u00e3o para o Freio de Ouro. S\u00e3o fortes concorrentes\u201d. Nas f\u00eameas, o jurado Telmo de Oliveira Peixoto frisou a qualidade morfol\u00f3gica e a const\u00e2ncia em pista. \u201cDurante a semana, tivemos bastante altern\u00e2ncia entre as posi\u00e7\u00f5es, muitos animais de qualidade\u201d. Cl\u00e1udio Neto de Azevedo, Douglas Leite Gon\u00e7alves, Gustavo Silveira Rodrigues e Luciano Comiotto tamb\u00e9m compuseram os trios de jurados nas f\u00eameas e machos, respectivamente. O jurado reserva foi Jo\u00e3o Luis Arisio.<\/span><\/p>\n<p><span style=\"font-size: 14px;\">Ao todo, a etapa selecionou oito machos e oito f\u00eameas para a grande final na Expointer, totalizando em 16 exemplares classificados. Entre 20 e 25 de abril, 92 conjuntos (48 machos e 44 f\u00eameas) participaram das disputas no Parque de Exposi\u00e7\u00f5es Assis Brasil. Foram provas de Morfologia, Andaduras, Figura, Voltas Sobre Patas (VSP) e Esbarradas, Bayard\/Sarmento, Mangueira I e II e Campo I e II.\u00a0\u00a0<\/span><\/p>\n<p><span style=\"font-size: 14px;\">A Classificat\u00f3ria em Esteio foi promovida pela ABCCC e transmitida pelo canal do Youtube da associa\u00e7\u00e3o. Conforme o calend\u00e1rio de seletivas da ABCCC, mais seis classificat\u00f3rias para o Freio de Ouro ser\u00e3o realizadas at\u00e9 julho de 2026: Ga\u00facha Sul e Norte, Regi\u00f5es (5, 7 e 8), Aberta em Esteio, a do Uruguai, em Montevid\u00e9u, e a do Freio da FICCC. O ciclo do Freio de Ouro do Cavalo Crioulo conta com o patroc\u00ednio de Banrisul, Bayer, Florestal, John Deere, Supra e Vetnil.\u00a0<\/span><\/p>\n<p>&nbsp;<\/p>\n<p><span style=\"font-size: 14px;\"><strong>Ginete Destaque<\/strong><\/span><\/p>\n<p>&nbsp;<\/p>\n<p><span style=\"font-size: 14px;\">A habilidade dos ginetes tamb\u00e9m foi premiada durante o Bocal 2026. O ginete destaque montando as \u00e9guas foi Fernando Andrighetti, que levou o Bocal de Ouro ao lado de Guerreira da Pavei. Ga\u00facho de Caxias do Sul (RS), ele trabalha em I\u00e7ara (SC). \u201c\u00c9 para fechar com chave de ouro. Esse t\u00edtulo vem para deixar a gente ainda mais feliz. Estamos de alma lavada\u201d, disse o ginete.<\/span><br \/>\n<span style=\"font-size: 14px;\">Entre os que se apresentaram com os machos, a vit\u00f3ria foi para Fabr\u00edcio Brunelli Barbosa, de Porto Alegre (RS). Representando o Centro de Treinamento Fabr\u00edcio Brunelli, ele classificou quatro animais nesta etapa e ainda conquistou o Bocal de Prata ao lado de Sombrero do Macanudo. \u201c\u00c9 uma realiza\u00e7\u00e3o e um orgulho porque representa o trabalho de um ano inteiro\u201d.<\/span><span style=\"font-size: 14px;\"><strong>Confira abaixo os exemplares que garantiram uma vaga na final do Freio de Ouro na seletiva realizada em Esteio.<\/strong><\/span><\/p>\n<p>&nbsp;<\/p>\n<p>&nbsp;<\/p>\n<p><span style=\"font-size: 14px;\"><strong>MACHOS<\/strong><\/span><\/p>\n<p><span style=\"font-size: 14px;\">BOCAL DE OURO<\/span><\/p>\n<p><span style=\"font-size: 14px;\">BOX 67 GAP ORFEU<\/span><\/p>\n<p><span style=\"font-size: 14px;\">R.P. 2171, B608757, NMGC 8, NASC 04\/11\/2020, MACHO, GATEADA ROSILHA, POR FANT\u00c1STICO DE S\u00c3O PEDRO (B396137) (PAI) E AMANDA DE S\u00c3O PEDRO (B275959) (M\u00c3E)<\/span><\/p>\n<p><span style=\"font-size: 14px;\">CRIADOR: EDUARDO MACEDO LINHARES<\/span><\/p>\n<p><span style=\"font-size: 14px;\">EXPOSITOR: PARCERIA GAP GEN\u00c9TICA<\/span><\/p>\n<p><span style=\"font-size: 14px;\">ESTABELECIMENTO: EST\u00c2NCIA GAP S\u00c3O PEDRO, URUGUAIANA-RS<\/span><\/p>\n<p><span style=\"font-size: 14px;\">GINETE: RICARDO GIGENA WREGE<\/span><\/p>\n<p><span style=\"font-size: 14px;\">DOMADOR: EMERSON PEREIRA DOS SANTOS<\/span><\/p>\n<p><span style=\"font-size: 14px;\">M\u00e9dia: 20.765 pontos<\/span><\/p>\n<p>&nbsp;<\/p>\n<p><span style=\"font-size: 14px;\">BOCAL DE PRATA<\/span><\/p>\n<p><span style=\"font-size: 14px;\">BOX 64 SOMBRERO DO MACANUDO<\/span><\/p>\n<p><span style=\"font-size: 14px;\">R.P. 950, B602572, NMGC 8, NASC 15\/11\/2020, MACHO, GATEADA, POR GANADERO DA HARMONIA (B137740) (PAI) E SANTA TERESA CANTARINA (B349088) (M\u00c3E)<\/span><\/p>\n<p><span style=\"font-size: 14px;\">CRIADOR: MAURO E TELMO FERREIRA<\/span><\/p>\n<p><span style=\"font-size: 14px;\">EXPOSITOR: MAURO E TELMO FERREIRA<\/span><\/p>\n<p><span style=\"font-size: 14px;\">ESTABELECIMENTO: CABANHA MACANUDO, LAVRAS DO SUL-RS<\/span><\/p>\n<p><span style=\"font-size: 14px;\">GINETE: FABRICIO BRUNELLI BARBOSA<\/span><\/p>\n<p><span style=\"font-size: 14px;\">DOMADOR: JARDEL QUEVEDO DE VARGAS<\/span><\/p>\n<p><span style=\"font-size: 14px;\">M\u00e9dia: 20.673 pontos<\/span><\/p>\n<p>&nbsp;<\/p>\n<p><span style=\"font-size: 14px;\">BOCAL DE BRONZE<\/span><\/p>\n<p><span style=\"font-size: 14px;\">BOX 59 RE SILVESTRE-TE<\/span><\/p>\n<p><span style=\"font-size: 14px;\">R.P. 1345, B614387, NMGC 7, NASC 13\/01\/2021, MACHO, COLORADA, POR IMPULSO DA MAYA (B457302) (PAI) E FAMOSA DA FASCINA\u00c7\u00c3O (B149709) (M\u00c3E)<\/span><\/p>\n<p><span style=\"font-size: 14px;\">CRIADOR: EVALDO FRANCISCO DA ROSA<\/span><\/p>\n<p><span style=\"font-size: 14px;\">EXPOSITOR: EVALDO FRANCISCO DA ROSA<\/span><\/p>\n<p><span style=\"font-size: 14px;\">ESTABELECIMENTO: EST\u00c2NCIA LIBERDADE, ROLANTE-RS<\/span><\/p>\n<p><span style=\"font-size: 14px;\">GINETE: JARDEL FINKENAUER PEREIRA<\/span><\/p>\n<p><span style=\"font-size: 14px;\">DOMADOR: JARDEL FINKENAUER PEREIRA<\/span><\/p>\n<p><span style=\"font-size: 14px;\">M\u00e9dia: 20.518 pontos<\/span><\/p>\n<p>&nbsp;<\/p>\n<p><span style=\"font-size: 14px;\">BOCAL DE ALPACA<\/span><\/p>\n<p><span style=\"font-size: 14px;\">BOX 71 QUADRO NEGRO DA TAMAREIRA<\/span><\/p>\n<p><span style=\"font-size: 14px;\">R.P. 492, B611619, NMGC 6, NASC 05\/10\/2020, MACHO, PICA\u00c7A, POR JA LIBERTADOR (B371076) (PAI) E VV TRANQUILA (B281763) (M\u00c3E)<\/span><\/p>\n<p><span style=\"font-size: 14px;\">CRIADOR: CARLA F. MUSA \/ ON\u00c9CIO SILVEIRA PRADO JR<\/span><\/p>\n<p><span style=\"font-size: 14px;\">EXPOSITOR: CARLA F. MUSA \/ ON\u00c9CIO SILVEIRA PRADO JR<\/span><\/p>\n<p><span style=\"font-size: 14px;\">ESTABELECIMENTO: EST\u00c2NCIA TAMAREIRA, SANTA RITA DO PASSA QUATRO-SP<\/span><\/p>\n<p><span style=\"font-size: 14px;\">GINETE: CEZAR AUGUSTO SCHELL FREIRE<\/span><\/p>\n<p><span style=\"font-size: 14px;\">DOMADOR: JAIR SILVEIRA LEMOS<\/span><\/p>\n<p><span style=\"font-size: 14px;\">M\u00e9dia: 19.859 pontos<\/span><\/p>\n<p>&nbsp;<\/p>\n<p><span style=\"font-size: 14px;\">5\u00ba LUGAR<\/span><\/p>\n<p><span style=\"font-size: 14px;\">BOX 89 GRANDE AMIGO DO PORTAL GA\u00daCHO<\/span><\/p>\n<p><span style=\"font-size: 14px;\">R.P. 176, B559034, NMGC 6, NASC 28\/11\/2018, MACHO, COLORADA DOURADILHA, POR JOGO DURO DO PORTAL GA\u00daCHO (B324919) (PAI) E VIRAGRO TALERA (B325139) (M\u00c3E)<\/span><\/p>\n<p><span style=\"font-size: 14px;\">CRIADOR: JOS\u00c9 LUIZ TEIXEIRA MARCANTONIO<\/span><\/p>\n<p><span style=\"font-size: 14px;\">EXPOSITOR: JOS\u00c9 LUIZ TEIXEIRA MARCANTONIO<\/span><\/p>\n<p><span style=\"font-size: 14px;\">ESTABELECIMENTO: PORTAL GA\u00daCHO, VACARIA-RS<\/span><\/p>\n<p><span style=\"font-size: 14px;\">GINETE: FABRICIO BRUNELLI BARBOSA<\/span><\/p>\n<p><span style=\"font-size: 14px;\">M\u00e9dia: 19.858 pontos<\/span><\/p>\n<p>&nbsp;<\/p>\n<p><span style=\"font-size: 14px;\">6\u00ba LUGAR<\/span><\/p>\n<p><span style=\"font-size: 14px;\">BOX 87 CAMPANA HABANERO<\/span><\/p>\n<p><span style=\"font-size: 14px;\">R.P. 1092, B576012, NMGC 8, NASC 10\/09\/2019, MACHO, COLORADA SALINA, POR TA\u00d1IDO CANTA GALLO (B481227) (PAI) E CAMPANA QUITANDA (B220552) (M\u00c3E)<\/span><\/p>\n<p><span style=\"font-size: 14px;\">CRIADOR: M\u00c1RIO MOGLIA SU\u00d1E<\/span><\/p>\n<p><span style=\"font-size: 14px;\">EXPOSITOR: CONDOM\u00cdNIO CAMPANA HABANERO<\/span><\/p>\n<p><span style=\"font-size: 14px;\">GINETE: DANIEL WAIHRICH MARIM TEIXEIRA<\/span><\/p>\n<p><span style=\"font-size: 14px;\">DOMADOR: ARMANDO DUARTE SILVERA<\/span><\/p>\n<p><span style=\"font-size: 14px;\">M\u00e9dia: 19.816 pontos<\/span><\/p>\n<p>&nbsp;<\/p>\n<p><span style=\"font-size: 14px;\">7\u00ba LUGAR<\/span><\/p>\n<p><span style=\"font-size: 14px;\">BOX 63 A LO LARGO PENSAMENTO<\/span><\/p>\n<p><span style=\"font-size: 14px;\">R.P. 365, B614849, NMGC 6, NASC 17\/11\/2020, MACHO, ZAINA, POR ELEITO DO MANO A MANO (B266264) (PAI) E A LO LARGO INDIANA (B456818) (M\u00c3E)<\/span><\/p>\n<p><span style=\"font-size: 14px;\">CRIADOR: P\u00c9RICLES P.DRUCK E PAULO ROBERTO SOUTO<\/span><\/p>\n<p><span style=\"font-size: 14px;\">EXPOSITOR: CONDOM\u00cdNIO PENSAMENTO POSITIVO A LO LARGO E CARPE DIEM<\/span><\/p>\n<p><span style=\"font-size: 14px;\">ESTABELECIMENTO: EST\u00c2NCIA DA QUINTA, EL TROPILLERO E CARPE DIEM, RIO PARDO-RS<\/span><\/p>\n<p><span style=\"font-size: 14px;\">GINETE: FABRICIO BRUNELLI BARBOSA<\/span><\/p>\n<p><span style=\"font-size: 14px;\">DOMADOR: MAIQUEL ELISANDRO DUTRA COELHO<\/span><\/p>\n<p><span style=\"font-size: 14px;\">M\u00e9dia: 19.701 pontos<\/span><\/p>\n<p>&nbsp;<\/p>\n<p><span style=\"font-size: 14px;\">8\u00ba LUGAR<\/span><\/p>\n<p><span style=\"font-size: 14px;\">BOX 83 CAPANEGRA ESPARTANO<\/span><\/p>\n<p><span style=\"font-size: 14px;\">R.P. 2571, B588900, NMGC 7, NASC 09\/10\/2019, MACHO, LOBUNA, POR CAPANEGRA JACARTA (B196924) (PAI) E CAPANEGRA ON\u00c7A PARDA (B270893) (M\u00c3E)<\/span><\/p>\n<p><span style=\"font-size: 14px;\">CRIADOR: FERNANDO DORNELLES PONS<\/span><\/p>\n<p><span style=\"font-size: 14px;\">EXPOSITOR: PARCERIA ESPARTANO<\/span><\/p>\n<p><span style=\"font-size: 14px;\">GINETE: EDUARDO WEBER DE QUADROS<\/span><\/p>\n<p><span style=\"font-size: 14px;\">DOMADOR: EVERALDO DE SOUZA SILVEIRA<\/span><\/p>\n<p><span style=\"font-size: 14px;\">M\u00e9dia: 19.198 pontos<\/span><\/p>\n<p><span style=\"font-size: 14px;\"><strong>F\u00caMEAS<\/strong><\/span><\/p>\n<p>&nbsp;<\/p>\n<p><span style=\"font-size: 14px;\">BOCAL DE OURO<\/span><\/p>\n<p><span style=\"font-size: 14px;\">BOX 44 GUERREIRA DA PAVEI<\/span><\/p>\n<p><span style=\"font-size: 14px;\">R.P. 70, B605436, NMGC 5, NASC 26\/11\/2018, F\u00caMEA, COLORADA, POR CHIC\u00c3O DE SANTA ODESSA (B101899) (PAI) E GUERREIRA DA \u00c1GUA VERDE (B268878) (M\u00c3E)<\/span><\/p>\n<p><span style=\"font-size: 14px;\">CRIADOR: FILIPE SILVEIRA PAVEI<\/span><\/p>\n<p><span style=\"font-size: 14px;\">EXPOSITOR: FILIPE SILVEIRA PAVEI<\/span><\/p>\n<p><span style=\"font-size: 14px;\">ESTABELECIMENTO: CABANHA PAVEI, I\u00c7ARA-SC<\/span><\/p>\n<p><span style=\"font-size: 14px;\">GINETE: FERNANDO ANDRIGHETTI<\/span><\/p>\n<p><span style=\"font-size: 14px;\">DOMADOR: DANIEL BANDEIRA ORTIZ<\/span><\/p>\n<p><span style=\"font-size: 14px;\">M\u00e9dia: 21.220 pontos<\/span><\/p>\n<p>&nbsp;<\/p>\n<p><span style=\"font-size: 14px;\">BOCAL DE PRATA<\/span><\/p>\n<p><span style=\"font-size: 14px;\">BOX 10 FARROUPILHA DO MONJOLO<\/span><\/p>\n<p><span style=\"font-size: 14px;\">R.P. 85, B620658, NMGC 6, NASC 27\/11\/2020, F\u00caMEA, LOBUNA SALINA, POR ATROPELO DO MONJOLO (B494611) (PAI) E CALDERA SOMBRA (B160633) (M\u00c3E)<\/span><\/p>\n<p><span style=\"font-size: 14px;\">CRIADOR: JOS\u00c9 GOMES CEZAR E FILHO<\/span><\/p>\n<p><span style=\"font-size: 14px;\">EXPOSITOR: HUMBERTO MARTINS CEZAR<\/span><\/p>\n<p><span style=\"font-size: 14px;\">ESTABELECIMENTO: AGRO-PECU\u00c1RIA FORTALEZA, PALMEIRA DAS MISS\u00d5ES-RS<\/span><\/p>\n<p><span style=\"font-size: 14px;\">GINETE: TOMAZ MARQUES IGNACIO GON\u00c7ALVES<\/span><\/p>\n<p><span style=\"font-size: 14px;\">DOMADOR: VILANDIR DA SILVA MACHADO<\/span><\/p>\n<p><span style=\"font-size: 14px;\">M\u00e9dia: 20.627 pontos<\/span><\/p>\n<p>&nbsp;<\/p>\n<p><span style=\"font-size: 14px;\">BOCAL DE BRONZE<\/span><\/p>\n<p><span style=\"font-size: 14px;\">BOX 04 SANTA ALICE AGUERRIDA<\/span><\/p>\n<p><span style=\"font-size: 14px;\">R.P. 1106, B628441, NMGC 6, NASC 02\/11\/2021, F\u00caMEA, TOSTADA, POR SANTA ALICE NUBLADO II (B399620) (PAI) E SANTA ALICE PECETA (B464012) (M\u00c3E)<\/span><\/p>\n<p><span style=\"font-size: 14px;\">CRIADOR: MARCELO BOMFIGLIO MAR\u00c7AL<\/span><\/p>\n<p><span style=\"font-size: 14px;\">EXPOSITOR: EST\u00c2NCIA SANTA ALICE\/MAURICIO FERREIRA<\/span><\/p>\n<p><span style=\"font-size: 14px;\">GINETE: RICARDO GIGENA WREGE<\/span><\/p>\n<p><span style=\"font-size: 14px;\">DOMADOR: JORGE MISSIONEIRO FILHO<\/span><\/p>\n<p><span style=\"font-size: 14px;\">M\u00e9dia: 19.682 pontos<\/span><\/p>\n<p>&nbsp;<\/p>\n<p><span style=\"font-size: 14px;\">BOCAL DE ALPACA<\/span><\/p>\n<p><span style=\"font-size: 14px;\">BOX 23 BASCA HARMONIA II<\/span><\/p>\n<p><span style=\"font-size: 14px;\">R.P. 1518, B606179, NMGC 7, NASC 01\/08\/2020, F\u00caMEA, ZAINA ESCURA, POR BASCO ON\u00c1SSIS (B243062) (PAI) E AS MALKE DENGOSA-TE (B463167) (M\u00c3E)<\/span><\/p>\n<p><span style=\"font-size: 14px;\">CRIADOR: MARIANA FRANCO TELLECHEA E FILHOS<\/span><\/p>\n<p><span style=\"font-size: 14px;\">EXPOSITOR: MARIANA FRANCO TELLECHEA E FILHOS<\/span><\/p>\n<p><span style=\"font-size: 14px;\">ESTABELECIMENTO: CABANHA BASCA, URUGUAIANA-RS<\/span><\/p>\n<p><span style=\"font-size: 14px;\">GINETE: LUIS GUSTAVO RODRIGUES RUAS<\/span><\/p>\n<p><span style=\"font-size: 14px;\">DOMADOR: EVANDRO BONETTI ESCOVAR<\/span><\/p>\n<p><span style=\"font-size: 14px;\">M\u00e9dia: 19.300 pontos<\/span><\/p>\n<p>&nbsp;<\/p>\n<p><span style=\"font-size: 14px;\">5\u00ba LUGAR<\/span><\/p>\n<p><span style=\"font-size: 14px;\">BOX 42 QUATIARA 2080 MAUFER<\/span><\/p>\n<p><span style=\"font-size: 14px;\">R.P. 2080, B589935, NMGC 7, NASC 26\/09\/2019, F\u00caMEA, GATEADA BRAGADA, POR KT AMANHECER (B438313) (PAI) E HIJA BUENA 1438 MAUFER-TE (B413494) (M\u00c3E)<\/span><\/p>\n<p><span style=\"font-size: 14px;\">CRIADOR: FERNANDO LAMPERT WEIAND<\/span><\/p>\n<p><span style=\"font-size: 14px;\">EXPOSITOR: JOS\u00c9 FRANCISCO SEABRA MENDES<\/span><\/p>\n<p><span style=\"font-size: 14px;\">ESTABELECIMENTO: CABANHA PHOENIX, TAQUARA-RS<\/span><\/p>\n<p><span style=\"font-size: 14px;\">GINETE: CEZAR AUGUSTO SCHELL FREIRE<\/span><\/p>\n<p><span style=\"font-size: 14px;\">M\u00e9dia: 19.275 pontos<\/span><\/p>\n<p>&nbsp;<\/p>\n<p><span style=\"font-size: 14px;\">6\u00ba LUGAR<\/span><\/p>\n<p><span style=\"font-size: 14px;\">BOX 02 PP DEBOCHADA DA RENASCER<\/span><\/p>\n<p><span style=\"font-size: 14px;\">R.P. 454, B620622, NMGC 6, NASC 30\/11\/2021, F\u00caMEA, OVEIRA COLORADA SALINA, POR SANTA ALICE NUBLADO II (B399620) (PAI) E ESTAMPA II DA CAMILA (B279447) (M\u00c3E)<\/span><\/p>\n<p><span style=\"font-size: 14px;\">CRIADOR: PAULO ROBERTO PAVIN<\/span><\/p>\n<p><span style=\"font-size: 14px;\">EXPOSITOR: PAULO ROBERTO PAVIN<\/span><\/p>\n<p><span style=\"font-size: 14px;\">ESTABELECIMENTO: CABANHA RENASCER, URUGUAIANA-RS<\/span><\/p>\n<p><span style=\"font-size: 14px;\">GINETE: FABRICIO BRUNELLI BARBOSA<\/span><\/p>\n<p><span style=\"font-size: 14px;\">DOMADOR: MARCOS BRAGA SILVEIRA DE \u00c1VILA<\/span><\/p>\n<p><span style=\"font-size: 14px;\">M\u00e9dia: 19.221 pontos<\/span><\/p>\n<p>&nbsp;<\/p>\n<p><span style=\"font-size: 14px;\">7\u00ba LUGAR<\/span><\/p>\n<p>&nbsp;<\/p>\n<p><span style=\"font-size: 14px;\">BOX 21 QUADRILHA DA TAMAREIRA -TE<\/span><\/p>\n<p><span style=\"font-size: 14px;\">R.P. 489, B611609, NMGC 6, NASC 25\/09\/2020, F\u00caMEA, PICA\u00c7A BRAGADA, POR JA LIBERTADOR(B371076) (PAI) E JASMIM DA TAMAREIRA (B462883) (M\u00c3E)<\/span><\/p>\n<p><span style=\"font-size: 14px;\">CRIADOR: CARLA F. MUSA \/ ON\u00c9CIO SILVEIRA PRADO JR<\/span><\/p>\n<p><span style=\"font-size: 14px;\">EXPOSITOR: CARLA F. MUSA \/ ON\u00c9CIO SILVEIRA PRADO JR<\/span><\/p>\n<p><span style=\"font-size: 14px;\">ESTABELECIMENTO: EST\u00c2NCIA TAMAREIRA, SANTA RITA DO PASSA QUATRO-SP<\/span><\/p>\n<p><span style=\"font-size: 14px;\">GINETE: CEZAR AUGUSTO SCHELL FREIRE<\/span><\/p>\n<p><span style=\"font-size: 14px;\">DOMADOR: JAIR SILVEIRA LEMOS<\/span><\/p>\n<p><span style=\"font-size: 14px;\">M\u00e9dia: 18.992 pontos<\/span><\/p>\n<p>&nbsp;<\/p>\n<p><span style=\"font-size: 14px;\">8\u00ba LUGAR<\/span><\/p>\n<p><span style=\"font-size: 14px;\">BOX 46 QT \u00c1UREA -TE<\/span><\/p>\n<p><span style=\"font-size: 14px;\">R.P. 042, B536260, NMGC 6, NASC 01\/12\/2016, F\u00caMEA, GATEADA RUIVA, POR QT CHIC\u00c3O (B409228) (PAI) E QT MINHA V\u00d3 (B181878) (M\u00c3E)<\/span><\/p>\n<p><span style=\"font-size: 14px;\">CRIADOR: M\u00c1RCIO FONTOURA VIEIRA MARQUES<\/span><\/p>\n<p><span style=\"font-size: 14px;\">EXPOSITOR: M\u00c1RCIO FONTOURA VIEIRA MARQUES<\/span><\/p>\n<p><span style=\"font-size: 14px;\">ESTABELECIMENTO: CABANHA QUETE, S\u00c3O LUIZ GONZAGA-RS<\/span><\/p>\n<p><span style=\"font-size: 14px;\">GINETE: RIAN DE VASCONCELOS VALAD\u00c3O<\/span><\/p>\n<p><span style=\"font-size: 14px;\">DOMADOR: REINALDO DE SOUZA SILVEIRA<\/span><\/p>\n<p><span style=\"font-size: 14px;\">M\u00e9dia: 18.669 pontos<\/span><\/p>\n<p><strong>Colabora\u00e7\u00e3o:<\/strong><\/p>\n<p>Carolina Jardine, Caroline Quincozes,\u00a0Gisele Ortolan, Judy Wroblewski e Nataly Porto<\/p>\n<p><span style=\"font-size: 14px;\"><strong>Cr\u00e9dito das fotos: Felipe Ulbrich<\/strong><\/span><\/p>\n<p>Views: 5<\/p><div class=\"clube-centro clube-entity-placement\" style=\"text-align: center;\" id=\"clube-1105833640\"><div id=\"clube-1925962066\" style=\"margin-top: 2px;margin-right: 2px;margin-bottom: 2px;margin-left: 2px;float: right;\"><a href=\"https:\/\/www.ev.bemav.com.br\/\" target=\"_blank\" aria-label=\"EV\"><img src=\"https:\/\/clubedohipismo.com.br\/home\/wp-content\/uploads\/2018\/12\/EV.png\" alt=\"\"  width=\"120\" height=\"120\"   \/><\/a><\/div><div id=\"clube-2632311816\" style=\"margin-top: 2px;margin-right: 2px;margin-bottom: 2px;margin-left: 2px;float: right;\"><a href=\"http:\/\/arybotas.com.br\/\" target=\"_blank\" aria-label=\"Banner AryBotas p\"><img src=\"https:\/\/clubedohipismo.com.br\/home\/wp-content\/uploads\/2018\/11\/Banner-AryBotas-p.png\" alt=\"\"  width=\"120\" height=\"120\"   \/><\/a><\/div><div id=\"clube-845985478\" style=\"margin-top: 2px;margin-right: 2px;margin-bottom: 2px;margin-left: 2px;float: right;\"><a href=\"https:\/\/aulasdeequitacao.com.br\/home\/\" target=\"_blank\" aria-label=\"Banner Thaty Aulas new p\"><img src=\"https:\/\/clubedohipismo.com.br\/home\/wp-content\/uploads\/2018\/11\/Banner-Thaty-Aulas-new-p.png\" alt=\"\"  width=\"120\" height=\"120\"   \/><\/a><\/div><div id=\"clube-3001792372\" style=\"margin-top: 2px;margin-right: 2px;margin-bottom: 2px;margin-left: 2px;float: right;\"><a href=\"https:\/\/harasfunchal.com.br\/\" target=\"_blank\" aria-label=\"Onde hospedar (estabular) seu cavalo\"><img src=\"https:\/\/clubedohipismo.com.br\/home\/wp-content\/uploads\/2018\/11\/Banner-Funchal-p.png\" alt=\"Onde hospedar (estabular) seu cavalo\"  width=\"120\" height=\"120\"   \/><\/a><\/div><div id=\"clube-3885825567\" style=\"margin-top: 2px;margin-right: 2px;margin-bottom: 2px;margin-left: 2px;float: right;\"><a href=\"https:\/\/mav.tec.br\/kyc\/\" target=\"_blank\" aria-label=\"kyc banner clube\"><img src=\"https:\/\/clubedohipismo.com.br\/home\/wp-content\/uploads\/2018\/12\/kyc-banner-clube.png\" alt=\"\"  width=\"120\" height=\"120\"   \/><\/a><\/div><\/div>","protected":false},"excerpt":{"rendered":"<p>Vit\u00f3ria vem do cora\u00e7\u00e3o e coroa Gap Orfeu e Guerreira da Pavei no Bocal de Ouro Como preza a tradi\u00e7\u00e3o do Cavalo Crioulo, a comemora\u00e7\u00e3o da vit\u00f3ria do Bocal de &hellip;<\/p>\n","protected":false},"author":2,"featured_media":28302,"comment_status":"closed","ping_status":"closed","sticky":false,"template":"","format":"standard","meta":{"sfsi_plus_gutenberg_text_before_share":"","sfsi_plus_gutenberg_show_text_before_share":"","sfsi_plus_gutenberg_icon_type":"","sfsi_plus_gutenberg_icon_alignemt":"","sfsi_plus_gutenburg_max_per_row":"","footnotes":""},"categories":[174,13],"tags":[19,109,10,21],"class_list":["post-28300","post","type-post","status-publish","format-standard","has-post-thumbnail","hentry","category-artigos","category-o-mundo-do-cavalo","tag-abccc","tag-bocal-de-ouro","tag-cavalocrioulo","tag-freio-de-ouro"],"yoast_head":"<!-- This site is optimized with the Yoast SEO plugin v27.4 - https:\/\/yoast.com\/product\/yoast-seo-wordpress\/ -->\n<title>Vit\u00f3ria vem do cora\u00e7\u00e3o e coroa Gap Orfeu e Guerreira da Pavei no Bocal de Ouro - Clube do Hipismo<\/title>\n<meta name=\"description\" content=\"Ricardo Gigena Wrege percorreu a volta da vit\u00f3ria do Bocal de Ouro, logo ap\u00f3s vencer com o cavalo Gap Orfeu (Box 67)\" \/>\n<meta name=\"robots\" content=\"index, follow, max-snippet:-1, max-image-preview:large, max-video-preview:-1\" \/>\n<link rel=\"canonical\" href=\"https:\/\/clubedohipismo.com.br\/home\/2026\/04\/28\/vitoria-vem-do-coracao-e-coroa-gap-orfeu\/\" \/>\n<meta property=\"og:locale\" content=\"pt_BR\" \/>\n<meta property=\"og:type\" content=\"article\" \/>\n<meta property=\"og:title\" content=\"Vit\u00f3ria vem do cora\u00e7\u00e3o e coroa Gap Orfeu e Guerreira da Pavei no Bocal de Ouro - Clube do Hipismo\" \/>\n<meta property=\"og:description\" content=\"Ricardo Gigena Wrege percorreu a volta da vit\u00f3ria do Bocal de Ouro, logo ap\u00f3s vencer com o cavalo Gap Orfeu (Box 67)\" \/>\n<meta property=\"og:url\" content=\"https:\/\/clubedohipismo.com.br\/home\/2026\/04\/28\/vitoria-vem-do-coracao-e-coroa-gap-orfeu\/\" \/>\n<meta property=\"og:site_name\" content=\"Clube do Hipismo\" \/>\n<meta property=\"article:published_time\" content=\"2026-04-28T14:38:52+00:00\" \/>\n<meta property=\"og:image\" content=\"https:\/\/clubedohipismo.com.br\/home\/wp-content\/uploads\/2026\/04\/1\u02dalugar_Bocal-de-Ouro_FU16_D850-3240-Editar_Box-067_GAP-Orfeu-Medio.jpg\" \/>\n\t<meta property=\"og:image:width\" content=\"1153\" \/>\n\t<meta property=\"og:image:height\" content=\"768\" \/>\n\t<meta property=\"og:image:type\" content=\"image\/jpeg\" \/>\n<meta name=\"author\" content=\"Marco Vidal\" \/>\n<meta name=\"twitter:card\" content=\"summary_large_image\" \/>\n<meta name=\"twitter:label1\" content=\"Escrito por\" \/>\n\t<meta name=\"twitter:data1\" content=\"Marco Vidal\" \/>\n\t<meta name=\"twitter:label2\" content=\"Est. tempo de leitura\" \/>\n\t<meta name=\"twitter:data2\" content=\"10 minutos\" \/>\n<script type=\"application\/ld+json\" class=\"yoast-schema-graph\">{\"@context\":\"https:\\\/\\\/schema.org\",\"@graph\":[{\"@type\":\"Article\",\"@id\":\"https:\\\/\\\/clubedohipismo.com.br\\\/home\\\/2026\\\/04\\\/28\\\/vitoria-vem-do-coracao-e-coroa-gap-orfeu\\\/#article\",\"isPartOf\":{\"@id\":\"https:\\\/\\\/clubedohipismo.com.br\\\/home\\\/2026\\\/04\\\/28\\\/vitoria-vem-do-coracao-e-coroa-gap-orfeu\\\/\"},\"author\":{\"name\":\"Marco Vidal\",\"@id\":\"https:\\\/\\\/clubedohipismo.com.br\\\/home\\\/#\\\/schema\\\/person\\\/02a1be4ce15daab4ed7b2fd71bf47143\"},\"headline\":\"Vit\u00f3ria vem do cora\u00e7\u00e3o e coroa Gap Orfeu e Guerreira da Pavei no Bocal de Ouro\",\"datePublished\":\"2026-04-28T14:38:52+00:00\",\"mainEntityOfPage\":{\"@id\":\"https:\\\/\\\/clubedohipismo.com.br\\\/home\\\/2026\\\/04\\\/28\\\/vitoria-vem-do-coracao-e-coroa-gap-orfeu\\\/\"},\"wordCount\":1998,\"publisher\":{\"@id\":\"https:\\\/\\\/clubedohipismo.com.br\\\/home\\\/#organization\"},\"image\":{\"@id\":\"https:\\\/\\\/clubedohipismo.com.br\\\/home\\\/2026\\\/04\\\/28\\\/vitoria-vem-do-coracao-e-coroa-gap-orfeu\\\/#primaryimage\"},\"thumbnailUrl\":\"https:\\\/\\\/clubedohipismo.com.br\\\/home\\\/wp-content\\\/uploads\\\/2026\\\/04\\\/1\u02dalugar_Bocal-de-Ouro_FU16_D850-3240-Editar_Box-067_GAP-Orfeu-Medio.jpg\",\"keywords\":[\"ABCCC\",\"bocal de ouro\",\"cavalocrioulo\",\"freio de ouro\"],\"articleSection\":[\"Artigos\",\"Mundo do cavalo\"],\"inLanguage\":\"pt-BR\"},{\"@type\":\"WebPage\",\"@id\":\"https:\\\/\\\/clubedohipismo.com.br\\\/home\\\/2026\\\/04\\\/28\\\/vitoria-vem-do-coracao-e-coroa-gap-orfeu\\\/\",\"url\":\"https:\\\/\\\/clubedohipismo.com.br\\\/home\\\/2026\\\/04\\\/28\\\/vitoria-vem-do-coracao-e-coroa-gap-orfeu\\\/\",\"name\":\"Vit\u00f3ria vem do cora\u00e7\u00e3o e coroa Gap Orfeu e Guerreira da Pavei no Bocal de Ouro - Clube do Hipismo\",\"isPartOf\":{\"@id\":\"https:\\\/\\\/clubedohipismo.com.br\\\/home\\\/#website\"},\"primaryImageOfPage\":{\"@id\":\"https:\\\/\\\/clubedohipismo.com.br\\\/home\\\/2026\\\/04\\\/28\\\/vitoria-vem-do-coracao-e-coroa-gap-orfeu\\\/#primaryimage\"},\"image\":{\"@id\":\"https:\\\/\\\/clubedohipismo.com.br\\\/home\\\/2026\\\/04\\\/28\\\/vitoria-vem-do-coracao-e-coroa-gap-orfeu\\\/#primaryimage\"},\"thumbnailUrl\":\"https:\\\/\\\/clubedohipismo.com.br\\\/home\\\/wp-content\\\/uploads\\\/2026\\\/04\\\/1\u02dalugar_Bocal-de-Ouro_FU16_D850-3240-Editar_Box-067_GAP-Orfeu-Medio.jpg\",\"datePublished\":\"2026-04-28T14:38:52+00:00\",\"description\":\"Ricardo Gigena Wrege percorreu a volta da vit\u00f3ria do Bocal de Ouro, logo ap\u00f3s vencer com o cavalo Gap Orfeu (Box 67)\",\"breadcrumb\":{\"@id\":\"https:\\\/\\\/clubedohipismo.com.br\\\/home\\\/2026\\\/04\\\/28\\\/vitoria-vem-do-coracao-e-coroa-gap-orfeu\\\/#breadcrumb\"},\"inLanguage\":\"pt-BR\",\"potentialAction\":[{\"@type\":\"ReadAction\",\"target\":[\"https:\\\/\\\/clubedohipismo.com.br\\\/home\\\/2026\\\/04\\\/28\\\/vitoria-vem-do-coracao-e-coroa-gap-orfeu\\\/\"]}]},{\"@type\":\"ImageObject\",\"inLanguage\":\"pt-BR\",\"@id\":\"https:\\\/\\\/clubedohipismo.com.br\\\/home\\\/2026\\\/04\\\/28\\\/vitoria-vem-do-coracao-e-coroa-gap-orfeu\\\/#primaryimage\",\"url\":\"https:\\\/\\\/clubedohipismo.com.br\\\/home\\\/wp-content\\\/uploads\\\/2026\\\/04\\\/1\u02dalugar_Bocal-de-Ouro_FU16_D850-3240-Editar_Box-067_GAP-Orfeu-Medio.jpg\",\"contentUrl\":\"https:\\\/\\\/clubedohipismo.com.br\\\/home\\\/wp-content\\\/uploads\\\/2026\\\/04\\\/1\u02dalugar_Bocal-de-Ouro_FU16_D850-3240-Editar_Box-067_GAP-Orfeu-Medio.jpg\",\"width\":1153,\"height\":768,\"caption\":\"GAP ORFEU, CRIADOR: EDUARDO MACEDO LINHARES\"},{\"@type\":\"BreadcrumbList\",\"@id\":\"https:\\\/\\\/clubedohipismo.com.br\\\/home\\\/2026\\\/04\\\/28\\\/vitoria-vem-do-coracao-e-coroa-gap-orfeu\\\/#breadcrumb\",\"itemListElement\":[{\"@type\":\"ListItem\",\"position\":1,\"name\":\"In\u00edcio\",\"item\":\"https:\\\/\\\/clubedohipismo.com.br\\\/home\\\/\"},{\"@type\":\"ListItem\",\"position\":2,\"name\":\"Vit\u00f3ria vem do cora\u00e7\u00e3o e coroa Gap Orfeu e Guerreira da Pavei no Bocal de Ouro\"}]},{\"@type\":\"WebSite\",\"@id\":\"https:\\\/\\\/clubedohipismo.com.br\\\/home\\\/#website\",\"url\":\"https:\\\/\\\/clubedohipismo.com.br\\\/home\\\/\",\"name\":\"Clube do Hipismo\",\"description\":\"Not\u00edcias do mundo do cavalo\",\"publisher\":{\"@id\":\"https:\\\/\\\/clubedohipismo.com.br\\\/home\\\/#organization\"},\"potentialAction\":[{\"@type\":\"SearchAction\",\"target\":{\"@type\":\"EntryPoint\",\"urlTemplate\":\"https:\\\/\\\/clubedohipismo.com.br\\\/home\\\/?s={search_term_string}\"},\"query-input\":{\"@type\":\"PropertyValueSpecification\",\"valueRequired\":true,\"valueName\":\"search_term_string\"}}],\"inLanguage\":\"pt-BR\"},{\"@type\":\"Organization\",\"@id\":\"https:\\\/\\\/clubedohipismo.com.br\\\/home\\\/#organization\",\"name\":\"Clube do Hipismo\",\"url\":\"https:\\\/\\\/clubedohipismo.com.br\\\/home\\\/\",\"logo\":{\"@type\":\"ImageObject\",\"inLanguage\":\"pt-BR\",\"@id\":\"https:\\\/\\\/clubedohipismo.com.br\\\/home\\\/#\\\/schema\\\/logo\\\/image\\\/\",\"url\":\"https:\\\/\\\/clubedohipismo.com.br\\\/home\\\/wp-content\\\/uploads\\\/2018\\\/03\\\/clube-ch-dourado-wp-logo.png\",\"contentUrl\":\"https:\\\/\\\/clubedohipismo.com.br\\\/home\\\/wp-content\\\/uploads\\\/2018\\\/03\\\/clube-ch-dourado-wp-logo.png\",\"width\":512,\"height\":512,\"caption\":\"Clube do Hipismo\"},\"image\":{\"@id\":\"https:\\\/\\\/clubedohipismo.com.br\\\/home\\\/#\\\/schema\\\/logo\\\/image\\\/\"}},{\"@type\":\"Person\",\"@id\":\"https:\\\/\\\/clubedohipismo.com.br\\\/home\\\/#\\\/schema\\\/person\\\/02a1be4ce15daab4ed7b2fd71bf47143\",\"name\":\"Marco Vidal\",\"url\":\"https:\\\/\\\/clubedohipismo.com.br\\\/home\\\/author\\\/vergano\\\/\"}]}<\/script>\n<!-- \/ Yoast SEO plugin. -->","yoast_head_json":{"title":"Vit\u00f3ria vem do cora\u00e7\u00e3o e coroa Gap Orfeu e Guerreira da Pavei no Bocal de Ouro - Clube do Hipismo","description":"Ricardo Gigena Wrege percorreu a volta da vit\u00f3ria do Bocal de Ouro, logo ap\u00f3s vencer com o cavalo Gap Orfeu (Box 67)","robots":{"index":"index","follow":"follow","max-snippet":"max-snippet:-1","max-image-preview":"max-image-preview:large","max-video-preview":"max-video-preview:-1"},"canonical":"https:\/\/clubedohipismo.com.br\/home\/2026\/04\/28\/vitoria-vem-do-coracao-e-coroa-gap-orfeu\/","og_locale":"pt_BR","og_type":"article","og_title":"Vit\u00f3ria vem do cora\u00e7\u00e3o e coroa Gap Orfeu e Guerreira da Pavei no Bocal de Ouro - Clube do Hipismo","og_description":"Ricardo Gigena Wrege percorreu a volta da vit\u00f3ria do Bocal de Ouro, logo ap\u00f3s vencer com o cavalo Gap Orfeu (Box 67)","og_url":"https:\/\/clubedohipismo.com.br\/home\/2026\/04\/28\/vitoria-vem-do-coracao-e-coroa-gap-orfeu\/","og_site_name":"Clube do Hipismo","article_published_time":"2026-04-28T14:38:52+00:00","og_image":[{"width":1153,"height":768,"url":"https:\/\/clubedohipismo.com.br\/home\/wp-content\/uploads\/2026\/04\/1\u02dalugar_Bocal-de-Ouro_FU16_D850-3240-Editar_Box-067_GAP-Orfeu-Medio.jpg","type":"image\/jpeg"}],"author":"Marco Vidal","twitter_card":"summary_large_image","twitter_misc":{"Escrito por":"Marco Vidal","Est. tempo de leitura":"10 minutos"},"schema":{"@context":"https:\/\/schema.org","@graph":[{"@type":"Article","@id":"https:\/\/clubedohipismo.com.br\/home\/2026\/04\/28\/vitoria-vem-do-coracao-e-coroa-gap-orfeu\/#article","isPartOf":{"@id":"https:\/\/clubedohipismo.com.br\/home\/2026\/04\/28\/vitoria-vem-do-coracao-e-coroa-gap-orfeu\/"},"author":{"name":"Marco Vidal","@id":"https:\/\/clubedohipismo.com.br\/home\/#\/schema\/person\/02a1be4ce15daab4ed7b2fd71bf47143"},"headline":"Vit\u00f3ria vem do cora\u00e7\u00e3o e coroa Gap Orfeu e Guerreira da Pavei no Bocal de Ouro","datePublished":"2026-04-28T14:38:52+00:00","mainEntityOfPage":{"@id":"https:\/\/clubedohipismo.com.br\/home\/2026\/04\/28\/vitoria-vem-do-coracao-e-coroa-gap-orfeu\/"},"wordCount":1998,"publisher":{"@id":"https:\/\/clubedohipismo.com.br\/home\/#organization"},"image":{"@id":"https:\/\/clubedohipismo.com.br\/home\/2026\/04\/28\/vitoria-vem-do-coracao-e-coroa-gap-orfeu\/#primaryimage"},"thumbnailUrl":"https:\/\/clubedohipismo.com.br\/home\/wp-content\/uploads\/2026\/04\/1\u02dalugar_Bocal-de-Ouro_FU16_D850-3240-Editar_Box-067_GAP-Orfeu-Medio.jpg","keywords":["ABCCC","bocal de ouro","cavalocrioulo","freio de ouro"],"articleSection":["Artigos","Mundo do cavalo"],"inLanguage":"pt-BR"},{"@type":"WebPage","@id":"https:\/\/clubedohipismo.com.br\/home\/2026\/04\/28\/vitoria-vem-do-coracao-e-coroa-gap-orfeu\/","url":"https:\/\/clubedohipismo.com.br\/home\/2026\/04\/28\/vitoria-vem-do-coracao-e-coroa-gap-orfeu\/","name":"Vit\u00f3ria vem do cora\u00e7\u00e3o e coroa Gap Orfeu e Guerreira da Pavei no Bocal de Ouro - Clube do Hipismo","isPartOf":{"@id":"https:\/\/clubedohipismo.com.br\/home\/#website"},"primaryImageOfPage":{"@id":"https:\/\/clubedohipismo.com.br\/home\/2026\/04\/28\/vitoria-vem-do-coracao-e-coroa-gap-orfeu\/#primaryimage"},"image":{"@id":"https:\/\/clubedohipismo.com.br\/home\/2026\/04\/28\/vitoria-vem-do-coracao-e-coroa-gap-orfeu\/#primaryimage"},"thumbnailUrl":"https:\/\/clubedohipismo.com.br\/home\/wp-content\/uploads\/2026\/04\/1\u02dalugar_Bocal-de-Ouro_FU16_D850-3240-Editar_Box-067_GAP-Orfeu-Medio.jpg","datePublished":"2026-04-28T14:38:52+00:00","description":"Ricardo Gigena Wrege percorreu a volta da vit\u00f3ria do Bocal de Ouro, logo ap\u00f3s vencer com o cavalo Gap Orfeu (Box 67)","breadcrumb":{"@id":"https:\/\/clubedohipismo.com.br\/home\/2026\/04\/28\/vitoria-vem-do-coracao-e-coroa-gap-orfeu\/#breadcrumb"},"inLanguage":"pt-BR","potentialAction":[{"@type":"ReadAction","target":["https:\/\/clubedohipismo.com.br\/home\/2026\/04\/28\/vitoria-vem-do-coracao-e-coroa-gap-orfeu\/"]}]},{"@type":"ImageObject","inLanguage":"pt-BR","@id":"https:\/\/clubedohipismo.com.br\/home\/2026\/04\/28\/vitoria-vem-do-coracao-e-coroa-gap-orfeu\/#primaryimage","url":"https:\/\/clubedohipismo.com.br\/home\/wp-content\/uploads\/2026\/04\/1\u02dalugar_Bocal-de-Ouro_FU16_D850-3240-Editar_Box-067_GAP-Orfeu-Medio.jpg","contentUrl":"https:\/\/clubedohipismo.com.br\/home\/wp-content\/uploads\/2026\/04\/1\u02dalugar_Bocal-de-Ouro_FU16_D850-3240-Editar_Box-067_GAP-Orfeu-Medio.jpg","width":1153,"height":768,"caption":"GAP ORFEU, CRIADOR: EDUARDO MACEDO LINHARES"},{"@type":"BreadcrumbList","@id":"https:\/\/clubedohipismo.com.br\/home\/2026\/04\/28\/vitoria-vem-do-coracao-e-coroa-gap-orfeu\/#breadcrumb","itemListElement":[{"@type":"ListItem","position":1,"name":"In\u00edcio","item":"https:\/\/clubedohipismo.com.br\/home\/"},{"@type":"ListItem","position":2,"name":"Vit\u00f3ria vem do cora\u00e7\u00e3o e coroa Gap Orfeu e Guerreira da Pavei no Bocal de Ouro"}]},{"@type":"WebSite","@id":"https:\/\/clubedohipismo.com.br\/home\/#website","url":"https:\/\/clubedohipismo.com.br\/home\/","name":"Clube do Hipismo","description":"Not\u00edcias do mundo do cavalo","publisher":{"@id":"https:\/\/clubedohipismo.com.br\/home\/#organization"},"potentialAction":[{"@type":"SearchAction","target":{"@type":"EntryPoint","urlTemplate":"https:\/\/clubedohipismo.com.br\/home\/?s={search_term_string}"},"query-input":{"@type":"PropertyValueSpecification","valueRequired":true,"valueName":"search_term_string"}}],"inLanguage":"pt-BR"},{"@type":"Organization","@id":"https:\/\/clubedohipismo.com.br\/home\/#organization","name":"Clube do Hipismo","url":"https:\/\/clubedohipismo.com.br\/home\/","logo":{"@type":"ImageObject","inLanguage":"pt-BR","@id":"https:\/\/clubedohipismo.com.br\/home\/#\/schema\/logo\/image\/","url":"https:\/\/clubedohipismo.com.br\/home\/wp-content\/uploads\/2018\/03\/clube-ch-dourado-wp-logo.png","contentUrl":"https:\/\/clubedohipismo.com.br\/home\/wp-content\/uploads\/2018\/03\/clube-ch-dourado-wp-logo.png","width":512,"height":512,"caption":"Clube do Hipismo"},"image":{"@id":"https:\/\/clubedohipismo.com.br\/home\/#\/schema\/logo\/image\/"}},{"@type":"Person","@id":"https:\/\/clubedohipismo.com.br\/home\/#\/schema\/person\/02a1be4ce15daab4ed7b2fd71bf47143","name":"Marco Vidal","url":"https:\/\/clubedohipismo.com.br\/home\/author\/vergano\/"}]}},"rttpg_featured_image_url":{"full":["https:\/\/clubedohipismo.com.br\/home\/wp-content\/uploads\/2026\/04\/1\u02dalugar_Bocal-de-Ouro_FU16_D850-3240-Editar_Box-067_GAP-Orfeu-Medio.jpg",1153,768,false],"landscape":["https:\/\/clubedohipismo.com.br\/home\/wp-content\/uploads\/2026\/04\/1\u02dalugar_Bocal-de-Ouro_FU16_D850-3240-Editar_Box-067_GAP-Orfeu-Medio.jpg",1153,768,false],"portraits":["https:\/\/clubedohipismo.com.br\/home\/wp-content\/uploads\/2026\/04\/1\u02dalugar_Bocal-de-Ouro_FU16_D850-3240-Editar_Box-067_GAP-Orfeu-Medio.jpg",1153,768,false],"thumbnail":["https:\/\/clubedohipismo.com.br\/home\/wp-content\/uploads\/2026\/04\/1\u02dalugar_Bocal-de-Ouro_FU16_D850-3240-Editar_Box-067_GAP-Orfeu-Medio-150x150.jpg",150,150,true],"medium":["https:\/\/clubedohipismo.com.br\/home\/wp-content\/uploads\/2026\/04\/1\u02dalugar_Bocal-de-Ouro_FU16_D850-3240-Editar_Box-067_GAP-Orfeu-Medio-300x200.jpg",300,200,true],"large":["https:\/\/clubedohipismo.com.br\/home\/wp-content\/uploads\/2026\/04\/1\u02dalugar_Bocal-de-Ouro_FU16_D850-3240-Editar_Box-067_GAP-Orfeu-Medio-1024x682.jpg",1024,682,true],"1536x1536":["https:\/\/clubedohipismo.com.br\/home\/wp-content\/uploads\/2026\/04\/1\u02dalugar_Bocal-de-Ouro_FU16_D850-3240-Editar_Box-067_GAP-Orfeu-Medio.jpg",1153,768,false],"2048x2048":["https:\/\/clubedohipismo.com.br\/home\/wp-content\/uploads\/2026\/04\/1\u02dalugar_Bocal-de-Ouro_FU16_D850-3240-Editar_Box-067_GAP-Orfeu-Medio.jpg",1153,768,false],"post-thumbnail":["https:\/\/clubedohipismo.com.br\/home\/wp-content\/uploads\/2026\/04\/1\u02dalugar_Bocal-de-Ouro_FU16_D850-3240-Editar_Box-067_GAP-Orfeu-Medio-399x266.jpg",399,266,true],"anima-featured":["https:\/\/clubedohipismo.com.br\/home\/wp-content\/uploads\/2026\/04\/1\u02dalugar_Bocal-de-Ouro_FU16_D850-3240-Editar_Box-067_GAP-Orfeu-Medio-399x300.jpg",399,300,true],"anima-featured-lp":["https:\/\/clubedohipismo.com.br\/home\/wp-content\/uploads\/2026\/04\/1\u02dalugar_Bocal-de-Ouro_FU16_D850-3240-Editar_Box-067_GAP-Orfeu-Medio-530x300.jpg",530,300,true],"anima-featured-half":["https:\/\/clubedohipismo.com.br\/home\/wp-content\/uploads\/2026\/04\/1\u02dalugar_Bocal-de-Ouro_FU16_D850-3240-Editar_Box-067_GAP-Orfeu-Medio-800x300.jpg",800,300,true],"anima-featured-third":["https:\/\/clubedohipismo.com.br\/home\/wp-content\/uploads\/2026\/04\/1\u02dalugar_Bocal-de-Ouro_FU16_D850-3240-Editar_Box-067_GAP-Orfeu-Medio-512x300.jpg",512,300,true],"anima-lpbox-1":["https:\/\/clubedohipismo.com.br\/home\/wp-content\/uploads\/2026\/04\/1\u02dalugar_Bocal-de-Ouro_FU16_D850-3240-Editar_Box-067_GAP-Orfeu-Medio-397x200.jpg",397,200,true],"anima-lpbox-2":["https:\/\/clubedohipismo.com.br\/home\/wp-content\/uploads\/2026\/04\/1\u02dalugar_Bocal-de-Ouro_FU16_D850-3240-Editar_Box-067_GAP-Orfeu-Medio-397x400.jpg",397,400,true]},"rttpg_author":{"display_name":"Marco Vidal","author_link":"https:\/\/clubedohipismo.com.br\/home\/author\/vergano\/"},"rttpg_comment":0,"rttpg_category":"<a href=\"https:\/\/clubedohipismo.com.br\/home\/category\/artigos\/\" rel=\"category tag\">Artigos<\/a> <a href=\"https:\/\/clubedohipismo.com.br\/home\/category\/artigos\/o-mundo-do-cavalo\/\" rel=\"category tag\">Mundo do cavalo<\/a>","rttpg_excerpt":"Vit\u00f3ria vem do cora\u00e7\u00e3o e coroa Gap Orfeu e Guerreira da Pavei no Bocal de Ouro Como preza a tradi\u00e7\u00e3o do Cavalo Crioulo, a comemora\u00e7\u00e3o da vit\u00f3ria do Bocal de &hellip;","_links":{"self":[{"href":"https:\/\/clubedohipismo.com.br\/home\/wp-json\/wp\/v2\/posts\/28300","targetHints":{"allow":["GET"]}}],"collection":[{"href":"https:\/\/clubedohipismo.com.br\/home\/wp-json\/wp\/v2\/posts"}],"about":[{"href":"https:\/\/clubedohipismo.com.br\/home\/wp-json\/wp\/v2\/types\/post"}],"author":[{"embeddable":true,"href":"https:\/\/clubedohipismo.com.br\/home\/wp-json\/wp\/v2\/users\/2"}],"replies":[{"embeddable":true,"href":"https:\/\/clubedohipismo.com.br\/home\/wp-json\/wp\/v2\/comments?post=28300"}],"version-history":[{"count":2,"href":"https:\/\/clubedohipismo.com.br\/home\/wp-json\/wp\/v2\/posts\/28300\/revisions"}],"predecessor-version":[{"id":28304,"href":"https:\/\/clubedohipismo.com.br\/home\/wp-json\/wp\/v2\/posts\/28300\/revisions\/28304"}],"wp:featuredmedia":[{"embeddable":true,"href":"https:\/\/clubedohipismo.com.br\/home\/wp-json\/wp\/v2\/media\/28302"}],"wp:attachment":[{"href":"https:\/\/clubedohipismo.com.br\/home\/wp-json\/wp\/v2\/media?parent=28300"}],"wp:term":[{"taxonomy":"category","embeddable":true,"href":"https:\/\/clubedohipismo.com.br\/home\/wp-json\/wp\/v2\/categories?post=28300"},{"taxonomy":"post_tag","embeddable":true,"href":"https:\/\/clubedohipismo.com.br\/home\/wp-json\/wp\/v2\/tags?post=28300"}],"curies":[{"name":"wp","href":"https:\/\/api.w.org\/{rel}","templated":true}]}}