{"id":27859,"date":"2026-03-17T10:32:51","date_gmt":"2026-03-17T13:32:51","guid":{"rendered":"https:\/\/clubedohipismo.com.br\/home\/?p=27859"},"modified":"2026-03-17T10:33:06","modified_gmt":"2026-03-17T13:33:06","slug":"joao-victor-marcari-oliva-com-o-dom-pero-vp","status":"publish","type":"post","link":"https:\/\/clubedohipismo.com.br\/home\/2026\/03\/17\/joao-victor-marcari-oliva-com-o-dom-pero-vp\/","title":{"rendered":"Jo\u00e3o Victor Marcari Oliva com O Dom Pero VP: campe\u00e3o e vice em Internacional na Espanha"},"content":{"rendered":"<div id=\"clube-661096260\" class=\"clube-amp clube-entity-placement\" style=\"margin-left: auto;margin-right: auto;text-align: center;\"><script async src=\"\/\/pagead2.googlesyndication.com\/pagead\/js\/adsbygoogle.js?client=ca-pub-6364990823171596\" crossorigin=\"anonymous\"><\/script><ins class=\"adsbygoogle\" style=\"display:block;\" data-ad-client=\"ca-pub-6364990823171596\" \ndata-ad-slot=\"\" \ndata-ad-format=\"auto\"><\/ins>\n<script> \n(adsbygoogle = window.adsbygoogle || []).push({}); \n<\/script>\n<\/div>\n<p><strong><span style=\"font-size: 16px;\">Jo\u00e3o Victor Marcari Oliva com O Dom Pero VP: campe\u00e3o e vice em Internacional na Espanha<\/span><\/strong><\/p>\n<p><strong><span style=\"font-size: 14px;\"><em>Estreando na s\u00e9rie Internacional 1* Small Tour, Jo\u00e3o garantiu importantes resultados com nova montaria O Dom Pedro VP, lusitano de 8 anos, conjunto em franca ascens\u00e3o<\/em><\/span><\/strong><\/p>\n\n\n\n<!--more-->\n\n\n\n<figure id=\"attachment_27860\" aria-describedby=\"caption-attachment-27860\" style=\"width: 300px\" class=\"wp-caption alignright\"><a href=\"https:\/\/clubedohipismo.com.br\/home\/wp-content\/uploads\/2026\/03\/Joao-e-O-Dom-Pedro-VP-campeao-e-vice-na-Espanha.jpg\"><img  title=\"\" fetchpriority=\"high\" decoding=\"async\" class=\"size-medium wp-image-27860\" src=\"https:\/\/clubedohipismo.com.br\/home\/wp-content\/uploads\/2026\/03\/Joao-e-O-Dom-Pedro-VP-campeao-e-vice-na-Espanha-300x200.jpg\"  alt=\"Joao-e-O-Dom-Pedro-VP-campeao-e-vice-na-Espanha-300x200 Jo\u00e3o Victor Marcari Oliva com O Dom Pero VP: campe\u00e3o e vice em Internacional na Espanha\"  width=\"300\" height=\"200\" srcset=\"https:\/\/clubedohipismo.com.br\/home\/wp-content\/uploads\/2026\/03\/Joao-e-O-Dom-Pedro-VP-campeao-e-vice-na-Espanha-300x200.jpg 300w, https:\/\/clubedohipismo.com.br\/home\/wp-content\/uploads\/2026\/03\/Joao-e-O-Dom-Pedro-VP-campeao-e-vice-na-Espanha-768x512.jpg 768w, https:\/\/clubedohipismo.com.br\/home\/wp-content\/uploads\/2026\/03\/Joao-e-O-Dom-Pedro-VP-campeao-e-vice-na-Espanha-399x266.jpg 399w, https:\/\/clubedohipismo.com.br\/home\/wp-content\/uploads\/2026\/03\/Joao-e-O-Dom-Pedro-VP-campeao-e-vice-na-Espanha.jpg 1024w\" sizes=\"(max-width: 300px) 100vw, 300px\" \/><\/a><figcaption id=\"caption-attachment-27860\" class=\"wp-caption-text\">Jo\u00e3o e O Dom Pedro VP: campe\u00e3o e vice na Espanha<br \/>(Carlos Hernani)<\/figcaption><\/figure>\n<p><span style=\"font-size: 14px;\">O cavaleiro ol\u00edmpico e vice-campe\u00e3o pan-americano Jo\u00e3o Victor Marcari Oliva montando O Dom Pedro VP, lusitano de 8 anos, garantiu bela estreia no Internacional CDI3* Real Escuela Andaluz del Arte Equestre, em Jerez de la Frontera, na Espanha. Na quinta-feira, 12\/3, no Internacional Small Tour 1*, no Pr\u00eamio St George, Jo\u00e3o Victor venceu com 69,412% de aproveitamento entre um total de 16 conjuntos.<\/span><\/p>\n<p><span style=\"font-size: 14px;\">J\u00e1 nesta sexta-feira, 13\/3, Jo\u00e3o e O Dom Pedro VP conquistaram o 2\u00ba posto na reprise Intermediate I, totalizando 71,088%. A vit\u00f3ria foi da amazona portugu\u00eas Maria Caetano com Oscar das Figueiras, 71,647%. Participaram da disputa 11 conjuntos.<\/span><\/p>\n<p><span style=\"font-size: 14px;\">Em 2025, Jo\u00e3o e O Dom Pedro Vip competiram no Mundial de Cavalos Novos na s\u00e9rie 7 anos. Cria\u00e7\u00e3o de Fernando Prado Ferreira (Coudelaria Verde Prado) que divide a propriedade do animal com Jos\u00e9 Victor Oliva (Coudelaria Ilha Verde), O Dom Pedro VP, filho de Viheste x Biologia (AR), se mostra promissora promessa da cria\u00e7\u00e3o brasileira no circuito internacional e, \u00e9 claro, formando conjunto com Jo\u00e3o Victor, 30, mais premiado ginete do Adestramento brasileiro, atualmente radicado em Portugal.<\/span><\/p>\n<p><span style=\"font-size: 14px;\"><strong>Colabora\u00e7\u00e3o: <\/strong>Carola May e Rute Ara\u00fajo<\/span><\/p>\n\n\n\n\n\n<blockquote>\n<h5 class=\"wp-block-quote has-text-align-center is-style-default has-text-color has-link-color has-small-font-size\" style=\"color: #2f731e;\"><span style=\"font-family: verdana, geneva, sans-serif;\"><cite><em>Clube do Hipismo \u00e9 uma publica\u00e7\u00e3o focada em esportes equestres e no mundo do cavalo.<br \/>Foi criado em 2007 por pura divers\u00e3o, mas se tornou uma paix\u00e3o para seus fundadores.<\/em><\/cite><\/span><\/h5>\n<\/blockquote>\n<p>Views: 17<\/p><div class=\"clube-centro clube-entity-placement\" style=\"text-align: center;\" id=\"clube-918213725\"><div id=\"clube-4207508395\" style=\"margin-top: 2px;margin-right: 2px;margin-bottom: 2px;margin-left: 2px;float: right;\"><a href=\"https:\/\/www.ev.bemav.com.br\/\" target=\"_blank\" aria-label=\"EV\"><img src=\"https:\/\/clubedohipismo.com.br\/home\/wp-content\/uploads\/2018\/12\/EV.png\" alt=\"\"  width=\"120\" height=\"120\"   \/><\/a><\/div><div id=\"clube-91064302\" style=\"margin-top: 2px;margin-right: 2px;margin-bottom: 2px;margin-left: 2px;float: right;\"><a href=\"http:\/\/arybotas.com.br\/\" target=\"_blank\" aria-label=\"Banner AryBotas p\"><img src=\"https:\/\/clubedohipismo.com.br\/home\/wp-content\/uploads\/2018\/11\/Banner-AryBotas-p.png\" alt=\"\"  width=\"120\" height=\"120\"   \/><\/a><\/div><div id=\"clube-1035819750\" style=\"margin-top: 2px;margin-right: 2px;margin-bottom: 2px;margin-left: 2px;float: right;\"><a href=\"https:\/\/mav.tec.br\/kyc\/\" target=\"_blank\" aria-label=\"kyc banner clube\"><img src=\"https:\/\/clubedohipismo.com.br\/home\/wp-content\/uploads\/2018\/12\/kyc-banner-clube.png\" alt=\"\"  width=\"120\" height=\"120\"   \/><\/a><\/div><div id=\"clube-4204543915\" style=\"margin-top: 2px;margin-right: 2px;margin-bottom: 2px;margin-left: 2px;float: right;\"><a href=\"https:\/\/harasfunchal.com.br\/\" target=\"_blank\" aria-label=\"Onde hospedar (estabular) seu cavalo\"><img src=\"https:\/\/clubedohipismo.com.br\/home\/wp-content\/uploads\/2018\/11\/Banner-Funchal-p.png\" alt=\"Onde hospedar (estabular) seu cavalo\"  width=\"120\" height=\"120\"   \/><\/a><\/div><div id=\"clube-679140421\" style=\"margin-top: 2px;margin-right: 2px;margin-bottom: 2px;margin-left: 2px;float: right;\"><a href=\"https:\/\/aulasdeequitacao.com.br\/home\/\" target=\"_blank\" aria-label=\"Banner Thaty Aulas new p\"><img src=\"https:\/\/clubedohipismo.com.br\/home\/wp-content\/uploads\/2018\/11\/Banner-Thaty-Aulas-new-p.png\" alt=\"\"  width=\"120\" height=\"120\"   \/><\/a><\/div><\/div>","protected":false},"excerpt":{"rendered":"<p>Jo\u00e3o Victor Marcari Oliva com O Dom Pero VP: campe\u00e3o e vice em Internacional na Espanha Estreando na s\u00e9rie Internacional 1* Small Tour, Jo\u00e3o garantiu importantes resultados com nova montaria &hellip;<\/p>\n","protected":false},"author":2,"featured_media":27860,"comment_status":"closed","ping_status":"closed","sticky":false,"template":"","format":"standard","meta":{"sfsi_plus_gutenberg_text_before_share":"","sfsi_plus_gutenberg_show_text_before_share":"","sfsi_plus_gutenberg_icon_type":"","sfsi_plus_gutenberg_icon_alignemt":"","sfsi_plus_gutenburg_max_per_row":"","footnotes":""},"categories":[266,174,15],"tags":[43,16],"class_list":["post-27859","post","type-post","status-publish","format-standard","has-post-thumbnail","hentry","category-adestramento","category-artigos","category-hipismo","tag-dressage","tag-hipismo"],"yoast_head":"<!-- This site is optimized with the Yoast SEO plugin v27.5 - https:\/\/yoast.com\/product\/yoast-seo-wordpress\/ -->\n<title>Jo\u00e3o Victor Marcari Oliva com O Dom Pero VP: campe\u00e3o e vice em Internacional na Espanha - Clube do Hipismo<\/title>\n<meta name=\"description\" content=\"Estreando na s\u00e9rie Internacional 1* Small Tour, Jo\u00e3o garantiu importantes resultados com nova montaria O Dom Pedro VP, lusitano de 8 anos, conjunto em franca ascens\u00e3o.\" \/>\n<meta name=\"robots\" content=\"index, follow, max-snippet:-1, max-image-preview:large, max-video-preview:-1\" \/>\n<link rel=\"canonical\" href=\"https:\/\/clubedohipismo.com.br\/home\/2026\/03\/17\/joao-victor-marcari-oliva-com-o-dom-pero-vp\/\" \/>\n<meta property=\"og:locale\" content=\"pt_BR\" \/>\n<meta property=\"og:type\" content=\"article\" \/>\n<meta property=\"og:title\" content=\"Jo\u00e3o Victor Marcari Oliva com O Dom Pero VP: campe\u00e3o e vice em Internacional na Espanha - Clube do Hipismo\" \/>\n<meta property=\"og:description\" content=\"Estreando na s\u00e9rie Internacional 1* Small Tour, Jo\u00e3o garantiu importantes resultados com nova montaria O Dom Pedro VP, lusitano de 8 anos, conjunto em franca ascens\u00e3o.\" \/>\n<meta property=\"og:url\" content=\"https:\/\/clubedohipismo.com.br\/home\/2026\/03\/17\/joao-victor-marcari-oliva-com-o-dom-pero-vp\/\" \/>\n<meta property=\"og:site_name\" content=\"Clube do Hipismo\" \/>\n<meta property=\"article:published_time\" content=\"2026-03-17T13:32:51+00:00\" \/>\n<meta property=\"article:modified_time\" content=\"2026-03-17T13:33:06+00:00\" \/>\n<meta property=\"og:image\" content=\"https:\/\/clubedohipismo.com.br\/home\/wp-content\/uploads\/2026\/03\/Joao-e-O-Dom-Pedro-VP-campeao-e-vice-na-Espanha.jpg\" \/>\n\t<meta property=\"og:image:width\" content=\"1024\" \/>\n\t<meta property=\"og:image:height\" content=\"682\" \/>\n\t<meta property=\"og:image:type\" content=\"image\/jpeg\" \/>\n<meta name=\"author\" content=\"Marco Vidal\" \/>\n<meta name=\"twitter:card\" content=\"summary_large_image\" \/>\n<meta name=\"twitter:label1\" content=\"Escrito por\" \/>\n\t<meta name=\"twitter:data1\" content=\"Marco Vidal\" \/>\n\t<meta name=\"twitter:label2\" content=\"Est. tempo de leitura\" \/>\n\t<meta name=\"twitter:data2\" content=\"1 minuto\" \/>\n<script type=\"application\/ld+json\" class=\"yoast-schema-graph\">{\"@context\":\"https:\\\/\\\/schema.org\",\"@graph\":[{\"@type\":\"Article\",\"@id\":\"https:\\\/\\\/clubedohipismo.com.br\\\/home\\\/2026\\\/03\\\/17\\\/joao-victor-marcari-oliva-com-o-dom-pero-vp\\\/#article\",\"isPartOf\":{\"@id\":\"https:\\\/\\\/clubedohipismo.com.br\\\/home\\\/2026\\\/03\\\/17\\\/joao-victor-marcari-oliva-com-o-dom-pero-vp\\\/\"},\"author\":{\"name\":\"Marco Vidal\",\"@id\":\"https:\\\/\\\/clubedohipismo.com.br\\\/home\\\/#\\\/schema\\\/person\\\/02a1be4ce15daab4ed7b2fd71bf47143\"},\"headline\":\"Jo\u00e3o Victor Marcari Oliva com O Dom Pero VP: campe\u00e3o e vice em Internacional na Espanha\",\"datePublished\":\"2026-03-17T13:32:51+00:00\",\"dateModified\":\"2026-03-17T13:33:06+00:00\",\"mainEntityOfPage\":{\"@id\":\"https:\\\/\\\/clubedohipismo.com.br\\\/home\\\/2026\\\/03\\\/17\\\/joao-victor-marcari-oliva-com-o-dom-pero-vp\\\/\"},\"wordCount\":271,\"publisher\":{\"@id\":\"https:\\\/\\\/clubedohipismo.com.br\\\/home\\\/#organization\"},\"image\":{\"@id\":\"https:\\\/\\\/clubedohipismo.com.br\\\/home\\\/2026\\\/03\\\/17\\\/joao-victor-marcari-oliva-com-o-dom-pero-vp\\\/#primaryimage\"},\"thumbnailUrl\":\"https:\\\/\\\/clubedohipismo.com.br\\\/home\\\/wp-content\\\/uploads\\\/2026\\\/03\\\/Joao-e-O-Dom-Pedro-VP-campeao-e-vice-na-Espanha.jpg\",\"keywords\":[\"dressage\",\"hipismo\"],\"articleSection\":[\"Adestramento\",\"Artigos\",\"Hipismo\"],\"inLanguage\":\"pt-BR\"},{\"@type\":\"WebPage\",\"@id\":\"https:\\\/\\\/clubedohipismo.com.br\\\/home\\\/2026\\\/03\\\/17\\\/joao-victor-marcari-oliva-com-o-dom-pero-vp\\\/\",\"url\":\"https:\\\/\\\/clubedohipismo.com.br\\\/home\\\/2026\\\/03\\\/17\\\/joao-victor-marcari-oliva-com-o-dom-pero-vp\\\/\",\"name\":\"Jo\u00e3o Victor Marcari Oliva com O Dom Pero VP: campe\u00e3o e vice em Internacional na Espanha - Clube do Hipismo\",\"isPartOf\":{\"@id\":\"https:\\\/\\\/clubedohipismo.com.br\\\/home\\\/#website\"},\"primaryImageOfPage\":{\"@id\":\"https:\\\/\\\/clubedohipismo.com.br\\\/home\\\/2026\\\/03\\\/17\\\/joao-victor-marcari-oliva-com-o-dom-pero-vp\\\/#primaryimage\"},\"image\":{\"@id\":\"https:\\\/\\\/clubedohipismo.com.br\\\/home\\\/2026\\\/03\\\/17\\\/joao-victor-marcari-oliva-com-o-dom-pero-vp\\\/#primaryimage\"},\"thumbnailUrl\":\"https:\\\/\\\/clubedohipismo.com.br\\\/home\\\/wp-content\\\/uploads\\\/2026\\\/03\\\/Joao-e-O-Dom-Pedro-VP-campeao-e-vice-na-Espanha.jpg\",\"datePublished\":\"2026-03-17T13:32:51+00:00\",\"dateModified\":\"2026-03-17T13:33:06+00:00\",\"description\":\"Estreando na s\u00e9rie Internacional 1* Small Tour, Jo\u00e3o garantiu importantes resultados com nova montaria O Dom Pedro VP, lusitano de 8 anos, conjunto em franca ascens\u00e3o.\",\"breadcrumb\":{\"@id\":\"https:\\\/\\\/clubedohipismo.com.br\\\/home\\\/2026\\\/03\\\/17\\\/joao-victor-marcari-oliva-com-o-dom-pero-vp\\\/#breadcrumb\"},\"inLanguage\":\"pt-BR\",\"potentialAction\":[{\"@type\":\"ReadAction\",\"target\":[\"https:\\\/\\\/clubedohipismo.com.br\\\/home\\\/2026\\\/03\\\/17\\\/joao-victor-marcari-oliva-com-o-dom-pero-vp\\\/\"]}]},{\"@type\":\"ImageObject\",\"inLanguage\":\"pt-BR\",\"@id\":\"https:\\\/\\\/clubedohipismo.com.br\\\/home\\\/2026\\\/03\\\/17\\\/joao-victor-marcari-oliva-com-o-dom-pero-vp\\\/#primaryimage\",\"url\":\"https:\\\/\\\/clubedohipismo.com.br\\\/home\\\/wp-content\\\/uploads\\\/2026\\\/03\\\/Joao-e-O-Dom-Pedro-VP-campeao-e-vice-na-Espanha.jpg\",\"contentUrl\":\"https:\\\/\\\/clubedohipismo.com.br\\\/home\\\/wp-content\\\/uploads\\\/2026\\\/03\\\/Joao-e-O-Dom-Pedro-VP-campeao-e-vice-na-Espanha.jpg\",\"width\":1024,\"height\":682,\"caption\":\"Jo\u00e3o e O Dom Pedro VP: campe\u00e3o e vice na Espanha (Carlos Hernani)\"},{\"@type\":\"BreadcrumbList\",\"@id\":\"https:\\\/\\\/clubedohipismo.com.br\\\/home\\\/2026\\\/03\\\/17\\\/joao-victor-marcari-oliva-com-o-dom-pero-vp\\\/#breadcrumb\",\"itemListElement\":[{\"@type\":\"ListItem\",\"position\":1,\"name\":\"In\u00edcio\",\"item\":\"https:\\\/\\\/clubedohipismo.com.br\\\/home\\\/\"},{\"@type\":\"ListItem\",\"position\":2,\"name\":\"Jo\u00e3o Victor Marcari Oliva com O Dom Pero VP: campe\u00e3o e vice em Internacional na Espanha\"}]},{\"@type\":\"WebSite\",\"@id\":\"https:\\\/\\\/clubedohipismo.com.br\\\/home\\\/#website\",\"url\":\"https:\\\/\\\/clubedohipismo.com.br\\\/home\\\/\",\"name\":\"Clube do Hipismo\",\"description\":\"Not\u00edcias do mundo do cavalo\",\"publisher\":{\"@id\":\"https:\\\/\\\/clubedohipismo.com.br\\\/home\\\/#organization\"},\"potentialAction\":[{\"@type\":\"SearchAction\",\"target\":{\"@type\":\"EntryPoint\",\"urlTemplate\":\"https:\\\/\\\/clubedohipismo.com.br\\\/home\\\/?s={search_term_string}\"},\"query-input\":{\"@type\":\"PropertyValueSpecification\",\"valueRequired\":true,\"valueName\":\"search_term_string\"}}],\"inLanguage\":\"pt-BR\"},{\"@type\":\"Organization\",\"@id\":\"https:\\\/\\\/clubedohipismo.com.br\\\/home\\\/#organization\",\"name\":\"Clube do Hipismo\",\"url\":\"https:\\\/\\\/clubedohipismo.com.br\\\/home\\\/\",\"logo\":{\"@type\":\"ImageObject\",\"inLanguage\":\"pt-BR\",\"@id\":\"https:\\\/\\\/clubedohipismo.com.br\\\/home\\\/#\\\/schema\\\/logo\\\/image\\\/\",\"url\":\"https:\\\/\\\/clubedohipismo.com.br\\\/home\\\/wp-content\\\/uploads\\\/2018\\\/03\\\/clube-ch-dourado-wp-logo.png\",\"contentUrl\":\"https:\\\/\\\/clubedohipismo.com.br\\\/home\\\/wp-content\\\/uploads\\\/2018\\\/03\\\/clube-ch-dourado-wp-logo.png\",\"width\":512,\"height\":512,\"caption\":\"Clube do Hipismo\"},\"image\":{\"@id\":\"https:\\\/\\\/clubedohipismo.com.br\\\/home\\\/#\\\/schema\\\/logo\\\/image\\\/\"}},{\"@type\":\"Person\",\"@id\":\"https:\\\/\\\/clubedohipismo.com.br\\\/home\\\/#\\\/schema\\\/person\\\/02a1be4ce15daab4ed7b2fd71bf47143\",\"name\":\"Marco Vidal\",\"url\":\"https:\\\/\\\/clubedohipismo.com.br\\\/home\\\/author\\\/vergano\\\/\"}]}<\/script>\n<!-- \/ Yoast SEO plugin. -->","yoast_head_json":{"title":"Jo\u00e3o Victor Marcari Oliva com O Dom Pero VP: campe\u00e3o e vice em Internacional na Espanha - Clube do Hipismo","description":"Estreando na s\u00e9rie Internacional 1* Small Tour, Jo\u00e3o garantiu importantes resultados com nova montaria O Dom Pedro VP, lusitano de 8 anos, conjunto em franca ascens\u00e3o.","robots":{"index":"index","follow":"follow","max-snippet":"max-snippet:-1","max-image-preview":"max-image-preview:large","max-video-preview":"max-video-preview:-1"},"canonical":"https:\/\/clubedohipismo.com.br\/home\/2026\/03\/17\/joao-victor-marcari-oliva-com-o-dom-pero-vp\/","og_locale":"pt_BR","og_type":"article","og_title":"Jo\u00e3o Victor Marcari Oliva com O Dom Pero VP: campe\u00e3o e vice em Internacional na Espanha - Clube do Hipismo","og_description":"Estreando na s\u00e9rie Internacional 1* Small Tour, Jo\u00e3o garantiu importantes resultados com nova montaria O Dom Pedro VP, lusitano de 8 anos, conjunto em franca ascens\u00e3o.","og_url":"https:\/\/clubedohipismo.com.br\/home\/2026\/03\/17\/joao-victor-marcari-oliva-com-o-dom-pero-vp\/","og_site_name":"Clube do Hipismo","article_published_time":"2026-03-17T13:32:51+00:00","article_modified_time":"2026-03-17T13:33:06+00:00","og_image":[{"width":1024,"height":682,"url":"https:\/\/clubedohipismo.com.br\/home\/wp-content\/uploads\/2026\/03\/Joao-e-O-Dom-Pedro-VP-campeao-e-vice-na-Espanha.jpg","type":"image\/jpeg"}],"author":"Marco Vidal","twitter_card":"summary_large_image","twitter_misc":{"Escrito por":"Marco Vidal","Est. tempo de leitura":"1 minuto"},"schema":{"@context":"https:\/\/schema.org","@graph":[{"@type":"Article","@id":"https:\/\/clubedohipismo.com.br\/home\/2026\/03\/17\/joao-victor-marcari-oliva-com-o-dom-pero-vp\/#article","isPartOf":{"@id":"https:\/\/clubedohipismo.com.br\/home\/2026\/03\/17\/joao-victor-marcari-oliva-com-o-dom-pero-vp\/"},"author":{"name":"Marco Vidal","@id":"https:\/\/clubedohipismo.com.br\/home\/#\/schema\/person\/02a1be4ce15daab4ed7b2fd71bf47143"},"headline":"Jo\u00e3o Victor Marcari Oliva com O Dom Pero VP: campe\u00e3o e vice em Internacional na Espanha","datePublished":"2026-03-17T13:32:51+00:00","dateModified":"2026-03-17T13:33:06+00:00","mainEntityOfPage":{"@id":"https:\/\/clubedohipismo.com.br\/home\/2026\/03\/17\/joao-victor-marcari-oliva-com-o-dom-pero-vp\/"},"wordCount":271,"publisher":{"@id":"https:\/\/clubedohipismo.com.br\/home\/#organization"},"image":{"@id":"https:\/\/clubedohipismo.com.br\/home\/2026\/03\/17\/joao-victor-marcari-oliva-com-o-dom-pero-vp\/#primaryimage"},"thumbnailUrl":"https:\/\/clubedohipismo.com.br\/home\/wp-content\/uploads\/2026\/03\/Joao-e-O-Dom-Pedro-VP-campeao-e-vice-na-Espanha.jpg","keywords":["dressage","hipismo"],"articleSection":["Adestramento","Artigos","Hipismo"],"inLanguage":"pt-BR"},{"@type":"WebPage","@id":"https:\/\/clubedohipismo.com.br\/home\/2026\/03\/17\/joao-victor-marcari-oliva-com-o-dom-pero-vp\/","url":"https:\/\/clubedohipismo.com.br\/home\/2026\/03\/17\/joao-victor-marcari-oliva-com-o-dom-pero-vp\/","name":"Jo\u00e3o Victor Marcari Oliva com O Dom Pero VP: campe\u00e3o e vice em Internacional na Espanha - Clube do Hipismo","isPartOf":{"@id":"https:\/\/clubedohipismo.com.br\/home\/#website"},"primaryImageOfPage":{"@id":"https:\/\/clubedohipismo.com.br\/home\/2026\/03\/17\/joao-victor-marcari-oliva-com-o-dom-pero-vp\/#primaryimage"},"image":{"@id":"https:\/\/clubedohipismo.com.br\/home\/2026\/03\/17\/joao-victor-marcari-oliva-com-o-dom-pero-vp\/#primaryimage"},"thumbnailUrl":"https:\/\/clubedohipismo.com.br\/home\/wp-content\/uploads\/2026\/03\/Joao-e-O-Dom-Pedro-VP-campeao-e-vice-na-Espanha.jpg","datePublished":"2026-03-17T13:32:51+00:00","dateModified":"2026-03-17T13:33:06+00:00","description":"Estreando na s\u00e9rie Internacional 1* Small Tour, Jo\u00e3o garantiu importantes resultados com nova montaria O Dom Pedro VP, lusitano de 8 anos, conjunto em franca ascens\u00e3o.","breadcrumb":{"@id":"https:\/\/clubedohipismo.com.br\/home\/2026\/03\/17\/joao-victor-marcari-oliva-com-o-dom-pero-vp\/#breadcrumb"},"inLanguage":"pt-BR","potentialAction":[{"@type":"ReadAction","target":["https:\/\/clubedohipismo.com.br\/home\/2026\/03\/17\/joao-victor-marcari-oliva-com-o-dom-pero-vp\/"]}]},{"@type":"ImageObject","inLanguage":"pt-BR","@id":"https:\/\/clubedohipismo.com.br\/home\/2026\/03\/17\/joao-victor-marcari-oliva-com-o-dom-pero-vp\/#primaryimage","url":"https:\/\/clubedohipismo.com.br\/home\/wp-content\/uploads\/2026\/03\/Joao-e-O-Dom-Pedro-VP-campeao-e-vice-na-Espanha.jpg","contentUrl":"https:\/\/clubedohipismo.com.br\/home\/wp-content\/uploads\/2026\/03\/Joao-e-O-Dom-Pedro-VP-campeao-e-vice-na-Espanha.jpg","width":1024,"height":682,"caption":"Jo\u00e3o e O Dom Pedro VP: campe\u00e3o e vice na Espanha (Carlos Hernani)"},{"@type":"BreadcrumbList","@id":"https:\/\/clubedohipismo.com.br\/home\/2026\/03\/17\/joao-victor-marcari-oliva-com-o-dom-pero-vp\/#breadcrumb","itemListElement":[{"@type":"ListItem","position":1,"name":"In\u00edcio","item":"https:\/\/clubedohipismo.com.br\/home\/"},{"@type":"ListItem","position":2,"name":"Jo\u00e3o Victor Marcari Oliva com O Dom Pero VP: campe\u00e3o e vice em Internacional na Espanha"}]},{"@type":"WebSite","@id":"https:\/\/clubedohipismo.com.br\/home\/#website","url":"https:\/\/clubedohipismo.com.br\/home\/","name":"Clube do Hipismo","description":"Not\u00edcias do mundo do cavalo","publisher":{"@id":"https:\/\/clubedohipismo.com.br\/home\/#organization"},"potentialAction":[{"@type":"SearchAction","target":{"@type":"EntryPoint","urlTemplate":"https:\/\/clubedohipismo.com.br\/home\/?s={search_term_string}"},"query-input":{"@type":"PropertyValueSpecification","valueRequired":true,"valueName":"search_term_string"}}],"inLanguage":"pt-BR"},{"@type":"Organization","@id":"https:\/\/clubedohipismo.com.br\/home\/#organization","name":"Clube do Hipismo","url":"https:\/\/clubedohipismo.com.br\/home\/","logo":{"@type":"ImageObject","inLanguage":"pt-BR","@id":"https:\/\/clubedohipismo.com.br\/home\/#\/schema\/logo\/image\/","url":"https:\/\/clubedohipismo.com.br\/home\/wp-content\/uploads\/2018\/03\/clube-ch-dourado-wp-logo.png","contentUrl":"https:\/\/clubedohipismo.com.br\/home\/wp-content\/uploads\/2018\/03\/clube-ch-dourado-wp-logo.png","width":512,"height":512,"caption":"Clube do Hipismo"},"image":{"@id":"https:\/\/clubedohipismo.com.br\/home\/#\/schema\/logo\/image\/"}},{"@type":"Person","@id":"https:\/\/clubedohipismo.com.br\/home\/#\/schema\/person\/02a1be4ce15daab4ed7b2fd71bf47143","name":"Marco Vidal","url":"https:\/\/clubedohipismo.com.br\/home\/author\/vergano\/"}]}},"rttpg_featured_image_url":{"full":["https:\/\/clubedohipismo.com.br\/home\/wp-content\/uploads\/2026\/03\/Joao-e-O-Dom-Pedro-VP-campeao-e-vice-na-Espanha.jpg",1024,682,false],"landscape":["https:\/\/clubedohipismo.com.br\/home\/wp-content\/uploads\/2026\/03\/Joao-e-O-Dom-Pedro-VP-campeao-e-vice-na-Espanha.jpg",1024,682,false],"portraits":["https:\/\/clubedohipismo.com.br\/home\/wp-content\/uploads\/2026\/03\/Joao-e-O-Dom-Pedro-VP-campeao-e-vice-na-Espanha.jpg",1024,682,false],"thumbnail":["https:\/\/clubedohipismo.com.br\/home\/wp-content\/uploads\/2026\/03\/Joao-e-O-Dom-Pedro-VP-campeao-e-vice-na-Espanha-150x150.jpg",150,150,true],"medium":["https:\/\/clubedohipismo.com.br\/home\/wp-content\/uploads\/2026\/03\/Joao-e-O-Dom-Pedro-VP-campeao-e-vice-na-Espanha-300x200.jpg",300,200,true],"large":["https:\/\/clubedohipismo.com.br\/home\/wp-content\/uploads\/2026\/03\/Joao-e-O-Dom-Pedro-VP-campeao-e-vice-na-Espanha.jpg",1024,682,false],"1536x1536":["https:\/\/clubedohipismo.com.br\/home\/wp-content\/uploads\/2026\/03\/Joao-e-O-Dom-Pedro-VP-campeao-e-vice-na-Espanha.jpg",1024,682,false],"2048x2048":["https:\/\/clubedohipismo.com.br\/home\/wp-content\/uploads\/2026\/03\/Joao-e-O-Dom-Pedro-VP-campeao-e-vice-na-Espanha.jpg",1024,682,false],"post-thumbnail":["https:\/\/clubedohipismo.com.br\/home\/wp-content\/uploads\/2026\/03\/Joao-e-O-Dom-Pedro-VP-campeao-e-vice-na-Espanha-399x266.jpg",399,266,true],"anima-featured":["https:\/\/clubedohipismo.com.br\/home\/wp-content\/uploads\/2026\/03\/Joao-e-O-Dom-Pedro-VP-campeao-e-vice-na-Espanha-399x300.jpg",399,300,true],"anima-featured-lp":["https:\/\/clubedohipismo.com.br\/home\/wp-content\/uploads\/2026\/03\/Joao-e-O-Dom-Pedro-VP-campeao-e-vice-na-Espanha-530x300.jpg",530,300,true],"anima-featured-half":["https:\/\/clubedohipismo.com.br\/home\/wp-content\/uploads\/2026\/03\/Joao-e-O-Dom-Pedro-VP-campeao-e-vice-na-Espanha-800x300.jpg",800,300,true],"anima-featured-third":["https:\/\/clubedohipismo.com.br\/home\/wp-content\/uploads\/2026\/03\/Joao-e-O-Dom-Pedro-VP-campeao-e-vice-na-Espanha-512x300.jpg",512,300,true],"anima-lpbox-1":["https:\/\/clubedohipismo.com.br\/home\/wp-content\/uploads\/2026\/03\/Joao-e-O-Dom-Pedro-VP-campeao-e-vice-na-Espanha-397x200.jpg",397,200,true],"anima-lpbox-2":["https:\/\/clubedohipismo.com.br\/home\/wp-content\/uploads\/2026\/03\/Joao-e-O-Dom-Pedro-VP-campeao-e-vice-na-Espanha-397x400.jpg",397,400,true]},"rttpg_author":{"display_name":"Marco Vidal","author_link":"https:\/\/clubedohipismo.com.br\/home\/author\/vergano\/"},"rttpg_comment":0,"rttpg_category":"<a href=\"https:\/\/clubedohipismo.com.br\/home\/category\/artigos\/adestramento\/\" rel=\"category tag\">Adestramento<\/a> <a href=\"https:\/\/clubedohipismo.com.br\/home\/category\/artigos\/\" rel=\"category tag\">Artigos<\/a> <a href=\"https:\/\/clubedohipismo.com.br\/home\/category\/artigos\/hipismo\/\" rel=\"category tag\">Hipismo<\/a>","rttpg_excerpt":"Jo\u00e3o Victor Marcari Oliva com O Dom Pero VP: campe\u00e3o e vice em Internacional na Espanha Estreando na s\u00e9rie Internacional 1* Small Tour, Jo\u00e3o garantiu importantes resultados com nova montaria &hellip;","_links":{"self":[{"href":"https:\/\/clubedohipismo.com.br\/home\/wp-json\/wp\/v2\/posts\/27859","targetHints":{"allow":["GET"]}}],"collection":[{"href":"https:\/\/clubedohipismo.com.br\/home\/wp-json\/wp\/v2\/posts"}],"about":[{"href":"https:\/\/clubedohipismo.com.br\/home\/wp-json\/wp\/v2\/types\/post"}],"author":[{"embeddable":true,"href":"https:\/\/clubedohipismo.com.br\/home\/wp-json\/wp\/v2\/users\/2"}],"replies":[{"embeddable":true,"href":"https:\/\/clubedohipismo.com.br\/home\/wp-json\/wp\/v2\/comments?post=27859"}],"version-history":[{"count":2,"href":"https:\/\/clubedohipismo.com.br\/home\/wp-json\/wp\/v2\/posts\/27859\/revisions"}],"predecessor-version":[{"id":27862,"href":"https:\/\/clubedohipismo.com.br\/home\/wp-json\/wp\/v2\/posts\/27859\/revisions\/27862"}],"wp:featuredmedia":[{"embeddable":true,"href":"https:\/\/clubedohipismo.com.br\/home\/wp-json\/wp\/v2\/media\/27860"}],"wp:attachment":[{"href":"https:\/\/clubedohipismo.com.br\/home\/wp-json\/wp\/v2\/media?parent=27859"}],"wp:term":[{"taxonomy":"category","embeddable":true,"href":"https:\/\/clubedohipismo.com.br\/home\/wp-json\/wp\/v2\/categories?post=27859"},{"taxonomy":"post_tag","embeddable":true,"href":"https:\/\/clubedohipismo.com.br\/home\/wp-json\/wp\/v2\/tags?post=27859"}],"curies":[{"name":"wp","href":"https:\/\/api.w.org\/{rel}","templated":true}]}}