{"id":27727,"date":"2026-01-28T10:30:31","date_gmt":"2026-01-28T13:30:31","guid":{"rendered":"https:\/\/clubedohipismo.com.br\/home\/?p=27727"},"modified":"2026-01-28T10:30:31","modified_gmt":"2026-01-28T13:30:31","slug":"jurado-do-mancha-crioula-ja-foi-premiado-na-exposicao","status":"publish","type":"post","link":"https:\/\/clubedohipismo.com.br\/home\/2026\/01\/28\/jurado-do-mancha-crioula-ja-foi-premiado-na-exposicao\/","title":{"rendered":"Jurado do Mancha Crioula j\u00e1 foi premiado na exposi\u00e7\u00e3o"},"content":{"rendered":"<div id=\"clube-3130807966\" class=\"clube-amp clube-entity-placement\" style=\"margin-left: auto;margin-right: auto;text-align: center;\"><script async src=\"\/\/pagead2.googlesyndication.com\/pagead\/js\/adsbygoogle.js?client=ca-pub-6364990823171596\" crossorigin=\"anonymous\"><\/script><ins class=\"adsbygoogle\" style=\"display:block;\" data-ad-client=\"ca-pub-6364990823171596\" \ndata-ad-slot=\"\" \ndata-ad-format=\"auto\"><\/ins>\n<script> \n(adsbygoogle = window.adsbygoogle || []).push({}); \n<\/script>\n<\/div><p><span style=\"font-size: 14px;\"><strong><em>Jaime Bicca de Freitas levar\u00e1 sua experi\u00eancia para a pista do evento pela primeira vez<\/em><\/strong><\/span><\/p>\n<p><span style=\"font-size: 14px;\"><!--more--><\/span><\/p>\n<figure id=\"attachment_27728\" aria-describedby=\"caption-attachment-27728\" style=\"width: 300px\" class=\"wp-caption alignright\"><a href=\"https:\/\/clubedohipismo.com.br\/home\/wp-content\/uploads\/2026\/01\/Jaime-Bicca-Credito-Leandro-Vieira-Divulgacao-Medio.jpg\"><img  title=\"\" fetchpriority=\"high\" decoding=\"async\" class=\"size-medium wp-image-27728\" src=\"https:\/\/clubedohipismo.com.br\/home\/wp-content\/uploads\/2026\/01\/Jaime-Bicca-Credito-Leandro-Vieira-Divulgacao-Medio-300x204.jpg\"  alt=\"Jaime-Bicca-Credito-Leandro-Vieira-Divulgacao-Medio-300x204 Jurado do Mancha Crioula j\u00e1 foi premiado na exposi\u00e7\u00e3o\"  width=\"300\" height=\"204\" srcset=\"https:\/\/clubedohipismo.com.br\/home\/wp-content\/uploads\/2026\/01\/Jaime-Bicca-Credito-Leandro-Vieira-Divulgacao-Medio-300x204.jpg 300w, https:\/\/clubedohipismo.com.br\/home\/wp-content\/uploads\/2026\/01\/Jaime-Bicca-Credito-Leandro-Vieira-Divulgacao-Medio-1024x697.jpg 1024w, https:\/\/clubedohipismo.com.br\/home\/wp-content\/uploads\/2026\/01\/Jaime-Bicca-Credito-Leandro-Vieira-Divulgacao-Medio-768x522.jpg 768w, https:\/\/clubedohipismo.com.br\/home\/wp-content\/uploads\/2026\/01\/Jaime-Bicca-Credito-Leandro-Vieira-Divulgacao-Medio-399x271.jpg 399w, https:\/\/clubedohipismo.com.br\/home\/wp-content\/uploads\/2026\/01\/Jaime-Bicca-Credito-Leandro-Vieira-Divulgacao-Medio.jpg 1129w\" sizes=\"(max-width: 300px) 100vw, 300px\" \/><\/a><figcaption id=\"caption-attachment-27728\" class=\"wp-caption-text\"><\/span> <span style=\"font-size: 14px;\">Jurado do Mancha Crioula j\u00e1 foi premiado na exposi\u00e7\u00e3o<\/span><\/figcaption><\/figure>\n<p><span style=\"font-size: 14px;\">Ser\u00e1 com um olhar de criador que o jurado da edi\u00e7\u00e3o deste ano do Mancha Crioula entrar\u00e1 em pista, carregando uma bagagem de quem j\u00e1 foi premiado na exposi\u00e7\u00e3o. A exposi\u00e7\u00e3o Mancha Crioula, organizada pela Trajano Silva Remates ser\u00e1 realizada de 5 a 7 de fevereiro, no Sindicato Rural de Gua\u00edba (RS) e incluir\u00e1 a avalia\u00e7\u00e3o dos cavalos Crioulos manchados (tobianos, bragados e oveiros), competi\u00e7\u00e3o de assado, atividades para crian\u00e7as, leil\u00f5es e shows. <\/span><\/p>\n<p><span style=\"font-size: 14px;\">Apesar de ser sua primeira vez no Mancha Crioula, o jurado Jaime Bicca de Freitas tem uma rela\u00e7\u00e3o bem antiga com a ra\u00e7a, trazendo na garupa uma experi\u00eancia de criador, que iniciou aos 14 anos, ap\u00f3s ser presenteado com duas \u00e9guas, pela av\u00f3. \u201cE de l\u00e1 pra c\u00e1, todos esses anos, a gente vai selecionando os animais do tipo de animal que gosta, o tipo de animal de prefer\u00eancia. E \u00e9 assim\u201d, conta. <\/span><\/p>\n<p><span style=\"font-size: 14px;\">Freitas se refere ao Mancha Crioula como um marco divisor na cria\u00e7\u00e3o de Crioulos com estas caracter\u00edsticas \u00a0de pelagem. \u201cS\u00e3o animais que n\u00e3o sofriam uma sele\u00e7\u00e3o, n\u00e3o eram criados de forma t\u00e3o criteriosa assim. Passaram a sofrer uma sele\u00e7\u00e3o forte, visando o Mancha Crioula, visando as boas coloca\u00e7\u00f5es e, assim, evoluindo a ra\u00e7a tamb\u00e9m no quesito de animais manchados\u201d, explica. <\/span><\/p>\n<p><span style=\"font-size: 14px;\">O jurado, j\u00e1 esteve do outro lado da pista, como criador, e levar\u00e1 ao evento tamb\u00e9m esta bagagem. \u201cEnt\u00e3o \u00e9 uma honra, eu que j\u00e1 fui agraciado numa ocasi\u00e3o com um grande campeonato, j\u00e1 estive do outro lado da pista, e hoje vou estar dentro da pista. Isso me enche de orgulho e fico ciente tamb\u00e9m da responsabilidade\u201d, enaltece Freitas. <\/span><\/p>\n<p><span style=\"font-size: 14px;\">Sobre como avaliar\u00e1 os animais, Jaime Bicca de Freitas, fala que a pelagem num \u201cvista\u00e7o\u201d, aquele primeiro olhar, \u201ctraz sensibilidade, um gosto que te chama a aten\u00e7\u00e3o, te realiza e d\u00e1 uma sensa\u00e7\u00e3o de bem-estar, de admira\u00e7\u00e3o para as pessoas que gostam\u201d. Contudo, este sentimento n\u00e3o est\u00e1 inclu\u00eddo nos crit\u00e9rios oficiais, que s\u00e3o requisitos morfol\u00f3gicos, selo racial e equil\u00edbrio.<\/span><\/p>\n<p><span style=\"font-size: 14px;\">A pelagem tobiana \u00e9 caracterizada por manchas brancas bem definidas sobre um fundo escuro ou vermelho. J\u00e1 a oveira \u00e9 caracterizada por manchas brancas irregulares e &#8220;respingadas&#8221;, com bordas menos definidas que os tobianos, podendo ter um padr\u00e3o salpicado ou manchas mais concentradas na barriga. A pelagem bragada possui manchas brancas na regi\u00e3o da virilha ou entre-pernas. O termo &#8220;bragado&#8221; origina-se da &#8220;braga&#8221; (roupa \u00edntima), indicando a localiza\u00e7\u00e3o dessas manchas.\u00a0<\/span><\/p>\n<p>&nbsp;<\/p>\n<p><span style=\"font-size: 14px;\"><em>Foto: Leandro Vieira\/Divulga\u00e7\u00e3o<\/em><\/span><\/p>\n<p><span style=\"font-size: 14px;\"><em>Texto: Ieda Risco\/AgroEffective<\/em><\/span><\/p>\n<blockquote>\n<h5 class=\"wp-block-quote has-text-align-center is-style-default has-text-color has-link-color has-small-font-size\"><span style=\"font-size: 14px; color: #339966;\"><cite><em>Clube do Hipismo \u00e9 uma publica\u00e7\u00e3o focada em esportes equestres e no mundo do cavalo.<br \/>\nFoi criado em 2007 por pura divers\u00e3o, mas se tornou uma paix\u00e3o para seus fundadores.<\/em><\/cite><\/span><\/h5>\n<\/blockquote>\n<p>Views: 5<\/p><div class=\"clube-centro clube-entity-placement\" style=\"text-align: center;\" id=\"clube-3618585142\"><div id=\"clube-3886546826\" style=\"margin-top: 2px;margin-right: 2px;margin-bottom: 2px;margin-left: 2px;float: right;\"><a href=\"https:\/\/aulasdeequitacao.com.br\/home\/\" target=\"_blank\" aria-label=\"Banner Thaty Aulas new p\"><img src=\"https:\/\/clubedohipismo.com.br\/home\/wp-content\/uploads\/2018\/11\/Banner-Thaty-Aulas-new-p.png\" alt=\"\"  width=\"120\" height=\"120\"   \/><\/a><\/div><div id=\"clube-2764279483\" style=\"margin-top: 2px;margin-right: 2px;margin-bottom: 2px;margin-left: 2px;float: right;\"><a href=\"https:\/\/harasfunchal.com.br\/\" target=\"_blank\" aria-label=\"Onde hospedar (estabular) seu cavalo\"><img src=\"https:\/\/clubedohipismo.com.br\/home\/wp-content\/uploads\/2018\/11\/Banner-Funchal-p.png\" alt=\"Onde hospedar (estabular) seu cavalo\"  width=\"120\" height=\"120\"   \/><\/a><\/div><div id=\"clube-1625716727\" style=\"margin-top: 2px;margin-right: 2px;margin-bottom: 2px;margin-left: 2px;float: right;\"><a href=\"https:\/\/mav.tec.br\/kyc\/\" target=\"_blank\" aria-label=\"kyc banner clube\"><img src=\"https:\/\/clubedohipismo.com.br\/home\/wp-content\/uploads\/2018\/12\/kyc-banner-clube.png\" alt=\"\"  width=\"120\" height=\"120\"   \/><\/a><\/div><div id=\"clube-3490295650\" style=\"margin-top: 2px;margin-right: 2px;margin-bottom: 2px;margin-left: 2px;float: right;\"><a href=\"http:\/\/arybotas.com.br\/\" target=\"_blank\" aria-label=\"Banner AryBotas p\"><img src=\"https:\/\/clubedohipismo.com.br\/home\/wp-content\/uploads\/2018\/11\/Banner-AryBotas-p.png\" alt=\"\"  width=\"120\" height=\"120\"   \/><\/a><\/div><div id=\"clube-2961292216\" style=\"margin-top: 2px;margin-right: 2px;margin-bottom: 2px;margin-left: 2px;float: right;\"><a href=\"https:\/\/www.ev.bemav.com.br\/\" target=\"_blank\" aria-label=\"EV\"><img src=\"https:\/\/clubedohipismo.com.br\/home\/wp-content\/uploads\/2018\/12\/EV.png\" alt=\"\"  width=\"120\" height=\"120\"   \/><\/a><\/div><\/div>","protected":false},"excerpt":{"rendered":"<p>Ser\u00e1 com um olhar de criador que o jurado da edi\u00e7\u00e3o deste ano do Mancha Crioula entrar\u00e1 em pista, carregando uma bagagem de quem j\u00e1 foi premiado na exposi\u00e7\u00e3o. <\/p>\n","protected":false},"author":2,"featured_media":27728,"comment_status":"closed","ping_status":"closed","sticky":false,"template":"","format":"standard","meta":{"sfsi_plus_gutenberg_text_before_share":"","sfsi_plus_gutenberg_show_text_before_share":"","sfsi_plus_gutenberg_icon_type":"","sfsi_plus_gutenberg_icon_alignemt":"","sfsi_plus_gutenburg_max_per_row":"","footnotes":""},"categories":[174,13,22],"tags":[10,180],"class_list":["post-27727","post","type-post","status-publish","format-standard","has-post-thumbnail","hentry","category-artigos","category-o-mundo-do-cavalo","category-eventos-hipismo-equestre-cavalo","tag-cavalocrioulo","tag-mancha-crioula"],"yoast_head":"<!-- This site is optimized with the Yoast SEO plugin v27.5 - https:\/\/yoast.com\/product\/yoast-seo-wordpress\/ -->\n<title>Jurado do Mancha Crioula j\u00e1 foi premiado na exposi\u00e7\u00e3o - Clube do Hipismo<\/title>\n<meta name=\"description\" content=\"Ser\u00e1 com um olhar de criador que o jurado da edi\u00e7\u00e3o deste ano do Mancha Crioula entrar\u00e1 em pista, carregando uma bagagem de quem j\u00e1 foi premiado na exposi\u00e7\u00e3o.\" \/>\n<meta name=\"robots\" content=\"index, follow, max-snippet:-1, max-image-preview:large, max-video-preview:-1\" \/>\n<link rel=\"canonical\" href=\"https:\/\/clubedohipismo.com.br\/home\/2026\/01\/28\/jurado-do-mancha-crioula-ja-foi-premiado-na-exposicao\/\" \/>\n<meta property=\"og:locale\" content=\"pt_BR\" \/>\n<meta property=\"og:type\" content=\"article\" \/>\n<meta property=\"og:title\" content=\"Jurado do Mancha Crioula j\u00e1 foi premiado na exposi\u00e7\u00e3o - Clube do Hipismo\" \/>\n<meta property=\"og:description\" content=\"Ser\u00e1 com um olhar de criador que o jurado da edi\u00e7\u00e3o deste ano do Mancha Crioula entrar\u00e1 em pista, carregando uma bagagem de quem j\u00e1 foi premiado na exposi\u00e7\u00e3o.\" \/>\n<meta property=\"og:url\" content=\"https:\/\/clubedohipismo.com.br\/home\/2026\/01\/28\/jurado-do-mancha-crioula-ja-foi-premiado-na-exposicao\/\" \/>\n<meta property=\"og:site_name\" content=\"Clube do Hipismo\" \/>\n<meta property=\"article:published_time\" content=\"2026-01-28T13:30:31+00:00\" \/>\n<meta property=\"og:image\" content=\"https:\/\/clubedohipismo.com.br\/home\/wp-content\/uploads\/2026\/01\/Jaime-Bicca-Credito-Leandro-Vieira-Divulgacao-Medio.jpg\" \/>\n\t<meta property=\"og:image:width\" content=\"1129\" \/>\n\t<meta property=\"og:image:height\" content=\"768\" \/>\n\t<meta property=\"og:image:type\" content=\"image\/jpeg\" \/>\n<meta name=\"author\" content=\"Marco Vidal\" \/>\n<meta name=\"twitter:card\" content=\"summary_large_image\" \/>\n<meta name=\"twitter:label1\" content=\"Escrito por\" \/>\n\t<meta name=\"twitter:data1\" content=\"Marco Vidal\" \/>\n\t<meta name=\"twitter:label2\" content=\"Est. tempo de leitura\" \/>\n\t<meta name=\"twitter:data2\" content=\"3 minutos\" \/>\n<script type=\"application\/ld+json\" class=\"yoast-schema-graph\">{\"@context\":\"https:\\\/\\\/schema.org\",\"@graph\":[{\"@type\":\"Article\",\"@id\":\"https:\\\/\\\/clubedohipismo.com.br\\\/home\\\/2026\\\/01\\\/28\\\/jurado-do-mancha-crioula-ja-foi-premiado-na-exposicao\\\/#article\",\"isPartOf\":{\"@id\":\"https:\\\/\\\/clubedohipismo.com.br\\\/home\\\/2026\\\/01\\\/28\\\/jurado-do-mancha-crioula-ja-foi-premiado-na-exposicao\\\/\"},\"author\":{\"name\":\"Marco Vidal\",\"@id\":\"https:\\\/\\\/clubedohipismo.com.br\\\/home\\\/#\\\/schema\\\/person\\\/02a1be4ce15daab4ed7b2fd71bf47143\"},\"headline\":\"Jurado do Mancha Crioula j\u00e1 foi premiado na exposi\u00e7\u00e3o\",\"datePublished\":\"2026-01-28T13:30:31+00:00\",\"mainEntityOfPage\":{\"@id\":\"https:\\\/\\\/clubedohipismo.com.br\\\/home\\\/2026\\\/01\\\/28\\\/jurado-do-mancha-crioula-ja-foi-premiado-na-exposicao\\\/\"},\"wordCount\":513,\"publisher\":{\"@id\":\"https:\\\/\\\/clubedohipismo.com.br\\\/home\\\/#organization\"},\"image\":{\"@id\":\"https:\\\/\\\/clubedohipismo.com.br\\\/home\\\/2026\\\/01\\\/28\\\/jurado-do-mancha-crioula-ja-foi-premiado-na-exposicao\\\/#primaryimage\"},\"thumbnailUrl\":\"https:\\\/\\\/clubedohipismo.com.br\\\/home\\\/wp-content\\\/uploads\\\/2026\\\/01\\\/Jaime-Bicca-Credito-Leandro-Vieira-Divulgacao-Medio.jpg\",\"keywords\":[\"cavalocrioulo\",\"mancha crioula\"],\"articleSection\":[\"Artigos\",\"Mundo do cavalo\",\"Pr\u00f3ximos Eventos\"],\"inLanguage\":\"pt-BR\"},{\"@type\":\"WebPage\",\"@id\":\"https:\\\/\\\/clubedohipismo.com.br\\\/home\\\/2026\\\/01\\\/28\\\/jurado-do-mancha-crioula-ja-foi-premiado-na-exposicao\\\/\",\"url\":\"https:\\\/\\\/clubedohipismo.com.br\\\/home\\\/2026\\\/01\\\/28\\\/jurado-do-mancha-crioula-ja-foi-premiado-na-exposicao\\\/\",\"name\":\"Jurado do Mancha Crioula j\u00e1 foi premiado na exposi\u00e7\u00e3o - Clube do Hipismo\",\"isPartOf\":{\"@id\":\"https:\\\/\\\/clubedohipismo.com.br\\\/home\\\/#website\"},\"primaryImageOfPage\":{\"@id\":\"https:\\\/\\\/clubedohipismo.com.br\\\/home\\\/2026\\\/01\\\/28\\\/jurado-do-mancha-crioula-ja-foi-premiado-na-exposicao\\\/#primaryimage\"},\"image\":{\"@id\":\"https:\\\/\\\/clubedohipismo.com.br\\\/home\\\/2026\\\/01\\\/28\\\/jurado-do-mancha-crioula-ja-foi-premiado-na-exposicao\\\/#primaryimage\"},\"thumbnailUrl\":\"https:\\\/\\\/clubedohipismo.com.br\\\/home\\\/wp-content\\\/uploads\\\/2026\\\/01\\\/Jaime-Bicca-Credito-Leandro-Vieira-Divulgacao-Medio.jpg\",\"datePublished\":\"2026-01-28T13:30:31+00:00\",\"description\":\"Ser\u00e1 com um olhar de criador que o jurado da edi\u00e7\u00e3o deste ano do Mancha Crioula entrar\u00e1 em pista, carregando uma bagagem de quem j\u00e1 foi premiado na exposi\u00e7\u00e3o.\",\"breadcrumb\":{\"@id\":\"https:\\\/\\\/clubedohipismo.com.br\\\/home\\\/2026\\\/01\\\/28\\\/jurado-do-mancha-crioula-ja-foi-premiado-na-exposicao\\\/#breadcrumb\"},\"inLanguage\":\"pt-BR\",\"potentialAction\":[{\"@type\":\"ReadAction\",\"target\":[\"https:\\\/\\\/clubedohipismo.com.br\\\/home\\\/2026\\\/01\\\/28\\\/jurado-do-mancha-crioula-ja-foi-premiado-na-exposicao\\\/\"]}]},{\"@type\":\"ImageObject\",\"inLanguage\":\"pt-BR\",\"@id\":\"https:\\\/\\\/clubedohipismo.com.br\\\/home\\\/2026\\\/01\\\/28\\\/jurado-do-mancha-crioula-ja-foi-premiado-na-exposicao\\\/#primaryimage\",\"url\":\"https:\\\/\\\/clubedohipismo.com.br\\\/home\\\/wp-content\\\/uploads\\\/2026\\\/01\\\/Jaime-Bicca-Credito-Leandro-Vieira-Divulgacao-Medio.jpg\",\"contentUrl\":\"https:\\\/\\\/clubedohipismo.com.br\\\/home\\\/wp-content\\\/uploads\\\/2026\\\/01\\\/Jaime-Bicca-Credito-Leandro-Vieira-Divulgacao-Medio.jpg\",\"width\":1129,\"height\":768,\"caption\":\"Jurado do Mancha Crioula j\u00e1 foi premiado na exposi\u00e7\u00e3o\"},{\"@type\":\"BreadcrumbList\",\"@id\":\"https:\\\/\\\/clubedohipismo.com.br\\\/home\\\/2026\\\/01\\\/28\\\/jurado-do-mancha-crioula-ja-foi-premiado-na-exposicao\\\/#breadcrumb\",\"itemListElement\":[{\"@type\":\"ListItem\",\"position\":1,\"name\":\"In\u00edcio\",\"item\":\"https:\\\/\\\/clubedohipismo.com.br\\\/home\\\/\"},{\"@type\":\"ListItem\",\"position\":2,\"name\":\"Jurado do Mancha Crioula j\u00e1 foi premiado na exposi\u00e7\u00e3o\"}]},{\"@type\":\"WebSite\",\"@id\":\"https:\\\/\\\/clubedohipismo.com.br\\\/home\\\/#website\",\"url\":\"https:\\\/\\\/clubedohipismo.com.br\\\/home\\\/\",\"name\":\"Clube do Hipismo\",\"description\":\"Not\u00edcias do mundo do cavalo\",\"publisher\":{\"@id\":\"https:\\\/\\\/clubedohipismo.com.br\\\/home\\\/#organization\"},\"potentialAction\":[{\"@type\":\"SearchAction\",\"target\":{\"@type\":\"EntryPoint\",\"urlTemplate\":\"https:\\\/\\\/clubedohipismo.com.br\\\/home\\\/?s={search_term_string}\"},\"query-input\":{\"@type\":\"PropertyValueSpecification\",\"valueRequired\":true,\"valueName\":\"search_term_string\"}}],\"inLanguage\":\"pt-BR\"},{\"@type\":\"Organization\",\"@id\":\"https:\\\/\\\/clubedohipismo.com.br\\\/home\\\/#organization\",\"name\":\"Clube do Hipismo\",\"url\":\"https:\\\/\\\/clubedohipismo.com.br\\\/home\\\/\",\"logo\":{\"@type\":\"ImageObject\",\"inLanguage\":\"pt-BR\",\"@id\":\"https:\\\/\\\/clubedohipismo.com.br\\\/home\\\/#\\\/schema\\\/logo\\\/image\\\/\",\"url\":\"https:\\\/\\\/clubedohipismo.com.br\\\/home\\\/wp-content\\\/uploads\\\/2018\\\/03\\\/clube-ch-dourado-wp-logo.png\",\"contentUrl\":\"https:\\\/\\\/clubedohipismo.com.br\\\/home\\\/wp-content\\\/uploads\\\/2018\\\/03\\\/clube-ch-dourado-wp-logo.png\",\"width\":512,\"height\":512,\"caption\":\"Clube do Hipismo\"},\"image\":{\"@id\":\"https:\\\/\\\/clubedohipismo.com.br\\\/home\\\/#\\\/schema\\\/logo\\\/image\\\/\"}},{\"@type\":\"Person\",\"@id\":\"https:\\\/\\\/clubedohipismo.com.br\\\/home\\\/#\\\/schema\\\/person\\\/02a1be4ce15daab4ed7b2fd71bf47143\",\"name\":\"Marco Vidal\",\"url\":\"https:\\\/\\\/clubedohipismo.com.br\\\/home\\\/author\\\/vergano\\\/\"}]}<\/script>\n<!-- \/ Yoast SEO plugin. -->","yoast_head_json":{"title":"Jurado do Mancha Crioula j\u00e1 foi premiado na exposi\u00e7\u00e3o - Clube do Hipismo","description":"Ser\u00e1 com um olhar de criador que o jurado da edi\u00e7\u00e3o deste ano do Mancha Crioula entrar\u00e1 em pista, carregando uma bagagem de quem j\u00e1 foi premiado na exposi\u00e7\u00e3o.","robots":{"index":"index","follow":"follow","max-snippet":"max-snippet:-1","max-image-preview":"max-image-preview:large","max-video-preview":"max-video-preview:-1"},"canonical":"https:\/\/clubedohipismo.com.br\/home\/2026\/01\/28\/jurado-do-mancha-crioula-ja-foi-premiado-na-exposicao\/","og_locale":"pt_BR","og_type":"article","og_title":"Jurado do Mancha Crioula j\u00e1 foi premiado na exposi\u00e7\u00e3o - Clube do Hipismo","og_description":"Ser\u00e1 com um olhar de criador que o jurado da edi\u00e7\u00e3o deste ano do Mancha Crioula entrar\u00e1 em pista, carregando uma bagagem de quem j\u00e1 foi premiado na exposi\u00e7\u00e3o.","og_url":"https:\/\/clubedohipismo.com.br\/home\/2026\/01\/28\/jurado-do-mancha-crioula-ja-foi-premiado-na-exposicao\/","og_site_name":"Clube do Hipismo","article_published_time":"2026-01-28T13:30:31+00:00","og_image":[{"width":1129,"height":768,"url":"https:\/\/clubedohipismo.com.br\/home\/wp-content\/uploads\/2026\/01\/Jaime-Bicca-Credito-Leandro-Vieira-Divulgacao-Medio.jpg","type":"image\/jpeg"}],"author":"Marco Vidal","twitter_card":"summary_large_image","twitter_misc":{"Escrito por":"Marco Vidal","Est. tempo de leitura":"3 minutos"},"schema":{"@context":"https:\/\/schema.org","@graph":[{"@type":"Article","@id":"https:\/\/clubedohipismo.com.br\/home\/2026\/01\/28\/jurado-do-mancha-crioula-ja-foi-premiado-na-exposicao\/#article","isPartOf":{"@id":"https:\/\/clubedohipismo.com.br\/home\/2026\/01\/28\/jurado-do-mancha-crioula-ja-foi-premiado-na-exposicao\/"},"author":{"name":"Marco Vidal","@id":"https:\/\/clubedohipismo.com.br\/home\/#\/schema\/person\/02a1be4ce15daab4ed7b2fd71bf47143"},"headline":"Jurado do Mancha Crioula j\u00e1 foi premiado na exposi\u00e7\u00e3o","datePublished":"2026-01-28T13:30:31+00:00","mainEntityOfPage":{"@id":"https:\/\/clubedohipismo.com.br\/home\/2026\/01\/28\/jurado-do-mancha-crioula-ja-foi-premiado-na-exposicao\/"},"wordCount":513,"publisher":{"@id":"https:\/\/clubedohipismo.com.br\/home\/#organization"},"image":{"@id":"https:\/\/clubedohipismo.com.br\/home\/2026\/01\/28\/jurado-do-mancha-crioula-ja-foi-premiado-na-exposicao\/#primaryimage"},"thumbnailUrl":"https:\/\/clubedohipismo.com.br\/home\/wp-content\/uploads\/2026\/01\/Jaime-Bicca-Credito-Leandro-Vieira-Divulgacao-Medio.jpg","keywords":["cavalocrioulo","mancha crioula"],"articleSection":["Artigos","Mundo do cavalo","Pr\u00f3ximos Eventos"],"inLanguage":"pt-BR"},{"@type":"WebPage","@id":"https:\/\/clubedohipismo.com.br\/home\/2026\/01\/28\/jurado-do-mancha-crioula-ja-foi-premiado-na-exposicao\/","url":"https:\/\/clubedohipismo.com.br\/home\/2026\/01\/28\/jurado-do-mancha-crioula-ja-foi-premiado-na-exposicao\/","name":"Jurado do Mancha Crioula j\u00e1 foi premiado na exposi\u00e7\u00e3o - Clube do Hipismo","isPartOf":{"@id":"https:\/\/clubedohipismo.com.br\/home\/#website"},"primaryImageOfPage":{"@id":"https:\/\/clubedohipismo.com.br\/home\/2026\/01\/28\/jurado-do-mancha-crioula-ja-foi-premiado-na-exposicao\/#primaryimage"},"image":{"@id":"https:\/\/clubedohipismo.com.br\/home\/2026\/01\/28\/jurado-do-mancha-crioula-ja-foi-premiado-na-exposicao\/#primaryimage"},"thumbnailUrl":"https:\/\/clubedohipismo.com.br\/home\/wp-content\/uploads\/2026\/01\/Jaime-Bicca-Credito-Leandro-Vieira-Divulgacao-Medio.jpg","datePublished":"2026-01-28T13:30:31+00:00","description":"Ser\u00e1 com um olhar de criador que o jurado da edi\u00e7\u00e3o deste ano do Mancha Crioula entrar\u00e1 em pista, carregando uma bagagem de quem j\u00e1 foi premiado na exposi\u00e7\u00e3o.","breadcrumb":{"@id":"https:\/\/clubedohipismo.com.br\/home\/2026\/01\/28\/jurado-do-mancha-crioula-ja-foi-premiado-na-exposicao\/#breadcrumb"},"inLanguage":"pt-BR","potentialAction":[{"@type":"ReadAction","target":["https:\/\/clubedohipismo.com.br\/home\/2026\/01\/28\/jurado-do-mancha-crioula-ja-foi-premiado-na-exposicao\/"]}]},{"@type":"ImageObject","inLanguage":"pt-BR","@id":"https:\/\/clubedohipismo.com.br\/home\/2026\/01\/28\/jurado-do-mancha-crioula-ja-foi-premiado-na-exposicao\/#primaryimage","url":"https:\/\/clubedohipismo.com.br\/home\/wp-content\/uploads\/2026\/01\/Jaime-Bicca-Credito-Leandro-Vieira-Divulgacao-Medio.jpg","contentUrl":"https:\/\/clubedohipismo.com.br\/home\/wp-content\/uploads\/2026\/01\/Jaime-Bicca-Credito-Leandro-Vieira-Divulgacao-Medio.jpg","width":1129,"height":768,"caption":"Jurado do Mancha Crioula j\u00e1 foi premiado na exposi\u00e7\u00e3o"},{"@type":"BreadcrumbList","@id":"https:\/\/clubedohipismo.com.br\/home\/2026\/01\/28\/jurado-do-mancha-crioula-ja-foi-premiado-na-exposicao\/#breadcrumb","itemListElement":[{"@type":"ListItem","position":1,"name":"In\u00edcio","item":"https:\/\/clubedohipismo.com.br\/home\/"},{"@type":"ListItem","position":2,"name":"Jurado do Mancha Crioula j\u00e1 foi premiado na exposi\u00e7\u00e3o"}]},{"@type":"WebSite","@id":"https:\/\/clubedohipismo.com.br\/home\/#website","url":"https:\/\/clubedohipismo.com.br\/home\/","name":"Clube do Hipismo","description":"Not\u00edcias do mundo do cavalo","publisher":{"@id":"https:\/\/clubedohipismo.com.br\/home\/#organization"},"potentialAction":[{"@type":"SearchAction","target":{"@type":"EntryPoint","urlTemplate":"https:\/\/clubedohipismo.com.br\/home\/?s={search_term_string}"},"query-input":{"@type":"PropertyValueSpecification","valueRequired":true,"valueName":"search_term_string"}}],"inLanguage":"pt-BR"},{"@type":"Organization","@id":"https:\/\/clubedohipismo.com.br\/home\/#organization","name":"Clube do Hipismo","url":"https:\/\/clubedohipismo.com.br\/home\/","logo":{"@type":"ImageObject","inLanguage":"pt-BR","@id":"https:\/\/clubedohipismo.com.br\/home\/#\/schema\/logo\/image\/","url":"https:\/\/clubedohipismo.com.br\/home\/wp-content\/uploads\/2018\/03\/clube-ch-dourado-wp-logo.png","contentUrl":"https:\/\/clubedohipismo.com.br\/home\/wp-content\/uploads\/2018\/03\/clube-ch-dourado-wp-logo.png","width":512,"height":512,"caption":"Clube do Hipismo"},"image":{"@id":"https:\/\/clubedohipismo.com.br\/home\/#\/schema\/logo\/image\/"}},{"@type":"Person","@id":"https:\/\/clubedohipismo.com.br\/home\/#\/schema\/person\/02a1be4ce15daab4ed7b2fd71bf47143","name":"Marco Vidal","url":"https:\/\/clubedohipismo.com.br\/home\/author\/vergano\/"}]}},"rttpg_featured_image_url":{"full":["https:\/\/clubedohipismo.com.br\/home\/wp-content\/uploads\/2026\/01\/Jaime-Bicca-Credito-Leandro-Vieira-Divulgacao-Medio.jpg",1129,768,false],"landscape":["https:\/\/clubedohipismo.com.br\/home\/wp-content\/uploads\/2026\/01\/Jaime-Bicca-Credito-Leandro-Vieira-Divulgacao-Medio.jpg",1129,768,false],"portraits":["https:\/\/clubedohipismo.com.br\/home\/wp-content\/uploads\/2026\/01\/Jaime-Bicca-Credito-Leandro-Vieira-Divulgacao-Medio.jpg",1129,768,false],"thumbnail":["https:\/\/clubedohipismo.com.br\/home\/wp-content\/uploads\/2026\/01\/Jaime-Bicca-Credito-Leandro-Vieira-Divulgacao-Medio-150x150.jpg",150,150,true],"medium":["https:\/\/clubedohipismo.com.br\/home\/wp-content\/uploads\/2026\/01\/Jaime-Bicca-Credito-Leandro-Vieira-Divulgacao-Medio-300x204.jpg",300,204,true],"large":["https:\/\/clubedohipismo.com.br\/home\/wp-content\/uploads\/2026\/01\/Jaime-Bicca-Credito-Leandro-Vieira-Divulgacao-Medio-1024x697.jpg",1024,697,true],"1536x1536":["https:\/\/clubedohipismo.com.br\/home\/wp-content\/uploads\/2026\/01\/Jaime-Bicca-Credito-Leandro-Vieira-Divulgacao-Medio.jpg",1129,768,false],"2048x2048":["https:\/\/clubedohipismo.com.br\/home\/wp-content\/uploads\/2026\/01\/Jaime-Bicca-Credito-Leandro-Vieira-Divulgacao-Medio.jpg",1129,768,false],"post-thumbnail":["https:\/\/clubedohipismo.com.br\/home\/wp-content\/uploads\/2026\/01\/Jaime-Bicca-Credito-Leandro-Vieira-Divulgacao-Medio-399x271.jpg",399,271,true],"anima-featured":["https:\/\/clubedohipismo.com.br\/home\/wp-content\/uploads\/2026\/01\/Jaime-Bicca-Credito-Leandro-Vieira-Divulgacao-Medio-399x300.jpg",399,300,true],"anima-featured-lp":["https:\/\/clubedohipismo.com.br\/home\/wp-content\/uploads\/2026\/01\/Jaime-Bicca-Credito-Leandro-Vieira-Divulgacao-Medio-530x300.jpg",530,300,true],"anima-featured-half":["https:\/\/clubedohipismo.com.br\/home\/wp-content\/uploads\/2026\/01\/Jaime-Bicca-Credito-Leandro-Vieira-Divulgacao-Medio-800x300.jpg",800,300,true],"anima-featured-third":["https:\/\/clubedohipismo.com.br\/home\/wp-content\/uploads\/2026\/01\/Jaime-Bicca-Credito-Leandro-Vieira-Divulgacao-Medio-512x300.jpg",512,300,true],"anima-lpbox-1":["https:\/\/clubedohipismo.com.br\/home\/wp-content\/uploads\/2026\/01\/Jaime-Bicca-Credito-Leandro-Vieira-Divulgacao-Medio-397x200.jpg",397,200,true],"anima-lpbox-2":["https:\/\/clubedohipismo.com.br\/home\/wp-content\/uploads\/2026\/01\/Jaime-Bicca-Credito-Leandro-Vieira-Divulgacao-Medio-397x400.jpg",397,400,true]},"rttpg_author":{"display_name":"Marco Vidal","author_link":"https:\/\/clubedohipismo.com.br\/home\/author\/vergano\/"},"rttpg_comment":0,"rttpg_category":"<a href=\"https:\/\/clubedohipismo.com.br\/home\/category\/artigos\/\" rel=\"category tag\">Artigos<\/a> <a href=\"https:\/\/clubedohipismo.com.br\/home\/category\/artigos\/o-mundo-do-cavalo\/\" rel=\"category tag\">Mundo do cavalo<\/a> <a href=\"https:\/\/clubedohipismo.com.br\/home\/category\/artigos\/eventos-hipismo-equestre-cavalo\/\" rel=\"category tag\">Pr\u00f3ximos Eventos<\/a>","rttpg_excerpt":"Ser\u00e1 com um olhar de criador que o jurado da edi\u00e7\u00e3o deste ano do Mancha Crioula entrar\u00e1 em pista, carregando uma bagagem de quem j\u00e1 foi premiado na exposi\u00e7\u00e3o.","_links":{"self":[{"href":"https:\/\/clubedohipismo.com.br\/home\/wp-json\/wp\/v2\/posts\/27727","targetHints":{"allow":["GET"]}}],"collection":[{"href":"https:\/\/clubedohipismo.com.br\/home\/wp-json\/wp\/v2\/posts"}],"about":[{"href":"https:\/\/clubedohipismo.com.br\/home\/wp-json\/wp\/v2\/types\/post"}],"author":[{"embeddable":true,"href":"https:\/\/clubedohipismo.com.br\/home\/wp-json\/wp\/v2\/users\/2"}],"replies":[{"embeddable":true,"href":"https:\/\/clubedohipismo.com.br\/home\/wp-json\/wp\/v2\/comments?post=27727"}],"version-history":[{"count":2,"href":"https:\/\/clubedohipismo.com.br\/home\/wp-json\/wp\/v2\/posts\/27727\/revisions"}],"predecessor-version":[{"id":27730,"href":"https:\/\/clubedohipismo.com.br\/home\/wp-json\/wp\/v2\/posts\/27727\/revisions\/27730"}],"wp:featuredmedia":[{"embeddable":true,"href":"https:\/\/clubedohipismo.com.br\/home\/wp-json\/wp\/v2\/media\/27728"}],"wp:attachment":[{"href":"https:\/\/clubedohipismo.com.br\/home\/wp-json\/wp\/v2\/media?parent=27727"}],"wp:term":[{"taxonomy":"category","embeddable":true,"href":"https:\/\/clubedohipismo.com.br\/home\/wp-json\/wp\/v2\/categories?post=27727"},{"taxonomy":"post_tag","embeddable":true,"href":"https:\/\/clubedohipismo.com.br\/home\/wp-json\/wp\/v2\/tags?post=27727"}],"curies":[{"name":"wp","href":"https:\/\/api.w.org\/{rel}","templated":true}]}}