{"id":27348,"date":"2024-08-26T09:09:02","date_gmt":"2024-08-26T12:09:02","guid":{"rendered":"https:\/\/clubedohipismo.com.br\/home\/?p=27348"},"modified":"2024-08-26T09:09:07","modified_gmt":"2024-08-26T12:09:07","slug":"cavalo-crioulo-expointer-morfologia-2","status":"publish","type":"post","link":"https:\/\/clubedohipismo.com.br\/home\/2024\/08\/26\/cavalo-crioulo-expointer-morfologia-2\/","title":{"rendered":"Pacita Cala Bassa \u00e9 a Melhor Exemplar da Ra\u00e7a da Morfologia Expointer 2024"},"content":{"rendered":"<div id=\"clube-1112810699\" class=\"clube-amp clube-entity-placement\" style=\"margin-left: auto;margin-right: auto;text-align: center;\"><script async src=\"\/\/pagead2.googlesyndication.com\/pagead\/js\/adsbygoogle.js?client=ca-pub-6364990823171596\" crossorigin=\"anonymous\"><\/script><ins class=\"adsbygoogle\" style=\"display:block;\" data-ad-client=\"ca-pub-6364990823171596\" \ndata-ad-slot=\"\" \ndata-ad-format=\"auto\"><\/ins>\n<script> \n(adsbygoogle = window.adsbygoogle || []).push({}); \n<\/script>\n<\/div>\n<h4>Ap\u00f3s 21 exposi\u00e7\u00f5es Passaporte e tr\u00eas Pr\u00e9vias Morfol\u00f3gicas, Pacita Cala Bassa, da Cabanha Cala Bassa de Bag\u00e9 (RS) sagrou-se o Melhor Exemplar da Ra\u00e7a na grande Final da Morfologia Expointer. Al\u00e9m de Grande Campe\u00e3 na categoria f\u00eameas, o animal superou o Grande Campe\u00e3o na categoria machos Patr\u00e3o Cavalera do Condom\u00ednio Patr\u00e3o Cavalera.\u00a0 A final da Morfologia Expointer iniciou ainda antes da abertura dos port\u00f5es do Parque de Exposi\u00e7\u00f5es Assis Brasil, em Esteio (RS), e entregou as premia\u00e7\u00f5es neste domingo, 25 de agosto, o primeiro da Expointer 2024.\u00a0<\/h4>\n\n\n\n<!--more-->\n\n\n\n<p>Propriet\u00e1rio e expositor da Pacita Cala Bassa, Marcelo Rezende M\u00f3glia, celebrou com a fam\u00edlia o t\u00edtulo da \u00e9gua. \u201cA gente tinha ela guardada, no passado n\u00e3o sa\u00edmos e deixamos para tirar no melhor momento. A gente tinha uma expectativa enorme nela, \u00e9 uma \u00e9gua in\u00e9dita e deu certo\u201d, contou o propriet\u00e1rio. J\u00e1 Evaldo Rosa, da Est\u00e2ncia Liberdade, de Rolante (RS), um dos propriet\u00e1rios do cavalo, j\u00e1 tem planos para o futuro de Patr\u00e3o Cavalera. \u201cEle \u00e9 extraordin\u00e1rio, ele \u00e9 lindo, e agora vamos coloc\u00e1-lo no servi\u00e7o. Vamos botar na cria e vamos ver como ele passa na funcional\u201d, contou.<\/p>\n<p>Os respons\u00e1veis por movimentar as filas at\u00e9 a escolha dos Grandes Campe\u00f5es foram os jurados o argentino Carlos Solanet e o brasileiro Gustavo Silveira Rodrigues, al\u00e9m do \u00e1rbitro Luciano Correa Passos. Eles analisaram os animais selecionados no Rio Grande do Sul, Santa Catarina, Paran\u00e1, S\u00e3o Paulo, Minas Gerais, Mato Grosso do Sul, Mato Grosso e Goi\u00e1s. Rodrigues, que avaliou os machos, disse que o cavalo zaino \u00e9 um cavalo muito t\u00edpico, de bom pesco\u00e7o, paleta bem aprumada, de muito amplitude, que caminha com uma facilidade incr\u00edvel, um excelente cavalo\u201d, avaliou Rodrigues. J\u00e1 quanto \u00e0 f\u00eamea, o jurado argentino Carlos Solanet disse que se trata de uma \u00e9gua muito completa. Segundo ele, todas as quatro f\u00eameas que concorreram no grande campeonato s\u00e3o do mesmo tipo, bem femininas, fortes, e muito bons aprumos e pequenas. \u201cEstamos todos olhando para o mesmo cavalo que queremos, seja na Argentina, Uruguai, Paraguai ou aqui no Brasil\u201d, pontuou o jurado.<\/p>\n<p>O presidente da Associa\u00e7\u00e3o Brasileira de Criadores de Cavalos Crioulos (ABCCC), C\u00e9sar Hax, disse que fecham um ciclo com chave de ouro apesar dos percal\u00e7os. \u201cEm fun\u00e7\u00e3o do que aconteceu em abril e maio, mudan\u00e7a de calend\u00e1rio, que apertou um pouco. Mas tamb\u00e9m entendo que a gente tomou a decis\u00e3o certa, no momento certo. Definimos, readequamos o calend\u00e1rio e a gente chega numa final, assim, brilhante, de riqueza de animais\u201d, avaliou o dirigente. Hax tamb\u00e9m comentou que o tempo foi um aliado. Outro apontamento feito pelo presidente da entidade foi com rela\u00e7\u00e3o ao n\u00famero de animais, que cresceu em 20% no comparativo com a edi\u00e7\u00e3o passada.\u00a0\u00a0<\/p>\n<p>\u00a0<\/p>\n<p><strong>Confira os resultados<\/strong><\/p>\n<p>\u00a0<\/p>\n<figure id=\"attachment_27349\" aria-describedby=\"caption-attachment-27349\" style=\"width: 400px\" class=\"wp-caption alignright\"><a href=\"https:\/\/clubedohipismo.com.br\/home\/wp-content\/uploads\/2024\/08\/Pacita-Cala-Bassa-Credito-Joao-Morais-Divulgacao-Medio.jpg\"><img  title=\"\" fetchpriority=\"high\" decoding=\"async\" class=\"wp-image-27349\" src=\"https:\/\/clubedohipismo.com.br\/home\/wp-content\/uploads\/2024\/08\/Pacita-Cala-Bassa-Credito-Joao-Morais-Divulgacao-Medio.jpg\"  alt=\"Pacita-Cala-Bassa-Credito-Joao-Morais-Divulgacao-Medio Pacita Cala Bassa \u00e9 a Melhor Exemplar da Ra\u00e7a da Morfologia Expointer 2024\"  width=\"400\" height=\"272\" srcset=\"https:\/\/clubedohipismo.com.br\/home\/wp-content\/uploads\/2024\/08\/Pacita-Cala-Bassa-Credito-Joao-Morais-Divulgacao-Medio.jpg 1129w, https:\/\/clubedohipismo.com.br\/home\/wp-content\/uploads\/2024\/08\/Pacita-Cala-Bassa-Credito-Joao-Morais-Divulgacao-Medio-300x204.jpg 300w, https:\/\/clubedohipismo.com.br\/home\/wp-content\/uploads\/2024\/08\/Pacita-Cala-Bassa-Credito-Joao-Morais-Divulgacao-Medio-1024x697.jpg 1024w, https:\/\/clubedohipismo.com.br\/home\/wp-content\/uploads\/2024\/08\/Pacita-Cala-Bassa-Credito-Joao-Morais-Divulgacao-Medio-768x522.jpg 768w\" sizes=\"(max-width: 400px) 100vw, 400px\" \/><\/a><figcaption id=\"caption-attachment-27349\" class=\"wp-caption-text\">Pacita Cala Bassa &#8211; Cr\u00e9dito Jo\u00e3o Morais Divulga\u00e7\u00e3o (M\u00e9dio)<\/figcaption><\/figure>\n<p>F\u00caMEAS<\/p>\n<p>\u00a0<\/p>\n<p>Grande Campe\u00e3 e Melhor Exemplar da Ra\u00e7a<\/p>\n<p>PACITA CALA BASSA<\/p>\n<p>CRIADOR: MARCELO REZENDE M\u00d3GLIA, EXPOSITOR: MARCELO REZENDE M\u00d3GLIA, ESTABELECIMENTO: CABANHA CALA BASSA, BAG\u00c9 (RS)<\/p>\n<p>\u00a0<\/p>\n<p>Reservada Grande Campe\u00e3<\/p>\n<p>BELLE RESERVA<\/p>\n<p>CRIADOR: ELIZABETH LEMANSKI, EXPOSITOR: ELIZABETH LEMANSKI, ESTABELECIMENTO: FAZENDA PARA\u00cdSO, BALSA NOVA (PR)<\/p>\n<p>\u00a0<\/p>\n<p>Terceira Melhor F\u00eamea<\/p>\n<p>AS MALKE JURA<\/p>\n<p>CRIADOR: JOS\u00c9 SCHUTZ SCHWANCK, EXPOSITOR: SUCESS\u00c3O DE JOS\u00c9 SCHWANCK, ESTABELECIMENTO: CABANHA MALKE, URUGUAIANA (RS)<\/p>\n<p>\u00a0<\/p>\n<p>Quarta Melhor F\u00eamea<\/p>\n<p>GAP NALU<\/p>\n<p>CRIADOR: EDUARDO MACEDO LINHARES, EXPOSITOR: PARCERIA GAP GEN\u00c9TICA, ESTABELECIMENTO: EST\u00c2NCIA GAP S\u00c3O PEDRO, URUGUAIANA (RS)<\/p>\n<p>\u00a0<\/p>\n<p>MACHOS<\/p>\n<p>\u00a0<\/p>\n<p>Grande Campe\u00e3o<\/p>\n<p>PATR\u00c3O CAVALERA<\/p>\n<p>CRIADOR: RAFAEL GRIMM VAZ E ELIANA SUSSENBACH VAZ, EXPOSITOR: CONDOM\u00cdNIO PATR\u00c3O CAVALERA, ESTABELECIMENTO: EST\u00c2NCIA LIBERDADE, EST\u00c2NCIA SANTA LEOC\u00c1DIA, CABANHA CAVALERA, EST\u00c2NCIA A TAPERA, EST\u00c2NCIA NOVA E AGRIBUSINESS AGRICULTURA, CURITIBA (PR)<\/p>\n<p>\u00a0<\/p>\n<p>Reservado Grande Campe\u00e3o<\/p>\n<p>PONTO CRUZ CALA BASSA<\/p>\n<p>CRIADOR: MARCELO REZENDE M\u00d3GLIA, EXPOSITOR: PARCERIA SANTA LEODORA, ESTABELECIMENTO: FAZENDA SANTA LEODORA, DOM PEDRITO (RS)<\/p>\n<p>\u00a0<\/p>\n<p>Terceiro Melhor Macho<\/p>\n<p>BASCO IPIRANGA-TE<\/p>\n<p>CRIADOR: MARIANA FRANCO TELLECHEA E FILHOS, EXPOSITOR: MARIANA FRANCO TELLECHEA E FILHOS, ESTABELECIMENTO: CABANHA BASCA, URUGUAIANA (RS)<\/p>\n<p>\u00a0<\/p>\n<p>Quarto Melhor Macho<\/p>\n<p>\u00c1S DE ESPADAS MAPOCHO<\/p>\n<p>CRIADOR: S\u00c9RGIO SANTOS SANT\u00b4ANNA E FILHAS, EXPOSITOR: AGROPECUARIA MAPOCHO LTDA, ESTABELECIMENTO: CABANHA MAPOCHO, PELOTAS (RS)<\/p>\n<p>\u00a0<\/p>\n<p><em>Fotos: Jo\u00e3o Morais\/Divulga\u00e7\u00e3o<\/em><\/p>\n<p><em>Texto: Ieda Risco\/AgroEffective<\/em><\/p>\n\n\n\n<blockquote>\n<h5 class=\"wp-block-quote has-text-align-center is-style-default has-text-color has-link-color has-small-font-size\" style=\"color: #2f731e;\"><span style=\"font-family: verdana, geneva, sans-serif;\"><cite><em>Clube do Hipismo \u00e9 uma publica\u00e7\u00e3o focada em esportes equestres e no mundo do cavalo.<br \/>Foi criado em 2007 por pura divers\u00e3o, mas se tornou uma paix\u00e3o para seus fundadores.<\/em><\/cite><\/span><\/h5>\n<\/blockquote>\n<p>Views: 30<\/p><div class=\"clube-centro clube-entity-placement\" style=\"text-align: center;\" id=\"clube-1686641886\"><div id=\"clube-1369704154\" style=\"margin-top: 2px;margin-right: 2px;margin-bottom: 2px;margin-left: 2px;float: right;\"><a href=\"http:\/\/arybotas.com.br\/\" target=\"_blank\" aria-label=\"Banner AryBotas p\"><img src=\"https:\/\/clubedohipismo.com.br\/home\/wp-content\/uploads\/2018\/11\/Banner-AryBotas-p.png\" alt=\"\"  width=\"120\" height=\"120\"   \/><\/a><\/div><div id=\"clube-2930586441\" style=\"margin-top: 2px;margin-right: 2px;margin-bottom: 2px;margin-left: 2px;float: right;\"><a href=\"https:\/\/harasfunchal.com.br\/\" target=\"_blank\" aria-label=\"Onde hospedar (estabular) seu cavalo\"><img src=\"https:\/\/clubedohipismo.com.br\/home\/wp-content\/uploads\/2018\/11\/Banner-Funchal-p.png\" alt=\"Onde hospedar (estabular) seu cavalo\"  width=\"120\" height=\"120\"   \/><\/a><\/div><div id=\"clube-2265147791\" style=\"margin-top: 2px;margin-right: 2px;margin-bottom: 2px;margin-left: 2px;float: right;\"><a href=\"https:\/\/aulasdeequitacao.com.br\/home\/\" target=\"_blank\" aria-label=\"Banner Thaty Aulas new p\"><img src=\"https:\/\/clubedohipismo.com.br\/home\/wp-content\/uploads\/2018\/11\/Banner-Thaty-Aulas-new-p.png\" alt=\"\"  width=\"120\" height=\"120\"   \/><\/a><\/div><div id=\"clube-3756363338\" style=\"margin-top: 2px;margin-right: 2px;margin-bottom: 2px;margin-left: 2px;float: right;\"><a href=\"https:\/\/www.ev.bemav.com.br\/\" target=\"_blank\" aria-label=\"EV\"><img src=\"https:\/\/clubedohipismo.com.br\/home\/wp-content\/uploads\/2018\/12\/EV.png\" alt=\"\"  width=\"120\" height=\"120\"   \/><\/a><\/div><div id=\"clube-2072827499\" style=\"margin-top: 2px;margin-right: 2px;margin-bottom: 2px;margin-left: 2px;float: right;\"><a href=\"https:\/\/mav.tec.br\/kyc\/\" target=\"_blank\" aria-label=\"kyc banner clube\"><img src=\"https:\/\/clubedohipismo.com.br\/home\/wp-content\/uploads\/2018\/12\/kyc-banner-clube.png\" alt=\"\"  width=\"120\" height=\"120\"   \/><\/a><\/div><\/div>","protected":false},"excerpt":{"rendered":"<p>F\u00eamea superou o macho Patr\u00e3o Cavalera que havia sido escolhido Grande Campe\u00e3o da categoria<\/p>\n","protected":false},"author":2,"featured_media":27349,"comment_status":"closed","ping_status":"closed","sticky":false,"template":"","format":"standard","meta":{"sfsi_plus_gutenberg_text_before_share":"","sfsi_plus_gutenberg_show_text_before_share":"","sfsi_plus_gutenberg_icon_type":"","sfsi_plus_gutenberg_icon_alignemt":"","sfsi_plus_gutenburg_max_per_row":"","footnotes":""},"categories":[13,22],"tags":[19,10,20,33],"class_list":["post-27348","post","type-post","status-publish","format-standard","has-post-thumbnail","hentry","category-o-mundo-do-cavalo","category-eventos-hipismo-equestre-cavalo","tag-abccc","tag-cavalocrioulo","tag-expointer","tag-morfologia"],"yoast_head":"<!-- This site is optimized with the Yoast SEO plugin v27.5 - https:\/\/yoast.com\/product\/yoast-seo-wordpress\/ -->\n<title>Pacita Cala Bassa \u00e9 a Melhor Exemplar da Ra\u00e7a da Morfologia Expointer 2024 - Clube do Hipismo<\/title>\n<meta name=\"description\" content=\"F\u00eamea superou o macho Patr\u00e3o Cavalera que havia sido escolhido Grande Campe\u00e3o da categoria\" \/>\n<meta name=\"robots\" content=\"index, follow, max-snippet:-1, max-image-preview:large, max-video-preview:-1\" \/>\n<link rel=\"canonical\" href=\"https:\/\/clubedohipismo.com.br\/home\/2024\/08\/26\/cavalo-crioulo-expointer-morfologia-2\/\" \/>\n<meta property=\"og:locale\" content=\"pt_BR\" \/>\n<meta property=\"og:type\" content=\"article\" \/>\n<meta property=\"og:title\" content=\"Pacita Cala Bassa \u00e9 a Melhor Exemplar da Ra\u00e7a da Morfologia Expointer 2024 - Clube do Hipismo\" \/>\n<meta property=\"og:description\" content=\"F\u00eamea superou o macho Patr\u00e3o Cavalera que havia sido escolhido Grande Campe\u00e3o da categoria\" \/>\n<meta property=\"og:url\" content=\"https:\/\/clubedohipismo.com.br\/home\/2024\/08\/26\/cavalo-crioulo-expointer-morfologia-2\/\" \/>\n<meta property=\"og:site_name\" content=\"Clube do Hipismo\" \/>\n<meta property=\"article:published_time\" content=\"2024-08-26T12:09:02+00:00\" \/>\n<meta property=\"article:modified_time\" content=\"2024-08-26T12:09:07+00:00\" \/>\n<meta property=\"og:image\" content=\"https:\/\/clubedohipismo.com.br\/home\/wp-content\/uploads\/2024\/08\/Pacita-Cala-Bassa-Credito-Joao-Morais-Divulgacao-Medio.jpg\" \/>\n\t<meta property=\"og:image:width\" content=\"1129\" \/>\n\t<meta property=\"og:image:height\" content=\"768\" \/>\n\t<meta property=\"og:image:type\" content=\"image\/jpeg\" \/>\n<meta name=\"author\" content=\"Marco Vidal\" \/>\n<meta name=\"twitter:card\" content=\"summary_large_image\" \/>\n<meta name=\"twitter:label1\" content=\"Escrito por\" \/>\n\t<meta name=\"twitter:data1\" content=\"Marco Vidal\" \/>\n\t<meta name=\"twitter:label2\" content=\"Est. tempo de leitura\" \/>\n\t<meta name=\"twitter:data2\" content=\"4 minutos\" \/>\n<script type=\"application\/ld+json\" class=\"yoast-schema-graph\">{\"@context\":\"https:\\\/\\\/schema.org\",\"@graph\":[{\"@type\":\"Article\",\"@id\":\"https:\\\/\\\/clubedohipismo.com.br\\\/home\\\/2024\\\/08\\\/26\\\/cavalo-crioulo-expointer-morfologia-2\\\/#article\",\"isPartOf\":{\"@id\":\"https:\\\/\\\/clubedohipismo.com.br\\\/home\\\/2024\\\/08\\\/26\\\/cavalo-crioulo-expointer-morfologia-2\\\/\"},\"author\":{\"name\":\"Marco Vidal\",\"@id\":\"https:\\\/\\\/clubedohipismo.com.br\\\/home\\\/#\\\/schema\\\/person\\\/02a1be4ce15daab4ed7b2fd71bf47143\"},\"headline\":\"Pacita Cala Bassa \u00e9 a Melhor Exemplar da Ra\u00e7a da Morfologia Expointer 2024\",\"datePublished\":\"2024-08-26T12:09:02+00:00\",\"dateModified\":\"2024-08-26T12:09:07+00:00\",\"mainEntityOfPage\":{\"@id\":\"https:\\\/\\\/clubedohipismo.com.br\\\/home\\\/2024\\\/08\\\/26\\\/cavalo-crioulo-expointer-morfologia-2\\\/\"},\"wordCount\":742,\"publisher\":{\"@id\":\"https:\\\/\\\/clubedohipismo.com.br\\\/home\\\/#organization\"},\"image\":{\"@id\":\"https:\\\/\\\/clubedohipismo.com.br\\\/home\\\/2024\\\/08\\\/26\\\/cavalo-crioulo-expointer-morfologia-2\\\/#primaryimage\"},\"thumbnailUrl\":\"https:\\\/\\\/clubedohipismo.com.br\\\/home\\\/wp-content\\\/uploads\\\/2024\\\/08\\\/Pacita-Cala-Bassa-Credito-Joao-Morais-Divulgacao-Medio.jpg\",\"keywords\":[\"ABCCC\",\"cavalocrioulo\",\"expointer\",\"morfologia\"],\"articleSection\":[\"Mundo do cavalo\",\"Pr\u00f3ximos Eventos\"],\"inLanguage\":\"pt-BR\"},{\"@type\":\"WebPage\",\"@id\":\"https:\\\/\\\/clubedohipismo.com.br\\\/home\\\/2024\\\/08\\\/26\\\/cavalo-crioulo-expointer-morfologia-2\\\/\",\"url\":\"https:\\\/\\\/clubedohipismo.com.br\\\/home\\\/2024\\\/08\\\/26\\\/cavalo-crioulo-expointer-morfologia-2\\\/\",\"name\":\"Pacita Cala Bassa \u00e9 a Melhor Exemplar da Ra\u00e7a da Morfologia Expointer 2024 - Clube do Hipismo\",\"isPartOf\":{\"@id\":\"https:\\\/\\\/clubedohipismo.com.br\\\/home\\\/#website\"},\"primaryImageOfPage\":{\"@id\":\"https:\\\/\\\/clubedohipismo.com.br\\\/home\\\/2024\\\/08\\\/26\\\/cavalo-crioulo-expointer-morfologia-2\\\/#primaryimage\"},\"image\":{\"@id\":\"https:\\\/\\\/clubedohipismo.com.br\\\/home\\\/2024\\\/08\\\/26\\\/cavalo-crioulo-expointer-morfologia-2\\\/#primaryimage\"},\"thumbnailUrl\":\"https:\\\/\\\/clubedohipismo.com.br\\\/home\\\/wp-content\\\/uploads\\\/2024\\\/08\\\/Pacita-Cala-Bassa-Credito-Joao-Morais-Divulgacao-Medio.jpg\",\"datePublished\":\"2024-08-26T12:09:02+00:00\",\"dateModified\":\"2024-08-26T12:09:07+00:00\",\"description\":\"F\u00eamea superou o macho Patr\u00e3o Cavalera que havia sido escolhido Grande Campe\u00e3o da categoria\",\"breadcrumb\":{\"@id\":\"https:\\\/\\\/clubedohipismo.com.br\\\/home\\\/2024\\\/08\\\/26\\\/cavalo-crioulo-expointer-morfologia-2\\\/#breadcrumb\"},\"inLanguage\":\"pt-BR\",\"potentialAction\":[{\"@type\":\"ReadAction\",\"target\":[\"https:\\\/\\\/clubedohipismo.com.br\\\/home\\\/2024\\\/08\\\/26\\\/cavalo-crioulo-expointer-morfologia-2\\\/\"]}]},{\"@type\":\"ImageObject\",\"inLanguage\":\"pt-BR\",\"@id\":\"https:\\\/\\\/clubedohipismo.com.br\\\/home\\\/2024\\\/08\\\/26\\\/cavalo-crioulo-expointer-morfologia-2\\\/#primaryimage\",\"url\":\"https:\\\/\\\/clubedohipismo.com.br\\\/home\\\/wp-content\\\/uploads\\\/2024\\\/08\\\/Pacita-Cala-Bassa-Credito-Joao-Morais-Divulgacao-Medio.jpg\",\"contentUrl\":\"https:\\\/\\\/clubedohipismo.com.br\\\/home\\\/wp-content\\\/uploads\\\/2024\\\/08\\\/Pacita-Cala-Bassa-Credito-Joao-Morais-Divulgacao-Medio.jpg\",\"width\":1129,\"height\":768,\"caption\":\"Pacita Cala Bassa - Cr\u00e9dito Jo\u00e3o Morais Divulga\u00e7\u00e3o (M\u00e9dio)\"},{\"@type\":\"BreadcrumbList\",\"@id\":\"https:\\\/\\\/clubedohipismo.com.br\\\/home\\\/2024\\\/08\\\/26\\\/cavalo-crioulo-expointer-morfologia-2\\\/#breadcrumb\",\"itemListElement\":[{\"@type\":\"ListItem\",\"position\":1,\"name\":\"In\u00edcio\",\"item\":\"https:\\\/\\\/clubedohipismo.com.br\\\/home\\\/\"},{\"@type\":\"ListItem\",\"position\":2,\"name\":\"Pacita Cala Bassa \u00e9 a Melhor Exemplar da Ra\u00e7a da Morfologia Expointer 2024\"}]},{\"@type\":\"WebSite\",\"@id\":\"https:\\\/\\\/clubedohipismo.com.br\\\/home\\\/#website\",\"url\":\"https:\\\/\\\/clubedohipismo.com.br\\\/home\\\/\",\"name\":\"Clube do Hipismo\",\"description\":\"Not\u00edcias do mundo do cavalo\",\"publisher\":{\"@id\":\"https:\\\/\\\/clubedohipismo.com.br\\\/home\\\/#organization\"},\"potentialAction\":[{\"@type\":\"SearchAction\",\"target\":{\"@type\":\"EntryPoint\",\"urlTemplate\":\"https:\\\/\\\/clubedohipismo.com.br\\\/home\\\/?s={search_term_string}\"},\"query-input\":{\"@type\":\"PropertyValueSpecification\",\"valueRequired\":true,\"valueName\":\"search_term_string\"}}],\"inLanguage\":\"pt-BR\"},{\"@type\":\"Organization\",\"@id\":\"https:\\\/\\\/clubedohipismo.com.br\\\/home\\\/#organization\",\"name\":\"Clube do Hipismo\",\"url\":\"https:\\\/\\\/clubedohipismo.com.br\\\/home\\\/\",\"logo\":{\"@type\":\"ImageObject\",\"inLanguage\":\"pt-BR\",\"@id\":\"https:\\\/\\\/clubedohipismo.com.br\\\/home\\\/#\\\/schema\\\/logo\\\/image\\\/\",\"url\":\"https:\\\/\\\/clubedohipismo.com.br\\\/home\\\/wp-content\\\/uploads\\\/2018\\\/03\\\/clube-ch-dourado-wp-logo.png\",\"contentUrl\":\"https:\\\/\\\/clubedohipismo.com.br\\\/home\\\/wp-content\\\/uploads\\\/2018\\\/03\\\/clube-ch-dourado-wp-logo.png\",\"width\":512,\"height\":512,\"caption\":\"Clube do Hipismo\"},\"image\":{\"@id\":\"https:\\\/\\\/clubedohipismo.com.br\\\/home\\\/#\\\/schema\\\/logo\\\/image\\\/\"}},{\"@type\":\"Person\",\"@id\":\"https:\\\/\\\/clubedohipismo.com.br\\\/home\\\/#\\\/schema\\\/person\\\/02a1be4ce15daab4ed7b2fd71bf47143\",\"name\":\"Marco Vidal\",\"url\":\"https:\\\/\\\/clubedohipismo.com.br\\\/home\\\/author\\\/vergano\\\/\"}]}<\/script>\n<!-- \/ Yoast SEO plugin. -->","yoast_head_json":{"title":"Pacita Cala Bassa \u00e9 a Melhor Exemplar da Ra\u00e7a da Morfologia Expointer 2024 - Clube do Hipismo","description":"F\u00eamea superou o macho Patr\u00e3o Cavalera que havia sido escolhido Grande Campe\u00e3o da categoria","robots":{"index":"index","follow":"follow","max-snippet":"max-snippet:-1","max-image-preview":"max-image-preview:large","max-video-preview":"max-video-preview:-1"},"canonical":"https:\/\/clubedohipismo.com.br\/home\/2024\/08\/26\/cavalo-crioulo-expointer-morfologia-2\/","og_locale":"pt_BR","og_type":"article","og_title":"Pacita Cala Bassa \u00e9 a Melhor Exemplar da Ra\u00e7a da Morfologia Expointer 2024 - Clube do Hipismo","og_description":"F\u00eamea superou o macho Patr\u00e3o Cavalera que havia sido escolhido Grande Campe\u00e3o da categoria","og_url":"https:\/\/clubedohipismo.com.br\/home\/2024\/08\/26\/cavalo-crioulo-expointer-morfologia-2\/","og_site_name":"Clube do Hipismo","article_published_time":"2024-08-26T12:09:02+00:00","article_modified_time":"2024-08-26T12:09:07+00:00","og_image":[{"width":1129,"height":768,"url":"https:\/\/clubedohipismo.com.br\/home\/wp-content\/uploads\/2024\/08\/Pacita-Cala-Bassa-Credito-Joao-Morais-Divulgacao-Medio.jpg","type":"image\/jpeg"}],"author":"Marco Vidal","twitter_card":"summary_large_image","twitter_misc":{"Escrito por":"Marco Vidal","Est. tempo de leitura":"4 minutos"},"schema":{"@context":"https:\/\/schema.org","@graph":[{"@type":"Article","@id":"https:\/\/clubedohipismo.com.br\/home\/2024\/08\/26\/cavalo-crioulo-expointer-morfologia-2\/#article","isPartOf":{"@id":"https:\/\/clubedohipismo.com.br\/home\/2024\/08\/26\/cavalo-crioulo-expointer-morfologia-2\/"},"author":{"name":"Marco Vidal","@id":"https:\/\/clubedohipismo.com.br\/home\/#\/schema\/person\/02a1be4ce15daab4ed7b2fd71bf47143"},"headline":"Pacita Cala Bassa \u00e9 a Melhor Exemplar da Ra\u00e7a da Morfologia Expointer 2024","datePublished":"2024-08-26T12:09:02+00:00","dateModified":"2024-08-26T12:09:07+00:00","mainEntityOfPage":{"@id":"https:\/\/clubedohipismo.com.br\/home\/2024\/08\/26\/cavalo-crioulo-expointer-morfologia-2\/"},"wordCount":742,"publisher":{"@id":"https:\/\/clubedohipismo.com.br\/home\/#organization"},"image":{"@id":"https:\/\/clubedohipismo.com.br\/home\/2024\/08\/26\/cavalo-crioulo-expointer-morfologia-2\/#primaryimage"},"thumbnailUrl":"https:\/\/clubedohipismo.com.br\/home\/wp-content\/uploads\/2024\/08\/Pacita-Cala-Bassa-Credito-Joao-Morais-Divulgacao-Medio.jpg","keywords":["ABCCC","cavalocrioulo","expointer","morfologia"],"articleSection":["Mundo do cavalo","Pr\u00f3ximos Eventos"],"inLanguage":"pt-BR"},{"@type":"WebPage","@id":"https:\/\/clubedohipismo.com.br\/home\/2024\/08\/26\/cavalo-crioulo-expointer-morfologia-2\/","url":"https:\/\/clubedohipismo.com.br\/home\/2024\/08\/26\/cavalo-crioulo-expointer-morfologia-2\/","name":"Pacita Cala Bassa \u00e9 a Melhor Exemplar da Ra\u00e7a da Morfologia Expointer 2024 - Clube do Hipismo","isPartOf":{"@id":"https:\/\/clubedohipismo.com.br\/home\/#website"},"primaryImageOfPage":{"@id":"https:\/\/clubedohipismo.com.br\/home\/2024\/08\/26\/cavalo-crioulo-expointer-morfologia-2\/#primaryimage"},"image":{"@id":"https:\/\/clubedohipismo.com.br\/home\/2024\/08\/26\/cavalo-crioulo-expointer-morfologia-2\/#primaryimage"},"thumbnailUrl":"https:\/\/clubedohipismo.com.br\/home\/wp-content\/uploads\/2024\/08\/Pacita-Cala-Bassa-Credito-Joao-Morais-Divulgacao-Medio.jpg","datePublished":"2024-08-26T12:09:02+00:00","dateModified":"2024-08-26T12:09:07+00:00","description":"F\u00eamea superou o macho Patr\u00e3o Cavalera que havia sido escolhido Grande Campe\u00e3o da categoria","breadcrumb":{"@id":"https:\/\/clubedohipismo.com.br\/home\/2024\/08\/26\/cavalo-crioulo-expointer-morfologia-2\/#breadcrumb"},"inLanguage":"pt-BR","potentialAction":[{"@type":"ReadAction","target":["https:\/\/clubedohipismo.com.br\/home\/2024\/08\/26\/cavalo-crioulo-expointer-morfologia-2\/"]}]},{"@type":"ImageObject","inLanguage":"pt-BR","@id":"https:\/\/clubedohipismo.com.br\/home\/2024\/08\/26\/cavalo-crioulo-expointer-morfologia-2\/#primaryimage","url":"https:\/\/clubedohipismo.com.br\/home\/wp-content\/uploads\/2024\/08\/Pacita-Cala-Bassa-Credito-Joao-Morais-Divulgacao-Medio.jpg","contentUrl":"https:\/\/clubedohipismo.com.br\/home\/wp-content\/uploads\/2024\/08\/Pacita-Cala-Bassa-Credito-Joao-Morais-Divulgacao-Medio.jpg","width":1129,"height":768,"caption":"Pacita Cala Bassa - Cr\u00e9dito Jo\u00e3o Morais Divulga\u00e7\u00e3o (M\u00e9dio)"},{"@type":"BreadcrumbList","@id":"https:\/\/clubedohipismo.com.br\/home\/2024\/08\/26\/cavalo-crioulo-expointer-morfologia-2\/#breadcrumb","itemListElement":[{"@type":"ListItem","position":1,"name":"In\u00edcio","item":"https:\/\/clubedohipismo.com.br\/home\/"},{"@type":"ListItem","position":2,"name":"Pacita Cala Bassa \u00e9 a Melhor Exemplar da Ra\u00e7a da Morfologia Expointer 2024"}]},{"@type":"WebSite","@id":"https:\/\/clubedohipismo.com.br\/home\/#website","url":"https:\/\/clubedohipismo.com.br\/home\/","name":"Clube do Hipismo","description":"Not\u00edcias do mundo do cavalo","publisher":{"@id":"https:\/\/clubedohipismo.com.br\/home\/#organization"},"potentialAction":[{"@type":"SearchAction","target":{"@type":"EntryPoint","urlTemplate":"https:\/\/clubedohipismo.com.br\/home\/?s={search_term_string}"},"query-input":{"@type":"PropertyValueSpecification","valueRequired":true,"valueName":"search_term_string"}}],"inLanguage":"pt-BR"},{"@type":"Organization","@id":"https:\/\/clubedohipismo.com.br\/home\/#organization","name":"Clube do Hipismo","url":"https:\/\/clubedohipismo.com.br\/home\/","logo":{"@type":"ImageObject","inLanguage":"pt-BR","@id":"https:\/\/clubedohipismo.com.br\/home\/#\/schema\/logo\/image\/","url":"https:\/\/clubedohipismo.com.br\/home\/wp-content\/uploads\/2018\/03\/clube-ch-dourado-wp-logo.png","contentUrl":"https:\/\/clubedohipismo.com.br\/home\/wp-content\/uploads\/2018\/03\/clube-ch-dourado-wp-logo.png","width":512,"height":512,"caption":"Clube do Hipismo"},"image":{"@id":"https:\/\/clubedohipismo.com.br\/home\/#\/schema\/logo\/image\/"}},{"@type":"Person","@id":"https:\/\/clubedohipismo.com.br\/home\/#\/schema\/person\/02a1be4ce15daab4ed7b2fd71bf47143","name":"Marco Vidal","url":"https:\/\/clubedohipismo.com.br\/home\/author\/vergano\/"}]}},"rttpg_featured_image_url":{"full":["https:\/\/clubedohipismo.com.br\/home\/wp-content\/uploads\/2024\/08\/Pacita-Cala-Bassa-Credito-Joao-Morais-Divulgacao-Medio.jpg",1129,768,false],"landscape":["https:\/\/clubedohipismo.com.br\/home\/wp-content\/uploads\/2024\/08\/Pacita-Cala-Bassa-Credito-Joao-Morais-Divulgacao-Medio.jpg",1129,768,false],"portraits":["https:\/\/clubedohipismo.com.br\/home\/wp-content\/uploads\/2024\/08\/Pacita-Cala-Bassa-Credito-Joao-Morais-Divulgacao-Medio.jpg",1129,768,false],"thumbnail":["https:\/\/clubedohipismo.com.br\/home\/wp-content\/uploads\/2024\/08\/Pacita-Cala-Bassa-Credito-Joao-Morais-Divulgacao-Medio-150x150.jpg",150,150,true],"medium":["https:\/\/clubedohipismo.com.br\/home\/wp-content\/uploads\/2024\/08\/Pacita-Cala-Bassa-Credito-Joao-Morais-Divulgacao-Medio-300x204.jpg",300,204,true],"large":["https:\/\/clubedohipismo.com.br\/home\/wp-content\/uploads\/2024\/08\/Pacita-Cala-Bassa-Credito-Joao-Morais-Divulgacao-Medio-1024x697.jpg",1024,697,true],"1536x1536":["https:\/\/clubedohipismo.com.br\/home\/wp-content\/uploads\/2024\/08\/Pacita-Cala-Bassa-Credito-Joao-Morais-Divulgacao-Medio.jpg",1129,768,false],"2048x2048":["https:\/\/clubedohipismo.com.br\/home\/wp-content\/uploads\/2024\/08\/Pacita-Cala-Bassa-Credito-Joao-Morais-Divulgacao-Medio.jpg",1129,768,false],"post-thumbnail":["https:\/\/clubedohipismo.com.br\/home\/wp-content\/uploads\/2024\/08\/Pacita-Cala-Bassa-Credito-Joao-Morais-Divulgacao-Medio.jpg",399,271,false],"anima-featured":["https:\/\/clubedohipismo.com.br\/home\/wp-content\/uploads\/2024\/08\/Pacita-Cala-Bassa-Credito-Joao-Morais-Divulgacao-Medio.jpg",399,271,false],"anima-featured-lp":["https:\/\/clubedohipismo.com.br\/home\/wp-content\/uploads\/2024\/08\/Pacita-Cala-Bassa-Credito-Joao-Morais-Divulgacao-Medio.jpg",441,300,false],"anima-featured-half":["https:\/\/clubedohipismo.com.br\/home\/wp-content\/uploads\/2024\/08\/Pacita-Cala-Bassa-Credito-Joao-Morais-Divulgacao-Medio.jpg",441,300,false],"anima-featured-third":["https:\/\/clubedohipismo.com.br\/home\/wp-content\/uploads\/2024\/08\/Pacita-Cala-Bassa-Credito-Joao-Morais-Divulgacao-Medio.jpg",441,300,false],"anima-lpbox-1":["https:\/\/clubedohipismo.com.br\/home\/wp-content\/uploads\/2024\/08\/Pacita-Cala-Bassa-Credito-Joao-Morais-Divulgacao-Medio.jpg",294,200,false],"anima-lpbox-2":["https:\/\/clubedohipismo.com.br\/home\/wp-content\/uploads\/2024\/08\/Pacita-Cala-Bassa-Credito-Joao-Morais-Divulgacao-Medio.jpg",397,270,false]},"rttpg_author":{"display_name":"Marco Vidal","author_link":"https:\/\/clubedohipismo.com.br\/home\/author\/vergano\/"},"rttpg_comment":0,"rttpg_category":"<a href=\"https:\/\/clubedohipismo.com.br\/home\/category\/artigos\/o-mundo-do-cavalo\/\" rel=\"category tag\">Mundo do cavalo<\/a> <a href=\"https:\/\/clubedohipismo.com.br\/home\/category\/artigos\/eventos-hipismo-equestre-cavalo\/\" rel=\"category tag\">Pr\u00f3ximos Eventos<\/a>","rttpg_excerpt":"F\u00eamea superou o macho Patr\u00e3o Cavalera que havia sido escolhido Grande Campe\u00e3o da categoria","_links":{"self":[{"href":"https:\/\/clubedohipismo.com.br\/home\/wp-json\/wp\/v2\/posts\/27348","targetHints":{"allow":["GET"]}}],"collection":[{"href":"https:\/\/clubedohipismo.com.br\/home\/wp-json\/wp\/v2\/posts"}],"about":[{"href":"https:\/\/clubedohipismo.com.br\/home\/wp-json\/wp\/v2\/types\/post"}],"author":[{"embeddable":true,"href":"https:\/\/clubedohipismo.com.br\/home\/wp-json\/wp\/v2\/users\/2"}],"replies":[{"embeddable":true,"href":"https:\/\/clubedohipismo.com.br\/home\/wp-json\/wp\/v2\/comments?post=27348"}],"version-history":[{"count":1,"href":"https:\/\/clubedohipismo.com.br\/home\/wp-json\/wp\/v2\/posts\/27348\/revisions"}],"predecessor-version":[{"id":27350,"href":"https:\/\/clubedohipismo.com.br\/home\/wp-json\/wp\/v2\/posts\/27348\/revisions\/27350"}],"wp:featuredmedia":[{"embeddable":true,"href":"https:\/\/clubedohipismo.com.br\/home\/wp-json\/wp\/v2\/media\/27349"}],"wp:attachment":[{"href":"https:\/\/clubedohipismo.com.br\/home\/wp-json\/wp\/v2\/media?parent=27348"}],"wp:term":[{"taxonomy":"category","embeddable":true,"href":"https:\/\/clubedohipismo.com.br\/home\/wp-json\/wp\/v2\/categories?post=27348"},{"taxonomy":"post_tag","embeddable":true,"href":"https:\/\/clubedohipismo.com.br\/home\/wp-json\/wp\/v2\/tags?post=27348"}],"curies":[{"name":"wp","href":"https:\/\/api.w.org\/{rel}","templated":true}]}}