{"id":27339,"date":"2024-08-25T11:16:36","date_gmt":"2024-08-25T14:16:36","guid":{"rendered":"https:\/\/clubedohipismo.com.br\/home\/?p=27339"},"modified":"2024-08-25T11:16:45","modified_gmt":"2024-08-25T14:16:45","slug":"cavalo-crioulo-expointer-carro-moto","status":"publish","type":"post","link":"https:\/\/clubedohipismo.com.br\/home\/2024\/08\/25\/cavalo-crioulo-expointer-carro-moto\/","title":{"rendered":"Cavalo supera motocicleta em prova tradicional de destreza e agilidade"},"content":{"rendered":"<div id=\"clube-1414443519\" class=\"clube-amp clube-entity-placement\" style=\"margin-left: auto;margin-right: auto;text-align: center;\"><script async src=\"\/\/pagead2.googlesyndication.com\/pagead\/js\/adsbygoogle.js?client=ca-pub-6364990823171596\" crossorigin=\"anonymous\"><\/script><ins class=\"adsbygoogle\" style=\"display:block;\" data-ad-client=\"ca-pub-6364990823171596\" \ndata-ad-slot=\"\" \ndata-ad-format=\"auto\"><\/ins>\n<script> \n(adsbygoogle = window.adsbygoogle || []).push({}); \n<\/script>\n<\/div>\n<h4>Dezenas de pessoas enfrentaram o entardecer gelado no Parque de Exposi\u00e7\u00f5es Assis Brasil, em Esteio (RS), durante o primeiro s\u00e1bado da 47\u00aa Expointer, para aquecer o clima durante a vibrante prova de moto contra cavalo. O evento ocorreu na pista de Equinos e foi realizado pelo N\u00facleo Riograndense dos Criadores de Cavalos da Ra\u00e7a Mangalarga. A prova aconteceu ap\u00f3s os campeonatos de baliza.<\/h4>\n\n\n\n<!--more-->\n\n\n\n<p>O organizador da prova t\u00e3o aguardada pelo p\u00fablico, La\u00e9rcio Leismann, conta que, todo ano, buscam unir o campo \u00e0 cidade. Ele informa que, em 17 edi\u00e7\u00f5es, as m\u00e1quinas venceram os cavalos apenas uma vez. \u201cOs cavalos, claro, na hora de costurar as balizas, eles t\u00eam mais mobilidade do que a moto e \u00e9 uma prova em seis balizas, duas pistas. Eu aposto no cavalo, se bem que esse ano a pista est\u00e1 molhada, \u00e9 melhor para as motos, mas vamos ver no que vai dar\u201d, afirma Leismann. <br \/><br \/><\/p>\n<figure id=\"attachment_27340\" aria-describedby=\"caption-attachment-27340\" style=\"width: 400px\" class=\"wp-caption alignright\"><a href=\"https:\/\/clubedohipismo.com.br\/home\/wp-content\/uploads\/2024\/08\/Cavalo-Contra-Moto-Credito-Gerson-Jes-Divulgacao-Medio.jpg\"><img  title=\"\" fetchpriority=\"high\" decoding=\"async\" class=\"wp-image-27340\" src=\"https:\/\/clubedohipismo.com.br\/home\/wp-content\/uploads\/2024\/08\/Cavalo-Contra-Moto-Credito-Gerson-Jes-Divulgacao-Medio.jpg\"  alt=\"Cavalo-Contra-Moto-Credito-Gerson-Jes-Divulgacao-Medio Cavalo supera motocicleta em prova tradicional de destreza e agilidade\"  width=\"400\" height=\"272\" srcset=\"https:\/\/clubedohipismo.com.br\/home\/wp-content\/uploads\/2024\/08\/Cavalo-Contra-Moto-Credito-Gerson-Jes-Divulgacao-Medio.jpg 1129w, https:\/\/clubedohipismo.com.br\/home\/wp-content\/uploads\/2024\/08\/Cavalo-Contra-Moto-Credito-Gerson-Jes-Divulgacao-Medio-300x204.jpg 300w, https:\/\/clubedohipismo.com.br\/home\/wp-content\/uploads\/2024\/08\/Cavalo-Contra-Moto-Credito-Gerson-Jes-Divulgacao-Medio-1024x697.jpg 1024w, https:\/\/clubedohipismo.com.br\/home\/wp-content\/uploads\/2024\/08\/Cavalo-Contra-Moto-Credito-Gerson-Jes-Divulgacao-Medio-768x522.jpg 768w\" sizes=\"(max-width: 400px) 100vw, 400px\" \/><\/a><figcaption id=\"caption-attachment-27340\" class=\"wp-caption-text\">Cavalo Contra Moto &#8211; Cr\u00e9dito G\u00e9rson Jes Divulga\u00e7\u00e3o (M\u00e9dio)<\/figcaption><\/figure>\n<p>Entre os pilotos, este ano, estiveram os pequenos Luiza, de 10 anos, e Miguel, de 6. Experiente na prova, o piloto Eduardo Veneroso diz que este foi o quarto ano participando da disputa e celebra suas vit\u00f3rias. \u201cTenho ganho de cavalo. S\u00f3 em 2023, na \u00faltima passada ali eu resolvi descer da moto de um jeito diferente e sai virando cambalhota ali. Mas \u00e9 legal que o p\u00fablico gosta, n\u00e9? Fica divertido\u201d, justifica o piloto. <br \/><br \/>O resultado final, contudo, n\u00e3o deve ter agradado Veneroso. O placar final foi 8 para os cavalos e 5 para as motos. A prova de baliza, realizada antes da disputa, reuniu competidores das categorias Feminina, Amador e Profissional. O cavalo Ostigoso HPI foi o destaque, sendo montado por Marco Sampaio, vencedor na categoria Profissional, e Marcely Sampaio, campe\u00e3 nas categorias Feminina e Amador.<\/p>\n<p>\u00a0<\/p>\n<p><em>Foto: G\u00e9rson Jes\/Divulga\u00e7\u00e3o<\/em><\/p>\n<p><em>Texto: Ieda Risco\/AgroEffective<\/em><\/p>\n<p>\u00a0<\/p>\n\n\n\n<blockquote>\n<h5 class=\"wp-block-quote has-text-align-center is-style-default has-text-color has-link-color has-small-font-size\" style=\"color: #2f731e;\"><span style=\"font-family: verdana, geneva, sans-serif;\"><cite><em>Clube do Hipismo \u00e9 uma publica\u00e7\u00e3o focada em esportes equestres e no mundo do cavalo.<br \/>Foi criado em 2007 por pura divers\u00e3o, mas se tornou uma paix\u00e3o para seus fundadores.<\/em><\/cite><\/span><\/h5>\n<\/blockquote>\n<p>Views: 11<\/p><div class=\"clube-centro clube-entity-placement\" style=\"text-align: center;\" id=\"clube-39632865\"><div id=\"clube-1017482385\" style=\"margin-top: 2px;margin-right: 2px;margin-bottom: 2px;margin-left: 2px;float: right;\"><a href=\"https:\/\/www.ev.bemav.com.br\/\" target=\"_blank\" aria-label=\"EV\"><img src=\"https:\/\/clubedohipismo.com.br\/home\/wp-content\/uploads\/2018\/12\/EV.png\" alt=\"\"  width=\"120\" height=\"120\"   \/><\/a><\/div><div id=\"clube-524174420\" style=\"margin-top: 2px;margin-right: 2px;margin-bottom: 2px;margin-left: 2px;float: right;\"><a href=\"http:\/\/arybotas.com.br\/\" target=\"_blank\" aria-label=\"Banner AryBotas p\"><img src=\"https:\/\/clubedohipismo.com.br\/home\/wp-content\/uploads\/2018\/11\/Banner-AryBotas-p.png\" alt=\"\"  width=\"120\" height=\"120\"   \/><\/a><\/div><div id=\"clube-197068524\" style=\"margin-top: 2px;margin-right: 2px;margin-bottom: 2px;margin-left: 2px;float: right;\"><a href=\"https:\/\/mav.tec.br\/kyc\/\" target=\"_blank\" aria-label=\"kyc banner clube\"><img src=\"https:\/\/clubedohipismo.com.br\/home\/wp-content\/uploads\/2018\/12\/kyc-banner-clube.png\" alt=\"\"  width=\"120\" height=\"120\"   \/><\/a><\/div><div id=\"clube-4130483889\" style=\"margin-top: 2px;margin-right: 2px;margin-bottom: 2px;margin-left: 2px;float: right;\"><a href=\"https:\/\/aulasdeequitacao.com.br\/home\/\" target=\"_blank\" aria-label=\"Banner Thaty Aulas new p\"><img src=\"https:\/\/clubedohipismo.com.br\/home\/wp-content\/uploads\/2018\/11\/Banner-Thaty-Aulas-new-p.png\" alt=\"\"  width=\"120\" height=\"120\"   \/><\/a><\/div><div id=\"clube-2152550751\" style=\"margin-top: 2px;margin-right: 2px;margin-bottom: 2px;margin-left: 2px;float: right;\"><a href=\"https:\/\/harasfunchal.com.br\/\" target=\"_blank\" aria-label=\"Onde hospedar (estabular) seu cavalo\"><img src=\"https:\/\/clubedohipismo.com.br\/home\/wp-content\/uploads\/2018\/11\/Banner-Funchal-p.png\" alt=\"Onde hospedar (estabular) seu cavalo\"  width=\"120\" height=\"120\"   \/><\/a><\/div><\/div>","protected":false},"excerpt":{"rendered":"<p>N\u00facleo de Criadores da Ra\u00e7a Mangalarga objetiva integrar campo e cidade com a competi\u00e7\u00e3o que diverte o p\u00fablico<\/p>\n","protected":false},"author":2,"featured_media":27340,"comment_status":"closed","ping_status":"closed","sticky":false,"template":"","format":"standard","meta":{"sfsi_plus_gutenberg_text_before_share":"","sfsi_plus_gutenberg_show_text_before_share":"","sfsi_plus_gutenberg_icon_type":"","sfsi_plus_gutenberg_icon_alignemt":"","sfsi_plus_gutenburg_max_per_row":"","footnotes":""},"categories":[13,22],"tags":[19,10,20],"class_list":["post-27339","post","type-post","status-publish","format-standard","has-post-thumbnail","hentry","category-o-mundo-do-cavalo","category-eventos-hipismo-equestre-cavalo","tag-abccc","tag-cavalocrioulo","tag-expointer"],"yoast_head":"<!-- This site is optimized with the Yoast SEO plugin v27.4 - https:\/\/yoast.com\/product\/yoast-seo-wordpress\/ -->\n<title>Cavalo supera motocicleta em prova tradicional de destreza e agilidade - Clube do Hipismo<\/title>\n<meta name=\"description\" content=\"N\u00facleo de Criadores da Ra\u00e7a Mangalarga objetiva integrar campo e cidade com a competi\u00e7\u00e3o que diverte o p\u00fablico\" \/>\n<meta name=\"robots\" content=\"index, follow, max-snippet:-1, max-image-preview:large, max-video-preview:-1\" \/>\n<link rel=\"canonical\" href=\"https:\/\/clubedohipismo.com.br\/home\/2024\/08\/25\/cavalo-crioulo-expointer-carro-moto\/\" \/>\n<meta property=\"og:locale\" content=\"pt_BR\" \/>\n<meta property=\"og:type\" content=\"article\" \/>\n<meta property=\"og:title\" content=\"Cavalo supera motocicleta em prova tradicional de destreza e agilidade - Clube do Hipismo\" \/>\n<meta property=\"og:description\" content=\"N\u00facleo de Criadores da Ra\u00e7a Mangalarga objetiva integrar campo e cidade com a competi\u00e7\u00e3o que diverte o p\u00fablico\" \/>\n<meta property=\"og:url\" content=\"https:\/\/clubedohipismo.com.br\/home\/2024\/08\/25\/cavalo-crioulo-expointer-carro-moto\/\" \/>\n<meta property=\"og:site_name\" content=\"Clube do Hipismo\" \/>\n<meta property=\"article:published_time\" content=\"2024-08-25T14:16:36+00:00\" \/>\n<meta property=\"article:modified_time\" content=\"2024-08-25T14:16:45+00:00\" \/>\n<meta property=\"og:image\" content=\"https:\/\/clubedohipismo.com.br\/home\/wp-content\/uploads\/2024\/08\/Cavalo-Contra-Moto-Credito-Gerson-Jes-Divulgacao-Medio.jpg\" \/>\n\t<meta property=\"og:image:width\" content=\"1129\" \/>\n\t<meta property=\"og:image:height\" content=\"768\" \/>\n\t<meta property=\"og:image:type\" content=\"image\/jpeg\" \/>\n<meta name=\"author\" content=\"Marco Vidal\" \/>\n<meta name=\"twitter:card\" content=\"summary_large_image\" \/>\n<meta name=\"twitter:label1\" content=\"Escrito por\" \/>\n\t<meta name=\"twitter:data1\" content=\"Marco Vidal\" \/>\n\t<meta name=\"twitter:label2\" content=\"Est. tempo de leitura\" \/>\n\t<meta name=\"twitter:data2\" content=\"2 minutos\" \/>\n<script type=\"application\/ld+json\" class=\"yoast-schema-graph\">{\"@context\":\"https:\\\/\\\/schema.org\",\"@graph\":[{\"@type\":\"Article\",\"@id\":\"https:\\\/\\\/clubedohipismo.com.br\\\/home\\\/2024\\\/08\\\/25\\\/cavalo-crioulo-expointer-carro-moto\\\/#article\",\"isPartOf\":{\"@id\":\"https:\\\/\\\/clubedohipismo.com.br\\\/home\\\/2024\\\/08\\\/25\\\/cavalo-crioulo-expointer-carro-moto\\\/\"},\"author\":{\"name\":\"Marco Vidal\",\"@id\":\"https:\\\/\\\/clubedohipismo.com.br\\\/home\\\/#\\\/schema\\\/person\\\/02a1be4ce15daab4ed7b2fd71bf47143\"},\"headline\":\"Cavalo supera motocicleta em prova tradicional de destreza e agilidade\",\"datePublished\":\"2024-08-25T14:16:36+00:00\",\"dateModified\":\"2024-08-25T14:16:45+00:00\",\"mainEntityOfPage\":{\"@id\":\"https:\\\/\\\/clubedohipismo.com.br\\\/home\\\/2024\\\/08\\\/25\\\/cavalo-crioulo-expointer-carro-moto\\\/\"},\"wordCount\":331,\"publisher\":{\"@id\":\"https:\\\/\\\/clubedohipismo.com.br\\\/home\\\/#organization\"},\"image\":{\"@id\":\"https:\\\/\\\/clubedohipismo.com.br\\\/home\\\/2024\\\/08\\\/25\\\/cavalo-crioulo-expointer-carro-moto\\\/#primaryimage\"},\"thumbnailUrl\":\"https:\\\/\\\/clubedohipismo.com.br\\\/home\\\/wp-content\\\/uploads\\\/2024\\\/08\\\/Cavalo-Contra-Moto-Credito-Gerson-Jes-Divulgacao-Medio.jpg\",\"keywords\":[\"ABCCC\",\"cavalocrioulo\",\"expointer\"],\"articleSection\":[\"Mundo do cavalo\",\"Pr\u00f3ximos Eventos\"],\"inLanguage\":\"pt-BR\"},{\"@type\":\"WebPage\",\"@id\":\"https:\\\/\\\/clubedohipismo.com.br\\\/home\\\/2024\\\/08\\\/25\\\/cavalo-crioulo-expointer-carro-moto\\\/\",\"url\":\"https:\\\/\\\/clubedohipismo.com.br\\\/home\\\/2024\\\/08\\\/25\\\/cavalo-crioulo-expointer-carro-moto\\\/\",\"name\":\"Cavalo supera motocicleta em prova tradicional de destreza e agilidade - Clube do Hipismo\",\"isPartOf\":{\"@id\":\"https:\\\/\\\/clubedohipismo.com.br\\\/home\\\/#website\"},\"primaryImageOfPage\":{\"@id\":\"https:\\\/\\\/clubedohipismo.com.br\\\/home\\\/2024\\\/08\\\/25\\\/cavalo-crioulo-expointer-carro-moto\\\/#primaryimage\"},\"image\":{\"@id\":\"https:\\\/\\\/clubedohipismo.com.br\\\/home\\\/2024\\\/08\\\/25\\\/cavalo-crioulo-expointer-carro-moto\\\/#primaryimage\"},\"thumbnailUrl\":\"https:\\\/\\\/clubedohipismo.com.br\\\/home\\\/wp-content\\\/uploads\\\/2024\\\/08\\\/Cavalo-Contra-Moto-Credito-Gerson-Jes-Divulgacao-Medio.jpg\",\"datePublished\":\"2024-08-25T14:16:36+00:00\",\"dateModified\":\"2024-08-25T14:16:45+00:00\",\"description\":\"N\u00facleo de Criadores da Ra\u00e7a Mangalarga objetiva integrar campo e cidade com a competi\u00e7\u00e3o que diverte o p\u00fablico\",\"breadcrumb\":{\"@id\":\"https:\\\/\\\/clubedohipismo.com.br\\\/home\\\/2024\\\/08\\\/25\\\/cavalo-crioulo-expointer-carro-moto\\\/#breadcrumb\"},\"inLanguage\":\"pt-BR\",\"potentialAction\":[{\"@type\":\"ReadAction\",\"target\":[\"https:\\\/\\\/clubedohipismo.com.br\\\/home\\\/2024\\\/08\\\/25\\\/cavalo-crioulo-expointer-carro-moto\\\/\"]}]},{\"@type\":\"ImageObject\",\"inLanguage\":\"pt-BR\",\"@id\":\"https:\\\/\\\/clubedohipismo.com.br\\\/home\\\/2024\\\/08\\\/25\\\/cavalo-crioulo-expointer-carro-moto\\\/#primaryimage\",\"url\":\"https:\\\/\\\/clubedohipismo.com.br\\\/home\\\/wp-content\\\/uploads\\\/2024\\\/08\\\/Cavalo-Contra-Moto-Credito-Gerson-Jes-Divulgacao-Medio.jpg\",\"contentUrl\":\"https:\\\/\\\/clubedohipismo.com.br\\\/home\\\/wp-content\\\/uploads\\\/2024\\\/08\\\/Cavalo-Contra-Moto-Credito-Gerson-Jes-Divulgacao-Medio.jpg\",\"width\":1129,\"height\":768,\"caption\":\"Cavalo Contra Moto - Cr\u00e9dito G\u00e9rson Jes Divulga\u00e7\u00e3o (M\u00e9dio)\"},{\"@type\":\"BreadcrumbList\",\"@id\":\"https:\\\/\\\/clubedohipismo.com.br\\\/home\\\/2024\\\/08\\\/25\\\/cavalo-crioulo-expointer-carro-moto\\\/#breadcrumb\",\"itemListElement\":[{\"@type\":\"ListItem\",\"position\":1,\"name\":\"In\u00edcio\",\"item\":\"https:\\\/\\\/clubedohipismo.com.br\\\/home\\\/\"},{\"@type\":\"ListItem\",\"position\":2,\"name\":\"Cavalo supera motocicleta em prova tradicional de destreza e agilidade\"}]},{\"@type\":\"WebSite\",\"@id\":\"https:\\\/\\\/clubedohipismo.com.br\\\/home\\\/#website\",\"url\":\"https:\\\/\\\/clubedohipismo.com.br\\\/home\\\/\",\"name\":\"Clube do Hipismo\",\"description\":\"Not\u00edcias do mundo do cavalo\",\"publisher\":{\"@id\":\"https:\\\/\\\/clubedohipismo.com.br\\\/home\\\/#organization\"},\"potentialAction\":[{\"@type\":\"SearchAction\",\"target\":{\"@type\":\"EntryPoint\",\"urlTemplate\":\"https:\\\/\\\/clubedohipismo.com.br\\\/home\\\/?s={search_term_string}\"},\"query-input\":{\"@type\":\"PropertyValueSpecification\",\"valueRequired\":true,\"valueName\":\"search_term_string\"}}],\"inLanguage\":\"pt-BR\"},{\"@type\":\"Organization\",\"@id\":\"https:\\\/\\\/clubedohipismo.com.br\\\/home\\\/#organization\",\"name\":\"Clube do Hipismo\",\"url\":\"https:\\\/\\\/clubedohipismo.com.br\\\/home\\\/\",\"logo\":{\"@type\":\"ImageObject\",\"inLanguage\":\"pt-BR\",\"@id\":\"https:\\\/\\\/clubedohipismo.com.br\\\/home\\\/#\\\/schema\\\/logo\\\/image\\\/\",\"url\":\"https:\\\/\\\/clubedohipismo.com.br\\\/home\\\/wp-content\\\/uploads\\\/2018\\\/03\\\/clube-ch-dourado-wp-logo.png\",\"contentUrl\":\"https:\\\/\\\/clubedohipismo.com.br\\\/home\\\/wp-content\\\/uploads\\\/2018\\\/03\\\/clube-ch-dourado-wp-logo.png\",\"width\":512,\"height\":512,\"caption\":\"Clube do Hipismo\"},\"image\":{\"@id\":\"https:\\\/\\\/clubedohipismo.com.br\\\/home\\\/#\\\/schema\\\/logo\\\/image\\\/\"}},{\"@type\":\"Person\",\"@id\":\"https:\\\/\\\/clubedohipismo.com.br\\\/home\\\/#\\\/schema\\\/person\\\/02a1be4ce15daab4ed7b2fd71bf47143\",\"name\":\"Marco Vidal\",\"url\":\"https:\\\/\\\/clubedohipismo.com.br\\\/home\\\/author\\\/vergano\\\/\"}]}<\/script>\n<!-- \/ Yoast SEO plugin. -->","yoast_head_json":{"title":"Cavalo supera motocicleta em prova tradicional de destreza e agilidade - Clube do Hipismo","description":"N\u00facleo de Criadores da Ra\u00e7a Mangalarga objetiva integrar campo e cidade com a competi\u00e7\u00e3o que diverte o p\u00fablico","robots":{"index":"index","follow":"follow","max-snippet":"max-snippet:-1","max-image-preview":"max-image-preview:large","max-video-preview":"max-video-preview:-1"},"canonical":"https:\/\/clubedohipismo.com.br\/home\/2024\/08\/25\/cavalo-crioulo-expointer-carro-moto\/","og_locale":"pt_BR","og_type":"article","og_title":"Cavalo supera motocicleta em prova tradicional de destreza e agilidade - Clube do Hipismo","og_description":"N\u00facleo de Criadores da Ra\u00e7a Mangalarga objetiva integrar campo e cidade com a competi\u00e7\u00e3o que diverte o p\u00fablico","og_url":"https:\/\/clubedohipismo.com.br\/home\/2024\/08\/25\/cavalo-crioulo-expointer-carro-moto\/","og_site_name":"Clube do Hipismo","article_published_time":"2024-08-25T14:16:36+00:00","article_modified_time":"2024-08-25T14:16:45+00:00","og_image":[{"width":1129,"height":768,"url":"https:\/\/clubedohipismo.com.br\/home\/wp-content\/uploads\/2024\/08\/Cavalo-Contra-Moto-Credito-Gerson-Jes-Divulgacao-Medio.jpg","type":"image\/jpeg"}],"author":"Marco Vidal","twitter_card":"summary_large_image","twitter_misc":{"Escrito por":"Marco Vidal","Est. tempo de leitura":"2 minutos"},"schema":{"@context":"https:\/\/schema.org","@graph":[{"@type":"Article","@id":"https:\/\/clubedohipismo.com.br\/home\/2024\/08\/25\/cavalo-crioulo-expointer-carro-moto\/#article","isPartOf":{"@id":"https:\/\/clubedohipismo.com.br\/home\/2024\/08\/25\/cavalo-crioulo-expointer-carro-moto\/"},"author":{"name":"Marco Vidal","@id":"https:\/\/clubedohipismo.com.br\/home\/#\/schema\/person\/02a1be4ce15daab4ed7b2fd71bf47143"},"headline":"Cavalo supera motocicleta em prova tradicional de destreza e agilidade","datePublished":"2024-08-25T14:16:36+00:00","dateModified":"2024-08-25T14:16:45+00:00","mainEntityOfPage":{"@id":"https:\/\/clubedohipismo.com.br\/home\/2024\/08\/25\/cavalo-crioulo-expointer-carro-moto\/"},"wordCount":331,"publisher":{"@id":"https:\/\/clubedohipismo.com.br\/home\/#organization"},"image":{"@id":"https:\/\/clubedohipismo.com.br\/home\/2024\/08\/25\/cavalo-crioulo-expointer-carro-moto\/#primaryimage"},"thumbnailUrl":"https:\/\/clubedohipismo.com.br\/home\/wp-content\/uploads\/2024\/08\/Cavalo-Contra-Moto-Credito-Gerson-Jes-Divulgacao-Medio.jpg","keywords":["ABCCC","cavalocrioulo","expointer"],"articleSection":["Mundo do cavalo","Pr\u00f3ximos Eventos"],"inLanguage":"pt-BR"},{"@type":"WebPage","@id":"https:\/\/clubedohipismo.com.br\/home\/2024\/08\/25\/cavalo-crioulo-expointer-carro-moto\/","url":"https:\/\/clubedohipismo.com.br\/home\/2024\/08\/25\/cavalo-crioulo-expointer-carro-moto\/","name":"Cavalo supera motocicleta em prova tradicional de destreza e agilidade - Clube do Hipismo","isPartOf":{"@id":"https:\/\/clubedohipismo.com.br\/home\/#website"},"primaryImageOfPage":{"@id":"https:\/\/clubedohipismo.com.br\/home\/2024\/08\/25\/cavalo-crioulo-expointer-carro-moto\/#primaryimage"},"image":{"@id":"https:\/\/clubedohipismo.com.br\/home\/2024\/08\/25\/cavalo-crioulo-expointer-carro-moto\/#primaryimage"},"thumbnailUrl":"https:\/\/clubedohipismo.com.br\/home\/wp-content\/uploads\/2024\/08\/Cavalo-Contra-Moto-Credito-Gerson-Jes-Divulgacao-Medio.jpg","datePublished":"2024-08-25T14:16:36+00:00","dateModified":"2024-08-25T14:16:45+00:00","description":"N\u00facleo de Criadores da Ra\u00e7a Mangalarga objetiva integrar campo e cidade com a competi\u00e7\u00e3o que diverte o p\u00fablico","breadcrumb":{"@id":"https:\/\/clubedohipismo.com.br\/home\/2024\/08\/25\/cavalo-crioulo-expointer-carro-moto\/#breadcrumb"},"inLanguage":"pt-BR","potentialAction":[{"@type":"ReadAction","target":["https:\/\/clubedohipismo.com.br\/home\/2024\/08\/25\/cavalo-crioulo-expointer-carro-moto\/"]}]},{"@type":"ImageObject","inLanguage":"pt-BR","@id":"https:\/\/clubedohipismo.com.br\/home\/2024\/08\/25\/cavalo-crioulo-expointer-carro-moto\/#primaryimage","url":"https:\/\/clubedohipismo.com.br\/home\/wp-content\/uploads\/2024\/08\/Cavalo-Contra-Moto-Credito-Gerson-Jes-Divulgacao-Medio.jpg","contentUrl":"https:\/\/clubedohipismo.com.br\/home\/wp-content\/uploads\/2024\/08\/Cavalo-Contra-Moto-Credito-Gerson-Jes-Divulgacao-Medio.jpg","width":1129,"height":768,"caption":"Cavalo Contra Moto - Cr\u00e9dito G\u00e9rson Jes Divulga\u00e7\u00e3o (M\u00e9dio)"},{"@type":"BreadcrumbList","@id":"https:\/\/clubedohipismo.com.br\/home\/2024\/08\/25\/cavalo-crioulo-expointer-carro-moto\/#breadcrumb","itemListElement":[{"@type":"ListItem","position":1,"name":"In\u00edcio","item":"https:\/\/clubedohipismo.com.br\/home\/"},{"@type":"ListItem","position":2,"name":"Cavalo supera motocicleta em prova tradicional de destreza e agilidade"}]},{"@type":"WebSite","@id":"https:\/\/clubedohipismo.com.br\/home\/#website","url":"https:\/\/clubedohipismo.com.br\/home\/","name":"Clube do Hipismo","description":"Not\u00edcias do mundo do cavalo","publisher":{"@id":"https:\/\/clubedohipismo.com.br\/home\/#organization"},"potentialAction":[{"@type":"SearchAction","target":{"@type":"EntryPoint","urlTemplate":"https:\/\/clubedohipismo.com.br\/home\/?s={search_term_string}"},"query-input":{"@type":"PropertyValueSpecification","valueRequired":true,"valueName":"search_term_string"}}],"inLanguage":"pt-BR"},{"@type":"Organization","@id":"https:\/\/clubedohipismo.com.br\/home\/#organization","name":"Clube do Hipismo","url":"https:\/\/clubedohipismo.com.br\/home\/","logo":{"@type":"ImageObject","inLanguage":"pt-BR","@id":"https:\/\/clubedohipismo.com.br\/home\/#\/schema\/logo\/image\/","url":"https:\/\/clubedohipismo.com.br\/home\/wp-content\/uploads\/2018\/03\/clube-ch-dourado-wp-logo.png","contentUrl":"https:\/\/clubedohipismo.com.br\/home\/wp-content\/uploads\/2018\/03\/clube-ch-dourado-wp-logo.png","width":512,"height":512,"caption":"Clube do Hipismo"},"image":{"@id":"https:\/\/clubedohipismo.com.br\/home\/#\/schema\/logo\/image\/"}},{"@type":"Person","@id":"https:\/\/clubedohipismo.com.br\/home\/#\/schema\/person\/02a1be4ce15daab4ed7b2fd71bf47143","name":"Marco Vidal","url":"https:\/\/clubedohipismo.com.br\/home\/author\/vergano\/"}]}},"rttpg_featured_image_url":{"full":["https:\/\/clubedohipismo.com.br\/home\/wp-content\/uploads\/2024\/08\/Cavalo-Contra-Moto-Credito-Gerson-Jes-Divulgacao-Medio.jpg",1129,768,false],"landscape":["https:\/\/clubedohipismo.com.br\/home\/wp-content\/uploads\/2024\/08\/Cavalo-Contra-Moto-Credito-Gerson-Jes-Divulgacao-Medio.jpg",1129,768,false],"portraits":["https:\/\/clubedohipismo.com.br\/home\/wp-content\/uploads\/2024\/08\/Cavalo-Contra-Moto-Credito-Gerson-Jes-Divulgacao-Medio.jpg",1129,768,false],"thumbnail":["https:\/\/clubedohipismo.com.br\/home\/wp-content\/uploads\/2024\/08\/Cavalo-Contra-Moto-Credito-Gerson-Jes-Divulgacao-Medio-150x150.jpg",150,150,true],"medium":["https:\/\/clubedohipismo.com.br\/home\/wp-content\/uploads\/2024\/08\/Cavalo-Contra-Moto-Credito-Gerson-Jes-Divulgacao-Medio-300x204.jpg",300,204,true],"large":["https:\/\/clubedohipismo.com.br\/home\/wp-content\/uploads\/2024\/08\/Cavalo-Contra-Moto-Credito-Gerson-Jes-Divulgacao-Medio-1024x697.jpg",1024,697,true],"1536x1536":["https:\/\/clubedohipismo.com.br\/home\/wp-content\/uploads\/2024\/08\/Cavalo-Contra-Moto-Credito-Gerson-Jes-Divulgacao-Medio.jpg",1129,768,false],"2048x2048":["https:\/\/clubedohipismo.com.br\/home\/wp-content\/uploads\/2024\/08\/Cavalo-Contra-Moto-Credito-Gerson-Jes-Divulgacao-Medio.jpg",1129,768,false],"post-thumbnail":["https:\/\/clubedohipismo.com.br\/home\/wp-content\/uploads\/2024\/08\/Cavalo-Contra-Moto-Credito-Gerson-Jes-Divulgacao-Medio.jpg",399,271,false],"anima-featured":["https:\/\/clubedohipismo.com.br\/home\/wp-content\/uploads\/2024\/08\/Cavalo-Contra-Moto-Credito-Gerson-Jes-Divulgacao-Medio.jpg",399,271,false],"anima-featured-lp":["https:\/\/clubedohipismo.com.br\/home\/wp-content\/uploads\/2024\/08\/Cavalo-Contra-Moto-Credito-Gerson-Jes-Divulgacao-Medio.jpg",441,300,false],"anima-featured-half":["https:\/\/clubedohipismo.com.br\/home\/wp-content\/uploads\/2024\/08\/Cavalo-Contra-Moto-Credito-Gerson-Jes-Divulgacao-Medio.jpg",441,300,false],"anima-featured-third":["https:\/\/clubedohipismo.com.br\/home\/wp-content\/uploads\/2024\/08\/Cavalo-Contra-Moto-Credito-Gerson-Jes-Divulgacao-Medio.jpg",441,300,false],"anima-lpbox-1":["https:\/\/clubedohipismo.com.br\/home\/wp-content\/uploads\/2024\/08\/Cavalo-Contra-Moto-Credito-Gerson-Jes-Divulgacao-Medio.jpg",294,200,false],"anima-lpbox-2":["https:\/\/clubedohipismo.com.br\/home\/wp-content\/uploads\/2024\/08\/Cavalo-Contra-Moto-Credito-Gerson-Jes-Divulgacao-Medio.jpg",397,270,false]},"rttpg_author":{"display_name":"Marco Vidal","author_link":"https:\/\/clubedohipismo.com.br\/home\/author\/vergano\/"},"rttpg_comment":0,"rttpg_category":"<a href=\"https:\/\/clubedohipismo.com.br\/home\/category\/artigos\/o-mundo-do-cavalo\/\" rel=\"category tag\">Mundo do cavalo<\/a> <a href=\"https:\/\/clubedohipismo.com.br\/home\/category\/artigos\/eventos-hipismo-equestre-cavalo\/\" rel=\"category tag\">Pr\u00f3ximos Eventos<\/a>","rttpg_excerpt":"N\u00facleo de Criadores da Ra\u00e7a Mangalarga objetiva integrar campo e cidade com a competi\u00e7\u00e3o que diverte o p\u00fablico","_links":{"self":[{"href":"https:\/\/clubedohipismo.com.br\/home\/wp-json\/wp\/v2\/posts\/27339","targetHints":{"allow":["GET"]}}],"collection":[{"href":"https:\/\/clubedohipismo.com.br\/home\/wp-json\/wp\/v2\/posts"}],"about":[{"href":"https:\/\/clubedohipismo.com.br\/home\/wp-json\/wp\/v2\/types\/post"}],"author":[{"embeddable":true,"href":"https:\/\/clubedohipismo.com.br\/home\/wp-json\/wp\/v2\/users\/2"}],"replies":[{"embeddable":true,"href":"https:\/\/clubedohipismo.com.br\/home\/wp-json\/wp\/v2\/comments?post=27339"}],"version-history":[{"count":1,"href":"https:\/\/clubedohipismo.com.br\/home\/wp-json\/wp\/v2\/posts\/27339\/revisions"}],"predecessor-version":[{"id":27341,"href":"https:\/\/clubedohipismo.com.br\/home\/wp-json\/wp\/v2\/posts\/27339\/revisions\/27341"}],"wp:featuredmedia":[{"embeddable":true,"href":"https:\/\/clubedohipismo.com.br\/home\/wp-json\/wp\/v2\/media\/27340"}],"wp:attachment":[{"href":"https:\/\/clubedohipismo.com.br\/home\/wp-json\/wp\/v2\/media?parent=27339"}],"wp:term":[{"taxonomy":"category","embeddable":true,"href":"https:\/\/clubedohipismo.com.br\/home\/wp-json\/wp\/v2\/categories?post=27339"},{"taxonomy":"post_tag","embeddable":true,"href":"https:\/\/clubedohipismo.com.br\/home\/wp-json\/wp\/v2\/tags?post=27339"}],"curies":[{"name":"wp","href":"https:\/\/api.w.org\/{rel}","templated":true}]}}