{"id":27299,"date":"2024-08-20T13:38:57","date_gmt":"2024-08-20T16:38:57","guid":{"rendered":"https:\/\/clubedohipismo.com.br\/home\/?p=27299"},"modified":"2024-08-20T13:39:13","modified_gmt":"2024-08-20T16:39:13","slug":"cavalo-crioulo-freio-de-ouro-expointer-3","status":"publish","type":"post","link":"https:\/\/clubedohipismo.com.br\/home\/2024\/08\/20\/cavalo-crioulo-freio-de-ouro-expointer-3\/","title":{"rendered":"Freio de Ouro re\u00fane sele\u00e7\u00e3o gen\u00e9tica e cultura numa prova de supera\u00e7\u00f5es"},"content":{"rendered":"<div id=\"clube-3174705199\" class=\"clube-amp clube-entity-placement\" style=\"margin-left: auto;margin-right: auto;text-align: center;\"><script async src=\"\/\/pagead2.googlesyndication.com\/pagead\/js\/adsbygoogle.js?client=ca-pub-6364990823171596\" crossorigin=\"anonymous\"><\/script><ins class=\"adsbygoogle\" style=\"display:block;\" data-ad-client=\"ca-pub-6364990823171596\" \ndata-ad-slot=\"\" \ndata-ad-format=\"auto\"><\/ins>\n<script> \n(adsbygoogle = window.adsbygoogle || []).push({}); \n<\/script>\n<\/div>\n<p><\/p>\n\n\n\n<h4>De 26 a 31 de agosto, durante a 47\u00aa Expointer, muitos ser\u00e3o os desafios a serem superados na grande final do Freio de Ouro. A 43\u00aa edi\u00e7\u00e3o da prova, que \u00e9 patrim\u00f4nio cultural e faz parte da vida de toda comunidade crioulista, ter\u00e1 ginete estreante, defesa de t\u00edtulo e o maior n\u00famero de animais de fora do estado em pista. Al\u00e9m disso, a Associa\u00e7\u00e3o Brasileira de Criadores de Cavalos Crioulos (ABCCC) prepara atra\u00e7\u00f5es culturais que v\u00e3o agregar emo\u00e7\u00e3o, m\u00fasica e poesia a uma das provas mais importantes do Cavalo Crioulo.\u00a0<\/h4>\n\n\n\n<!--more-->\n\n\n\n<p>Com 97 animais classificados, sendo 48 machos e 48 f\u00eameas que participaram de todo o ciclo, mais a \u00e9gua Freio de Ouro de 2023, Belle Porcelana, a competi\u00e7\u00e3o j\u00e1 come\u00e7ar\u00e1 com um questionamento: a \u00e9gua paranaense defender\u00e1 seu t\u00edtulo e ser\u00e1 bi-Freio de Ouro? No ano passado, a f\u00eamea, montada por Daniel Teixeira, alcan\u00e7ou 20.751 pontos, superando a pontua\u00e7\u00e3o do tamb\u00e9m Freio de Ouro, mas na categoria machos, Guanabara Saladero, que com Zeca Macedo, alcan\u00e7ou 20.628 pontos. <br \/><br \/>E por falar em ginetes, as torcidas v\u00e3o observar com mais aten\u00e7\u00e3o os estreantes da prova, Jo\u00e3o Victor Casagrande e Caetano Weber de Quadros. Ambos correr\u00e3o pela primeira vez a final do Freio, explica o vice-presidente de Exposi\u00e7\u00f5es Morfol\u00f3gicas e Modalidades Seletivas da ABCCC, Andr\u00e9 Luiz Narciso da Rosa. Ele tamb\u00e9m destaca que quem mais dever\u00e1 trocar coletes por prova ser\u00e1 Gabriel Viola Marty. Destaque nos \u00faltimos anos ao competir com o j\u00e1 lend\u00e1rio Colibri Matrero, Marty inscreveu oito cavalos. Se entrar em pista com todos, poder\u00e1 ser o ginete com o maior n\u00famero de animais na competi\u00e7\u00e3o. <br \/><br \/>O gestor tamb\u00e9m ressalta que esta final do Freio contar\u00e1 com 60% dos expositores do Rio Grande do Sul. Os demais 40% s\u00e3o de outros locais, como do pa\u00eds vizinho, a Argentina. \u00a0\u201cEu acho que \u00e9 o ano que mais vem cavalos da Argentina. A gente est\u00e1 falando em cinco ou seis animais da classificat\u00f3ria argentina que pediram a inscri\u00e7\u00e3o no Freio. N\u00e3o sei quantos v\u00e3o dar conta de vir, mas eu acho que tr\u00eas ou quatro devem vir\u201d, estima Andr\u00e9 Rosa. <br \/><br \/><\/p>\n<figure id=\"attachment_27300\" aria-describedby=\"caption-attachment-27300\" style=\"width: 400px\" class=\"wp-caption alignright\"><a href=\"https:\/\/clubedohipismo.com.br\/home\/wp-content\/uploads\/2024\/08\/Freio-de-Ouro-Credito-Mauricio-Vinhas-Divulgacao-3-Medio.jpg\"><img  title=\"\" fetchpriority=\"high\" decoding=\"async\" class=\"wp-image-27300\" src=\"https:\/\/clubedohipismo.com.br\/home\/wp-content\/uploads\/2024\/08\/Freio-de-Ouro-Credito-Mauricio-Vinhas-Divulgacao-3-Medio.jpg\"  alt=\"Freio-de-Ouro-Credito-Mauricio-Vinhas-Divulgacao-3-Medio Freio de Ouro re\u00fane sele\u00e7\u00e3o gen\u00e9tica e cultura numa prova de supera\u00e7\u00f5es\"  width=\"400\" height=\"272\" srcset=\"https:\/\/clubedohipismo.com.br\/home\/wp-content\/uploads\/2024\/08\/Freio-de-Ouro-Credito-Mauricio-Vinhas-Divulgacao-3-Medio.jpg 1129w, https:\/\/clubedohipismo.com.br\/home\/wp-content\/uploads\/2024\/08\/Freio-de-Ouro-Credito-Mauricio-Vinhas-Divulgacao-3-Medio-300x204.jpg 300w, https:\/\/clubedohipismo.com.br\/home\/wp-content\/uploads\/2024\/08\/Freio-de-Ouro-Credito-Mauricio-Vinhas-Divulgacao-3-Medio-1024x697.jpg 1024w, https:\/\/clubedohipismo.com.br\/home\/wp-content\/uploads\/2024\/08\/Freio-de-Ouro-Credito-Mauricio-Vinhas-Divulgacao-3-Medio-768x522.jpg 768w\" sizes=\"(max-width: 400px) 100vw, 400px\" \/><\/a><figcaption id=\"caption-attachment-27300\" class=\"wp-caption-text\">Freio de Ouro &#8211; Cr\u00e9dito Maur\u00edcio Vinhas Divulga\u00e7\u00e3o (3) (M\u00e9dio)<\/figcaption><\/figure>\n<p>O presidente da entidade, C\u00e9sar Hax, ressalta que o Freio de Ouro, entre as provas que comp\u00f5em os pilares da ra\u00e7a, juntamente com a Marcha de Resist\u00eancia e a Morfologia, \u00e9 a mais popular. \u201cPor vezes, eu digo que o Freio de Ouro \u00e9 mais popular que o Cavalo Crioulo. As pessoas podem n\u00e3o conhecer a ra\u00e7a, mas j\u00e1 ouviram falar no Freio de Ouro. E por uma raz\u00e3o muito simples, da emo\u00e7\u00e3o que \u00a0traz, do movimento que o Cavalo Crioulo agrega, das pessoas que ele re\u00fane ao redor da pista, sejam do campo ou da cidade. Ent\u00e3o, ele tem o Freio de Ouro e tem esse poder de encantamento\u201d, enaltece o dirigente. Hax complementa que, ao virar ferramenta de sele\u00e7\u00e3o, o Freio de Ouro se transforma numa competi\u00e7\u00e3o, num espet\u00e1culo. O presidente da ABCCC diz que, este ano o Freio de Ouro vai agregar \u00e0 emo\u00e7\u00e3o cultural com um recheio de m\u00fasica, de poesia, dos costumes do campo, das pessoas que frequentam esse ambiente. <br \/><br \/>Machos e f\u00eameas estar\u00e3o sob o olhar atento de dois trios de jurados. Para esta final, foram escalados para avaliarem as f\u00eameas Douglas Leite Gon\u00e7alves, Luiz Alberto Martins Bastos e Mateus Gularte da Silveira. J\u00e1 para a categoria machos foram escolhidos Ciro Manoel Canto de Freitas, Jos\u00e9 Francisco Pereira de Moura e Rodrigo Albuquerque Py. O jurado reserva ser\u00e1 Manoel Vanderlei Braz Gon\u00e7alves.<\/p>\n<p>\u00a0<\/p>\n<p>Foto: Maur\u00edcio Vinhas\/Divulga\u00e7\u00e3o<\/p>\n<p>Texto: Ieda Risco\/AgroEffective<\/p>\n\n\n\n<blockquote>\n<h5 class=\"wp-block-quote has-text-align-center is-style-default has-text-color has-link-color has-small-font-size\" style=\"color: #2f731e;\"><span style=\"font-family: verdana, geneva, sans-serif;\"><cite><em>Clube do Hipismo \u00e9 uma publica\u00e7\u00e3o focada em esportes equestres e no mundo do cavalo.<br \/>Foi criado em 2007 por pura divers\u00e3o, mas se tornou uma paix\u00e3o para seus fundadores.<\/em><\/cite><\/span><\/h5>\n<\/blockquote>\n<p>Views: 24<\/p><div class=\"clube-centro clube-entity-placement\" style=\"text-align: center;\" id=\"clube-121580071\"><div id=\"clube-1604785213\" style=\"margin-top: 2px;margin-right: 2px;margin-bottom: 2px;margin-left: 2px;float: right;\"><a href=\"http:\/\/arybotas.com.br\/\" target=\"_blank\" aria-label=\"Banner AryBotas p\"><img src=\"https:\/\/clubedohipismo.com.br\/home\/wp-content\/uploads\/2018\/11\/Banner-AryBotas-p.png\" alt=\"\"  width=\"120\" height=\"120\"   \/><\/a><\/div><div id=\"clube-3933564087\" style=\"margin-top: 2px;margin-right: 2px;margin-bottom: 2px;margin-left: 2px;float: right;\"><a href=\"https:\/\/mav.tec.br\/kyc\/\" target=\"_blank\" aria-label=\"kyc banner clube\"><img src=\"https:\/\/clubedohipismo.com.br\/home\/wp-content\/uploads\/2018\/12\/kyc-banner-clube.png\" alt=\"\"  width=\"120\" height=\"120\"   \/><\/a><\/div><div id=\"clube-907000453\" style=\"margin-top: 2px;margin-right: 2px;margin-bottom: 2px;margin-left: 2px;float: right;\"><a href=\"https:\/\/harasfunchal.com.br\/\" target=\"_blank\" aria-label=\"Onde hospedar (estabular) seu cavalo\"><img src=\"https:\/\/clubedohipismo.com.br\/home\/wp-content\/uploads\/2018\/11\/Banner-Funchal-p.png\" alt=\"Onde hospedar (estabular) seu cavalo\"  width=\"120\" height=\"120\"   \/><\/a><\/div><div id=\"clube-2948092446\" style=\"margin-top: 2px;margin-right: 2px;margin-bottom: 2px;margin-left: 2px;float: right;\"><a href=\"https:\/\/www.ev.bemav.com.br\/\" target=\"_blank\" aria-label=\"EV\"><img src=\"https:\/\/clubedohipismo.com.br\/home\/wp-content\/uploads\/2018\/12\/EV.png\" alt=\"\"  width=\"120\" height=\"120\"   \/><\/a><\/div><div id=\"clube-4232887526\" style=\"margin-top: 2px;margin-right: 2px;margin-bottom: 2px;margin-left: 2px;float: right;\"><a href=\"https:\/\/aulasdeequitacao.com.br\/home\/\" target=\"_blank\" aria-label=\"Banner Thaty Aulas new p\"><img src=\"https:\/\/clubedohipismo.com.br\/home\/wp-content\/uploads\/2018\/11\/Banner-Thaty-Aulas-new-p.png\" alt=\"\"  width=\"120\" height=\"120\"   \/><\/a><\/div><\/div>","protected":false},"excerpt":{"rendered":"<p>\u00daltima prova da grande final coincidir\u00e1 com o \u00faltimo final de semana da Expointer <\/p>\n","protected":false},"author":2,"featured_media":27300,"comment_status":"closed","ping_status":"closed","sticky":false,"template":"","format":"standard","meta":{"sfsi_plus_gutenberg_text_before_share":"","sfsi_plus_gutenberg_show_text_before_share":"","sfsi_plus_gutenberg_icon_type":"","sfsi_plus_gutenberg_icon_alignemt":"","sfsi_plus_gutenburg_max_per_row":"","footnotes":""},"categories":[13,22],"tags":[19,10,20,21],"class_list":["post-27299","post","type-post","status-publish","format-standard","has-post-thumbnail","hentry","category-o-mundo-do-cavalo","category-eventos-hipismo-equestre-cavalo","tag-abccc","tag-cavalocrioulo","tag-expointer","tag-freio-de-ouro"],"yoast_head":"<!-- This site is optimized with the Yoast SEO plugin v27.5 - https:\/\/yoast.com\/product\/yoast-seo-wordpress\/ -->\n<title>Freio de Ouro re\u00fane sele\u00e7\u00e3o gen\u00e9tica e cultura numa prova de supera\u00e7\u00f5es - Clube do Hipismo<\/title>\n<meta name=\"description\" content=\"\u00daltima prova da grande final coincidir\u00e1 com o \u00faltimo final de semana da Expointer\" \/>\n<meta name=\"robots\" content=\"index, follow, max-snippet:-1, max-image-preview:large, max-video-preview:-1\" \/>\n<link rel=\"canonical\" href=\"https:\/\/clubedohipismo.com.br\/home\/2024\/08\/20\/cavalo-crioulo-freio-de-ouro-expointer-3\/\" \/>\n<meta property=\"og:locale\" content=\"pt_BR\" \/>\n<meta property=\"og:type\" content=\"article\" \/>\n<meta property=\"og:title\" content=\"Freio de Ouro re\u00fane sele\u00e7\u00e3o gen\u00e9tica e cultura numa prova de supera\u00e7\u00f5es - Clube do Hipismo\" \/>\n<meta property=\"og:description\" content=\"\u00daltima prova da grande final coincidir\u00e1 com o \u00faltimo final de semana da Expointer\" \/>\n<meta property=\"og:url\" content=\"https:\/\/clubedohipismo.com.br\/home\/2024\/08\/20\/cavalo-crioulo-freio-de-ouro-expointer-3\/\" \/>\n<meta property=\"og:site_name\" content=\"Clube do Hipismo\" \/>\n<meta property=\"article:published_time\" content=\"2024-08-20T16:38:57+00:00\" \/>\n<meta property=\"article:modified_time\" content=\"2024-08-20T16:39:13+00:00\" \/>\n<meta property=\"og:image\" content=\"https:\/\/clubedohipismo.com.br\/home\/wp-content\/uploads\/2024\/08\/Freio-de-Ouro-Credito-Mauricio-Vinhas-Divulgacao-3-Medio.jpg\" \/>\n\t<meta property=\"og:image:width\" content=\"1129\" \/>\n\t<meta property=\"og:image:height\" content=\"768\" \/>\n\t<meta property=\"og:image:type\" content=\"image\/jpeg\" \/>\n<meta name=\"author\" content=\"Marco Vidal\" \/>\n<meta name=\"twitter:card\" content=\"summary_large_image\" \/>\n<meta name=\"twitter:label1\" content=\"Escrito por\" \/>\n\t<meta name=\"twitter:data1\" content=\"Marco Vidal\" \/>\n\t<meta name=\"twitter:label2\" content=\"Est. tempo de leitura\" \/>\n\t<meta name=\"twitter:data2\" content=\"3 minutos\" \/>\n<script type=\"application\/ld+json\" class=\"yoast-schema-graph\">{\"@context\":\"https:\\\/\\\/schema.org\",\"@graph\":[{\"@type\":\"Article\",\"@id\":\"https:\\\/\\\/clubedohipismo.com.br\\\/home\\\/2024\\\/08\\\/20\\\/cavalo-crioulo-freio-de-ouro-expointer-3\\\/#article\",\"isPartOf\":{\"@id\":\"https:\\\/\\\/clubedohipismo.com.br\\\/home\\\/2024\\\/08\\\/20\\\/cavalo-crioulo-freio-de-ouro-expointer-3\\\/\"},\"author\":{\"name\":\"Marco Vidal\",\"@id\":\"https:\\\/\\\/clubedohipismo.com.br\\\/home\\\/#\\\/schema\\\/person\\\/02a1be4ce15daab4ed7b2fd71bf47143\"},\"headline\":\"Freio de Ouro re\u00fane sele\u00e7\u00e3o gen\u00e9tica e cultura numa prova de supera\u00e7\u00f5es\",\"datePublished\":\"2024-08-20T16:38:57+00:00\",\"dateModified\":\"2024-08-20T16:39:13+00:00\",\"mainEntityOfPage\":{\"@id\":\"https:\\\/\\\/clubedohipismo.com.br\\\/home\\\/2024\\\/08\\\/20\\\/cavalo-crioulo-freio-de-ouro-expointer-3\\\/\"},\"wordCount\":662,\"publisher\":{\"@id\":\"https:\\\/\\\/clubedohipismo.com.br\\\/home\\\/#organization\"},\"image\":{\"@id\":\"https:\\\/\\\/clubedohipismo.com.br\\\/home\\\/2024\\\/08\\\/20\\\/cavalo-crioulo-freio-de-ouro-expointer-3\\\/#primaryimage\"},\"thumbnailUrl\":\"https:\\\/\\\/clubedohipismo.com.br\\\/home\\\/wp-content\\\/uploads\\\/2024\\\/08\\\/Freio-de-Ouro-Credito-Mauricio-Vinhas-Divulgacao-3-Medio.jpg\",\"keywords\":[\"ABCCC\",\"cavalocrioulo\",\"expointer\",\"freio de ouro\"],\"articleSection\":[\"Mundo do cavalo\",\"Pr\u00f3ximos Eventos\"],\"inLanguage\":\"pt-BR\"},{\"@type\":\"WebPage\",\"@id\":\"https:\\\/\\\/clubedohipismo.com.br\\\/home\\\/2024\\\/08\\\/20\\\/cavalo-crioulo-freio-de-ouro-expointer-3\\\/\",\"url\":\"https:\\\/\\\/clubedohipismo.com.br\\\/home\\\/2024\\\/08\\\/20\\\/cavalo-crioulo-freio-de-ouro-expointer-3\\\/\",\"name\":\"Freio de Ouro re\u00fane sele\u00e7\u00e3o gen\u00e9tica e cultura numa prova de supera\u00e7\u00f5es - Clube do Hipismo\",\"isPartOf\":{\"@id\":\"https:\\\/\\\/clubedohipismo.com.br\\\/home\\\/#website\"},\"primaryImageOfPage\":{\"@id\":\"https:\\\/\\\/clubedohipismo.com.br\\\/home\\\/2024\\\/08\\\/20\\\/cavalo-crioulo-freio-de-ouro-expointer-3\\\/#primaryimage\"},\"image\":{\"@id\":\"https:\\\/\\\/clubedohipismo.com.br\\\/home\\\/2024\\\/08\\\/20\\\/cavalo-crioulo-freio-de-ouro-expointer-3\\\/#primaryimage\"},\"thumbnailUrl\":\"https:\\\/\\\/clubedohipismo.com.br\\\/home\\\/wp-content\\\/uploads\\\/2024\\\/08\\\/Freio-de-Ouro-Credito-Mauricio-Vinhas-Divulgacao-3-Medio.jpg\",\"datePublished\":\"2024-08-20T16:38:57+00:00\",\"dateModified\":\"2024-08-20T16:39:13+00:00\",\"description\":\"\u00daltima prova da grande final coincidir\u00e1 com o \u00faltimo final de semana da Expointer\",\"breadcrumb\":{\"@id\":\"https:\\\/\\\/clubedohipismo.com.br\\\/home\\\/2024\\\/08\\\/20\\\/cavalo-crioulo-freio-de-ouro-expointer-3\\\/#breadcrumb\"},\"inLanguage\":\"pt-BR\",\"potentialAction\":[{\"@type\":\"ReadAction\",\"target\":[\"https:\\\/\\\/clubedohipismo.com.br\\\/home\\\/2024\\\/08\\\/20\\\/cavalo-crioulo-freio-de-ouro-expointer-3\\\/\"]}]},{\"@type\":\"ImageObject\",\"inLanguage\":\"pt-BR\",\"@id\":\"https:\\\/\\\/clubedohipismo.com.br\\\/home\\\/2024\\\/08\\\/20\\\/cavalo-crioulo-freio-de-ouro-expointer-3\\\/#primaryimage\",\"url\":\"https:\\\/\\\/clubedohipismo.com.br\\\/home\\\/wp-content\\\/uploads\\\/2024\\\/08\\\/Freio-de-Ouro-Credito-Mauricio-Vinhas-Divulgacao-3-Medio.jpg\",\"contentUrl\":\"https:\\\/\\\/clubedohipismo.com.br\\\/home\\\/wp-content\\\/uploads\\\/2024\\\/08\\\/Freio-de-Ouro-Credito-Mauricio-Vinhas-Divulgacao-3-Medio.jpg\",\"width\":1129,\"height\":768,\"caption\":\"Freio de Ouro - Cr\u00e9dito Maur\u00edcio Vinhas Divulga\u00e7\u00e3o (3) (M\u00e9dio)\"},{\"@type\":\"BreadcrumbList\",\"@id\":\"https:\\\/\\\/clubedohipismo.com.br\\\/home\\\/2024\\\/08\\\/20\\\/cavalo-crioulo-freio-de-ouro-expointer-3\\\/#breadcrumb\",\"itemListElement\":[{\"@type\":\"ListItem\",\"position\":1,\"name\":\"In\u00edcio\",\"item\":\"https:\\\/\\\/clubedohipismo.com.br\\\/home\\\/\"},{\"@type\":\"ListItem\",\"position\":2,\"name\":\"Freio de Ouro re\u00fane sele\u00e7\u00e3o gen\u00e9tica e cultura numa prova de supera\u00e7\u00f5es\"}]},{\"@type\":\"WebSite\",\"@id\":\"https:\\\/\\\/clubedohipismo.com.br\\\/home\\\/#website\",\"url\":\"https:\\\/\\\/clubedohipismo.com.br\\\/home\\\/\",\"name\":\"Clube do Hipismo\",\"description\":\"Not\u00edcias do mundo do cavalo\",\"publisher\":{\"@id\":\"https:\\\/\\\/clubedohipismo.com.br\\\/home\\\/#organization\"},\"potentialAction\":[{\"@type\":\"SearchAction\",\"target\":{\"@type\":\"EntryPoint\",\"urlTemplate\":\"https:\\\/\\\/clubedohipismo.com.br\\\/home\\\/?s={search_term_string}\"},\"query-input\":{\"@type\":\"PropertyValueSpecification\",\"valueRequired\":true,\"valueName\":\"search_term_string\"}}],\"inLanguage\":\"pt-BR\"},{\"@type\":\"Organization\",\"@id\":\"https:\\\/\\\/clubedohipismo.com.br\\\/home\\\/#organization\",\"name\":\"Clube do Hipismo\",\"url\":\"https:\\\/\\\/clubedohipismo.com.br\\\/home\\\/\",\"logo\":{\"@type\":\"ImageObject\",\"inLanguage\":\"pt-BR\",\"@id\":\"https:\\\/\\\/clubedohipismo.com.br\\\/home\\\/#\\\/schema\\\/logo\\\/image\\\/\",\"url\":\"https:\\\/\\\/clubedohipismo.com.br\\\/home\\\/wp-content\\\/uploads\\\/2018\\\/03\\\/clube-ch-dourado-wp-logo.png\",\"contentUrl\":\"https:\\\/\\\/clubedohipismo.com.br\\\/home\\\/wp-content\\\/uploads\\\/2018\\\/03\\\/clube-ch-dourado-wp-logo.png\",\"width\":512,\"height\":512,\"caption\":\"Clube do Hipismo\"},\"image\":{\"@id\":\"https:\\\/\\\/clubedohipismo.com.br\\\/home\\\/#\\\/schema\\\/logo\\\/image\\\/\"}},{\"@type\":\"Person\",\"@id\":\"https:\\\/\\\/clubedohipismo.com.br\\\/home\\\/#\\\/schema\\\/person\\\/02a1be4ce15daab4ed7b2fd71bf47143\",\"name\":\"Marco Vidal\",\"url\":\"https:\\\/\\\/clubedohipismo.com.br\\\/home\\\/author\\\/vergano\\\/\"}]}<\/script>\n<!-- \/ Yoast SEO plugin. -->","yoast_head_json":{"title":"Freio de Ouro re\u00fane sele\u00e7\u00e3o gen\u00e9tica e cultura numa prova de supera\u00e7\u00f5es - Clube do Hipismo","description":"\u00daltima prova da grande final coincidir\u00e1 com o \u00faltimo final de semana da Expointer","robots":{"index":"index","follow":"follow","max-snippet":"max-snippet:-1","max-image-preview":"max-image-preview:large","max-video-preview":"max-video-preview:-1"},"canonical":"https:\/\/clubedohipismo.com.br\/home\/2024\/08\/20\/cavalo-crioulo-freio-de-ouro-expointer-3\/","og_locale":"pt_BR","og_type":"article","og_title":"Freio de Ouro re\u00fane sele\u00e7\u00e3o gen\u00e9tica e cultura numa prova de supera\u00e7\u00f5es - Clube do Hipismo","og_description":"\u00daltima prova da grande final coincidir\u00e1 com o \u00faltimo final de semana da Expointer","og_url":"https:\/\/clubedohipismo.com.br\/home\/2024\/08\/20\/cavalo-crioulo-freio-de-ouro-expointer-3\/","og_site_name":"Clube do Hipismo","article_published_time":"2024-08-20T16:38:57+00:00","article_modified_time":"2024-08-20T16:39:13+00:00","og_image":[{"width":1129,"height":768,"url":"https:\/\/clubedohipismo.com.br\/home\/wp-content\/uploads\/2024\/08\/Freio-de-Ouro-Credito-Mauricio-Vinhas-Divulgacao-3-Medio.jpg","type":"image\/jpeg"}],"author":"Marco Vidal","twitter_card":"summary_large_image","twitter_misc":{"Escrito por":"Marco Vidal","Est. tempo de leitura":"3 minutos"},"schema":{"@context":"https:\/\/schema.org","@graph":[{"@type":"Article","@id":"https:\/\/clubedohipismo.com.br\/home\/2024\/08\/20\/cavalo-crioulo-freio-de-ouro-expointer-3\/#article","isPartOf":{"@id":"https:\/\/clubedohipismo.com.br\/home\/2024\/08\/20\/cavalo-crioulo-freio-de-ouro-expointer-3\/"},"author":{"name":"Marco Vidal","@id":"https:\/\/clubedohipismo.com.br\/home\/#\/schema\/person\/02a1be4ce15daab4ed7b2fd71bf47143"},"headline":"Freio de Ouro re\u00fane sele\u00e7\u00e3o gen\u00e9tica e cultura numa prova de supera\u00e7\u00f5es","datePublished":"2024-08-20T16:38:57+00:00","dateModified":"2024-08-20T16:39:13+00:00","mainEntityOfPage":{"@id":"https:\/\/clubedohipismo.com.br\/home\/2024\/08\/20\/cavalo-crioulo-freio-de-ouro-expointer-3\/"},"wordCount":662,"publisher":{"@id":"https:\/\/clubedohipismo.com.br\/home\/#organization"},"image":{"@id":"https:\/\/clubedohipismo.com.br\/home\/2024\/08\/20\/cavalo-crioulo-freio-de-ouro-expointer-3\/#primaryimage"},"thumbnailUrl":"https:\/\/clubedohipismo.com.br\/home\/wp-content\/uploads\/2024\/08\/Freio-de-Ouro-Credito-Mauricio-Vinhas-Divulgacao-3-Medio.jpg","keywords":["ABCCC","cavalocrioulo","expointer","freio de ouro"],"articleSection":["Mundo do cavalo","Pr\u00f3ximos Eventos"],"inLanguage":"pt-BR"},{"@type":"WebPage","@id":"https:\/\/clubedohipismo.com.br\/home\/2024\/08\/20\/cavalo-crioulo-freio-de-ouro-expointer-3\/","url":"https:\/\/clubedohipismo.com.br\/home\/2024\/08\/20\/cavalo-crioulo-freio-de-ouro-expointer-3\/","name":"Freio de Ouro re\u00fane sele\u00e7\u00e3o gen\u00e9tica e cultura numa prova de supera\u00e7\u00f5es - Clube do Hipismo","isPartOf":{"@id":"https:\/\/clubedohipismo.com.br\/home\/#website"},"primaryImageOfPage":{"@id":"https:\/\/clubedohipismo.com.br\/home\/2024\/08\/20\/cavalo-crioulo-freio-de-ouro-expointer-3\/#primaryimage"},"image":{"@id":"https:\/\/clubedohipismo.com.br\/home\/2024\/08\/20\/cavalo-crioulo-freio-de-ouro-expointer-3\/#primaryimage"},"thumbnailUrl":"https:\/\/clubedohipismo.com.br\/home\/wp-content\/uploads\/2024\/08\/Freio-de-Ouro-Credito-Mauricio-Vinhas-Divulgacao-3-Medio.jpg","datePublished":"2024-08-20T16:38:57+00:00","dateModified":"2024-08-20T16:39:13+00:00","description":"\u00daltima prova da grande final coincidir\u00e1 com o \u00faltimo final de semana da Expointer","breadcrumb":{"@id":"https:\/\/clubedohipismo.com.br\/home\/2024\/08\/20\/cavalo-crioulo-freio-de-ouro-expointer-3\/#breadcrumb"},"inLanguage":"pt-BR","potentialAction":[{"@type":"ReadAction","target":["https:\/\/clubedohipismo.com.br\/home\/2024\/08\/20\/cavalo-crioulo-freio-de-ouro-expointer-3\/"]}]},{"@type":"ImageObject","inLanguage":"pt-BR","@id":"https:\/\/clubedohipismo.com.br\/home\/2024\/08\/20\/cavalo-crioulo-freio-de-ouro-expointer-3\/#primaryimage","url":"https:\/\/clubedohipismo.com.br\/home\/wp-content\/uploads\/2024\/08\/Freio-de-Ouro-Credito-Mauricio-Vinhas-Divulgacao-3-Medio.jpg","contentUrl":"https:\/\/clubedohipismo.com.br\/home\/wp-content\/uploads\/2024\/08\/Freio-de-Ouro-Credito-Mauricio-Vinhas-Divulgacao-3-Medio.jpg","width":1129,"height":768,"caption":"Freio de Ouro - Cr\u00e9dito Maur\u00edcio Vinhas Divulga\u00e7\u00e3o (3) (M\u00e9dio)"},{"@type":"BreadcrumbList","@id":"https:\/\/clubedohipismo.com.br\/home\/2024\/08\/20\/cavalo-crioulo-freio-de-ouro-expointer-3\/#breadcrumb","itemListElement":[{"@type":"ListItem","position":1,"name":"In\u00edcio","item":"https:\/\/clubedohipismo.com.br\/home\/"},{"@type":"ListItem","position":2,"name":"Freio de Ouro re\u00fane sele\u00e7\u00e3o gen\u00e9tica e cultura numa prova de supera\u00e7\u00f5es"}]},{"@type":"WebSite","@id":"https:\/\/clubedohipismo.com.br\/home\/#website","url":"https:\/\/clubedohipismo.com.br\/home\/","name":"Clube do Hipismo","description":"Not\u00edcias do mundo do cavalo","publisher":{"@id":"https:\/\/clubedohipismo.com.br\/home\/#organization"},"potentialAction":[{"@type":"SearchAction","target":{"@type":"EntryPoint","urlTemplate":"https:\/\/clubedohipismo.com.br\/home\/?s={search_term_string}"},"query-input":{"@type":"PropertyValueSpecification","valueRequired":true,"valueName":"search_term_string"}}],"inLanguage":"pt-BR"},{"@type":"Organization","@id":"https:\/\/clubedohipismo.com.br\/home\/#organization","name":"Clube do Hipismo","url":"https:\/\/clubedohipismo.com.br\/home\/","logo":{"@type":"ImageObject","inLanguage":"pt-BR","@id":"https:\/\/clubedohipismo.com.br\/home\/#\/schema\/logo\/image\/","url":"https:\/\/clubedohipismo.com.br\/home\/wp-content\/uploads\/2018\/03\/clube-ch-dourado-wp-logo.png","contentUrl":"https:\/\/clubedohipismo.com.br\/home\/wp-content\/uploads\/2018\/03\/clube-ch-dourado-wp-logo.png","width":512,"height":512,"caption":"Clube do Hipismo"},"image":{"@id":"https:\/\/clubedohipismo.com.br\/home\/#\/schema\/logo\/image\/"}},{"@type":"Person","@id":"https:\/\/clubedohipismo.com.br\/home\/#\/schema\/person\/02a1be4ce15daab4ed7b2fd71bf47143","name":"Marco Vidal","url":"https:\/\/clubedohipismo.com.br\/home\/author\/vergano\/"}]}},"rttpg_featured_image_url":{"full":["https:\/\/clubedohipismo.com.br\/home\/wp-content\/uploads\/2024\/08\/Freio-de-Ouro-Credito-Mauricio-Vinhas-Divulgacao-3-Medio.jpg",1129,768,false],"landscape":["https:\/\/clubedohipismo.com.br\/home\/wp-content\/uploads\/2024\/08\/Freio-de-Ouro-Credito-Mauricio-Vinhas-Divulgacao-3-Medio.jpg",1129,768,false],"portraits":["https:\/\/clubedohipismo.com.br\/home\/wp-content\/uploads\/2024\/08\/Freio-de-Ouro-Credito-Mauricio-Vinhas-Divulgacao-3-Medio.jpg",1129,768,false],"thumbnail":["https:\/\/clubedohipismo.com.br\/home\/wp-content\/uploads\/2024\/08\/Freio-de-Ouro-Credito-Mauricio-Vinhas-Divulgacao-3-Medio-150x150.jpg",150,150,true],"medium":["https:\/\/clubedohipismo.com.br\/home\/wp-content\/uploads\/2024\/08\/Freio-de-Ouro-Credito-Mauricio-Vinhas-Divulgacao-3-Medio-300x204.jpg",300,204,true],"large":["https:\/\/clubedohipismo.com.br\/home\/wp-content\/uploads\/2024\/08\/Freio-de-Ouro-Credito-Mauricio-Vinhas-Divulgacao-3-Medio-1024x697.jpg",1024,697,true],"1536x1536":["https:\/\/clubedohipismo.com.br\/home\/wp-content\/uploads\/2024\/08\/Freio-de-Ouro-Credito-Mauricio-Vinhas-Divulgacao-3-Medio.jpg",1129,768,false],"2048x2048":["https:\/\/clubedohipismo.com.br\/home\/wp-content\/uploads\/2024\/08\/Freio-de-Ouro-Credito-Mauricio-Vinhas-Divulgacao-3-Medio.jpg",1129,768,false],"post-thumbnail":["https:\/\/clubedohipismo.com.br\/home\/wp-content\/uploads\/2024\/08\/Freio-de-Ouro-Credito-Mauricio-Vinhas-Divulgacao-3-Medio.jpg",399,271,false],"anima-featured":["https:\/\/clubedohipismo.com.br\/home\/wp-content\/uploads\/2024\/08\/Freio-de-Ouro-Credito-Mauricio-Vinhas-Divulgacao-3-Medio.jpg",399,271,false],"anima-featured-lp":["https:\/\/clubedohipismo.com.br\/home\/wp-content\/uploads\/2024\/08\/Freio-de-Ouro-Credito-Mauricio-Vinhas-Divulgacao-3-Medio.jpg",441,300,false],"anima-featured-half":["https:\/\/clubedohipismo.com.br\/home\/wp-content\/uploads\/2024\/08\/Freio-de-Ouro-Credito-Mauricio-Vinhas-Divulgacao-3-Medio.jpg",441,300,false],"anima-featured-third":["https:\/\/clubedohipismo.com.br\/home\/wp-content\/uploads\/2024\/08\/Freio-de-Ouro-Credito-Mauricio-Vinhas-Divulgacao-3-Medio.jpg",441,300,false],"anima-lpbox-1":["https:\/\/clubedohipismo.com.br\/home\/wp-content\/uploads\/2024\/08\/Freio-de-Ouro-Credito-Mauricio-Vinhas-Divulgacao-3-Medio.jpg",294,200,false],"anima-lpbox-2":["https:\/\/clubedohipismo.com.br\/home\/wp-content\/uploads\/2024\/08\/Freio-de-Ouro-Credito-Mauricio-Vinhas-Divulgacao-3-Medio.jpg",397,270,false]},"rttpg_author":{"display_name":"Marco Vidal","author_link":"https:\/\/clubedohipismo.com.br\/home\/author\/vergano\/"},"rttpg_comment":0,"rttpg_category":"<a href=\"https:\/\/clubedohipismo.com.br\/home\/category\/artigos\/o-mundo-do-cavalo\/\" rel=\"category tag\">Mundo do cavalo<\/a> <a href=\"https:\/\/clubedohipismo.com.br\/home\/category\/artigos\/eventos-hipismo-equestre-cavalo\/\" rel=\"category tag\">Pr\u00f3ximos Eventos<\/a>","rttpg_excerpt":"\u00daltima prova da grande final coincidir\u00e1 com o \u00faltimo final de semana da Expointer","_links":{"self":[{"href":"https:\/\/clubedohipismo.com.br\/home\/wp-json\/wp\/v2\/posts\/27299","targetHints":{"allow":["GET"]}}],"collection":[{"href":"https:\/\/clubedohipismo.com.br\/home\/wp-json\/wp\/v2\/posts"}],"about":[{"href":"https:\/\/clubedohipismo.com.br\/home\/wp-json\/wp\/v2\/types\/post"}],"author":[{"embeddable":true,"href":"https:\/\/clubedohipismo.com.br\/home\/wp-json\/wp\/v2\/users\/2"}],"replies":[{"embeddable":true,"href":"https:\/\/clubedohipismo.com.br\/home\/wp-json\/wp\/v2\/comments?post=27299"}],"version-history":[{"count":1,"href":"https:\/\/clubedohipismo.com.br\/home\/wp-json\/wp\/v2\/posts\/27299\/revisions"}],"predecessor-version":[{"id":27301,"href":"https:\/\/clubedohipismo.com.br\/home\/wp-json\/wp\/v2\/posts\/27299\/revisions\/27301"}],"wp:featuredmedia":[{"embeddable":true,"href":"https:\/\/clubedohipismo.com.br\/home\/wp-json\/wp\/v2\/media\/27300"}],"wp:attachment":[{"href":"https:\/\/clubedohipismo.com.br\/home\/wp-json\/wp\/v2\/media?parent=27299"}],"wp:term":[{"taxonomy":"category","embeddable":true,"href":"https:\/\/clubedohipismo.com.br\/home\/wp-json\/wp\/v2\/categories?post=27299"},{"taxonomy":"post_tag","embeddable":true,"href":"https:\/\/clubedohipismo.com.br\/home\/wp-json\/wp\/v2\/tags?post=27299"}],"curies":[{"name":"wp","href":"https:\/\/api.w.org\/{rel}","templated":true}]}}