{"id":27170,"date":"2024-07-18T09:04:41","date_gmt":"2024-07-18T12:04:41","guid":{"rendered":"https:\/\/clubedohipismo.com.br\/home\/?p=27170"},"modified":"2024-07-18T09:06:24","modified_gmt":"2024-07-18T12:06:24","slug":"zeus-vo-um-cavalo-brasileiro-psl","status":"publish","type":"post","link":"https:\/\/clubedohipismo.com.br\/home\/2024\/07\/18\/zeus-vo-um-cavalo-brasileiro-psl\/","title":{"rendered":"ZEUS V.O, UM CAVALO BRASILEIRO NA FESTA DE BOAS VINDAS DA TOCHA OL\u00cdMPICA EM PARIS.\u00a0(V\u00eddeo)"},"content":{"rendered":"<div id=\"clube-3308326307\" class=\"clube-amp clube-entity-placement\" style=\"margin-left: auto;margin-right: auto;text-align: center;\"><script async src=\"\/\/pagead2.googlesyndication.com\/pagead\/js\/adsbygoogle.js?client=ca-pub-6364990823171596\" crossorigin=\"anonymous\"><\/script><ins class=\"adsbygoogle\" style=\"display:block;\" data-ad-client=\"ca-pub-6364990823171596\" \ndata-ad-slot=\"\" \ndata-ad-format=\"auto\"><\/ins>\n<script> \n(adsbygoogle = window.adsbygoogle || []).push({}); \n<\/script>\n<\/div>\n<h4><span style=\"font-weight: 400;\">O Puro Sangue Lusitano de cria\u00e7\u00e3o de Victor Oliva na Coudelartia Ilha Verde, de Ara\u00e7oiaba da Serra (SP), fez parte do desfile do \u201cDia da Bastilha\u201d &#8211; a data mais importante da Fran\u00e7a \u00e9 comemorada no dia 14 de julho &#8211; no evento de boas vindas \u00e0 capital francesa dos Jogos Ol\u00edmpicos.&nbsp;<\/span><\/h4>\n\n\n\n<!--more-->\n\n\n\n<p><span style=\"font-weight: 400;\">Zeus V.O integrou a tropa da Le Cadre Noir de Saumur que apresentou um espet\u00e1culo de arte equestre na travessia da Champs Elys\u00e9es, a mais famosa avenida parisiense.\u00a0\u00a0<\/span><\/p>\n<p><span style=\"font-weight: 400;\">Quem conduziu a apresenta\u00e7\u00e3o foi o Coronel Thibault Vallette, escudeiro-chefe do Cadre Noir e medalhista de ouro por equipe no Hipismo Completo (ex-CCE) nos Jogos Ol\u00edmpicos Rio 2016.<\/span><\/p>\n<p><span style=\"font-weight: 400;\">Zeus V.O (Donaire OI x Terra VO por Em\u00e9tico), que chegou a formar conjunto com Antonio Victor Oliva em competi\u00e7\u00f5es de Dressage no Brasil, foi exportado em 2010 para a amazona Anne Sophie de La Gatinais, da Elevage et Ecurie Massa \u2013 o mais premiado criat\u00f3rio do cavalo Lusitano na Fran\u00e7a &#8211; e, depois, cedido para a Le Cadre Noir de Saumur, estreando em 2019 nos espet\u00e1culos da tradicional escola de equita\u00e7\u00e3o francesa.<\/span><\/p>\n<h5><span style=\"font-weight: 400;\">Colabora\u00e7\u00e3o: Rute Ara\u00fajo<\/span><\/h5>\n\n\n\n<div class=\"wp-block-columns is-layout-flex wp-container-core-columns-is-layout-9d6595d7 wp-block-columns-is-layout-flex\">\n<div class=\"wp-block-column is-layout-flow wp-block-column-is-layout-flow\" style=\"flex-basis:50%\">\n<figure class=\"wp-block-video alignleft\"><video height=\"304\" style=\"aspect-ratio: 544 \/ 304;\" width=\"544\" controls src=\"https:\/\/clubedohipismo.com.br\/home\/wp-content\/uploads\/2024\/07\/Zeus-1.mp4\" playsinline><\/video><figcaption class=\"wp-element-caption\">ZEUS V.O, UM CAVALO BRASILEIRO NA FESTA DE BOAS VINDAS DA TOCHA OL\u00cdMPICA EM PARIS<\/figcaption><\/figure>\n<\/div>\n\n\n\n<div class=\"wp-block-column is-layout-flow wp-block-column-is-layout-flow\" style=\"flex-basis:50%\">\n<figure class=\"wp-block-video\"><video height=\"304\" style=\"aspect-ratio: 544 \/ 304;\" width=\"544\" controls src=\"https:\/\/clubedohipismo.com.br\/home\/wp-content\/uploads\/2024\/07\/Zeus-2.mp4\"><\/video><figcaption class=\"wp-element-caption\">ZEUS V.O, UM CAVALO BRASILEIRO NA FESTA DE BOAS VINDAS DA TOCHA OL\u00cdMPICA EM PARIS<\/figcaption><\/figure>\n<\/div>\n<\/div>\n\n\n\n<blockquote>\n<h5 class=\"wp-block-quote has-text-align-center is-style-default has-text-color has-link-color has-small-font-size\" style=\"color: #2f731e;\"><span style=\"font-family: verdana, geneva, sans-serif;\"><cite><em>Clube do Hipismo \u00e9 uma publica\u00e7\u00e3o focada em esportes equestres e no mundo do cavalo.<br \/>Foi criado em 2007 por pura divers\u00e3o, mas se tornou uma paix\u00e3o para seus fundadores.<\/em><\/cite><\/span><\/h5>\n<\/blockquote>\n<p>Views: 60<\/p><div class=\"clube-centro clube-entity-placement\" style=\"text-align: center;\" id=\"clube-1277669126\"><div id=\"clube-2846889814\" style=\"margin-top: 2px;margin-right: 2px;margin-bottom: 2px;margin-left: 2px;float: right;\"><a href=\"https:\/\/mav.tec.br\/kyc\/\" target=\"_blank\" aria-label=\"kyc banner clube\"><img src=\"https:\/\/clubedohipismo.com.br\/home\/wp-content\/uploads\/2018\/12\/kyc-banner-clube.png\" alt=\"\"  width=\"120\" height=\"120\"   \/><\/a><\/div><div id=\"clube-3453068307\" style=\"margin-top: 2px;margin-right: 2px;margin-bottom: 2px;margin-left: 2px;float: right;\"><a href=\"https:\/\/www.ev.bemav.com.br\/\" target=\"_blank\" aria-label=\"EV\"><img src=\"https:\/\/clubedohipismo.com.br\/home\/wp-content\/uploads\/2018\/12\/EV.png\" alt=\"\"  width=\"120\" height=\"120\"   \/><\/a><\/div><div id=\"clube-697014499\" style=\"margin-top: 2px;margin-right: 2px;margin-bottom: 2px;margin-left: 2px;float: right;\"><a href=\"https:\/\/harasfunchal.com.br\/\" target=\"_blank\" aria-label=\"Onde hospedar (estabular) seu cavalo\"><img src=\"https:\/\/clubedohipismo.com.br\/home\/wp-content\/uploads\/2018\/11\/Banner-Funchal-p.png\" alt=\"Onde hospedar (estabular) seu cavalo\"  width=\"120\" height=\"120\"   \/><\/a><\/div><div id=\"clube-663078455\" style=\"margin-top: 2px;margin-right: 2px;margin-bottom: 2px;margin-left: 2px;float: right;\"><a href=\"https:\/\/aulasdeequitacao.com.br\/home\/\" target=\"_blank\" aria-label=\"Banner Thaty Aulas new p\"><img src=\"https:\/\/clubedohipismo.com.br\/home\/wp-content\/uploads\/2018\/11\/Banner-Thaty-Aulas-new-p.png\" alt=\"\"  width=\"120\" height=\"120\"   \/><\/a><\/div><div id=\"clube-3493973547\" style=\"margin-top: 2px;margin-right: 2px;margin-bottom: 2px;margin-left: 2px;float: right;\"><a href=\"http:\/\/arybotas.com.br\/\" target=\"_blank\" aria-label=\"Banner AryBotas p\"><img src=\"https:\/\/clubedohipismo.com.br\/home\/wp-content\/uploads\/2018\/11\/Banner-AryBotas-p.png\" alt=\"\"  width=\"120\" height=\"120\"   \/><\/a><\/div><\/div>","protected":false},"excerpt":{"rendered":"<p>O Puro Sangue Lusitano de cria\u00e7\u00e3o de Victor Oliva na Coudelartia Ilha Verde, de Ara\u00e7oiaba da Serra (SP), fez parte do desfile do \u201cDia da Bastilha\u201d &#8211; a data mais &hellip;<\/p>\n","protected":false},"author":2,"featured_media":27172,"comment_status":"closed","ping_status":"closed","sticky":false,"template":"","format":"standard","meta":{"sfsi_plus_gutenberg_text_before_share":"","sfsi_plus_gutenberg_show_text_before_share":"","sfsi_plus_gutenberg_icon_type":"","sfsi_plus_gutenberg_icon_alignemt":"","sfsi_plus_gutenburg_max_per_row":"","footnotes":""},"categories":[15],"tags":[25,40],"class_list":["post-27170","post","type-post","status-publish","format-standard","has-post-thumbnail","hentry","category-hipismo","tag-olimpiada","tag-psl"],"yoast_head":"<!-- This site is optimized with the Yoast SEO plugin v27.5 - https:\/\/yoast.com\/product\/yoast-seo-wordpress\/ -->\n<title>ZEUS V.O, UM CAVALO BRASILEIRO NA FESTA DE BOAS VINDAS DA TOCHA OL\u00cdMPICA EM PARIS.\u00a0(V\u00eddeo) - Clube do Hipismo<\/title>\n<meta name=\"description\" content=\"Zeus V.O integrou a tropa da Le Cadre Noir de Saumur que apresentou um espet\u00e1culo de arte equestre na travessia da Champs Elys\u00e9es, a mais famosa avenida parisiense.\" \/>\n<meta name=\"robots\" content=\"index, follow, max-snippet:-1, max-image-preview:large, max-video-preview:-1\" \/>\n<link rel=\"canonical\" href=\"https:\/\/clubedohipismo.com.br\/home\/2024\/07\/18\/zeus-vo-um-cavalo-brasileiro-psl\/\" \/>\n<meta property=\"og:locale\" content=\"pt_BR\" \/>\n<meta property=\"og:type\" content=\"article\" \/>\n<meta property=\"og:title\" content=\"ZEUS V.O, UM CAVALO BRASILEIRO NA FESTA DE BOAS VINDAS DA TOCHA OL\u00cdMPICA EM PARIS.\u00a0(V\u00eddeo) - Clube do Hipismo\" \/>\n<meta property=\"og:description\" content=\"Zeus V.O integrou a tropa da Le Cadre Noir de Saumur que apresentou um espet\u00e1culo de arte equestre na travessia da Champs Elys\u00e9es, a mais famosa avenida parisiense.\" \/>\n<meta property=\"og:url\" content=\"https:\/\/clubedohipismo.com.br\/home\/2024\/07\/18\/zeus-vo-um-cavalo-brasileiro-psl\/\" \/>\n<meta property=\"og:site_name\" content=\"Clube do Hipismo\" \/>\n<meta property=\"article:published_time\" content=\"2024-07-18T12:04:41+00:00\" \/>\n<meta property=\"article:modified_time\" content=\"2024-07-18T12:06:24+00:00\" \/>\n<meta property=\"og:image\" content=\"https:\/\/clubedohipismo.com.br\/home\/wp-content\/uploads\/2024\/07\/Zeus.jpg\" \/>\n\t<meta property=\"og:image:width\" content=\"1579\" \/>\n\t<meta property=\"og:image:height\" content=\"795\" \/>\n\t<meta property=\"og:image:type\" content=\"image\/jpeg\" \/>\n<meta name=\"author\" content=\"Marco Vidal\" \/>\n<meta name=\"twitter:card\" content=\"summary_large_image\" \/>\n<meta name=\"twitter:label1\" content=\"Escrito por\" \/>\n\t<meta name=\"twitter:data1\" content=\"Marco Vidal\" \/>\n\t<meta name=\"twitter:label2\" content=\"Est. tempo de leitura\" \/>\n\t<meta name=\"twitter:data2\" content=\"1 minuto\" \/>\n<script type=\"application\/ld+json\" class=\"yoast-schema-graph\">{\"@context\":\"https:\\\/\\\/schema.org\",\"@graph\":[{\"@type\":\"Article\",\"@id\":\"https:\\\/\\\/clubedohipismo.com.br\\\/home\\\/2024\\\/07\\\/18\\\/zeus-vo-um-cavalo-brasileiro-psl\\\/#article\",\"isPartOf\":{\"@id\":\"https:\\\/\\\/clubedohipismo.com.br\\\/home\\\/2024\\\/07\\\/18\\\/zeus-vo-um-cavalo-brasileiro-psl\\\/\"},\"author\":{\"name\":\"Marco Vidal\",\"@id\":\"https:\\\/\\\/clubedohipismo.com.br\\\/home\\\/#\\\/schema\\\/person\\\/02a1be4ce15daab4ed7b2fd71bf47143\"},\"headline\":\"ZEUS V.O, UM CAVALO BRASILEIRO NA FESTA DE BOAS VINDAS DA TOCHA OL\u00cdMPICA EM PARIS.\u00a0(V\u00eddeo)\",\"datePublished\":\"2024-07-18T12:04:41+00:00\",\"dateModified\":\"2024-07-18T12:06:24+00:00\",\"mainEntityOfPage\":{\"@id\":\"https:\\\/\\\/clubedohipismo.com.br\\\/home\\\/2024\\\/07\\\/18\\\/zeus-vo-um-cavalo-brasileiro-psl\\\/\"},\"wordCount\":249,\"publisher\":{\"@id\":\"https:\\\/\\\/clubedohipismo.com.br\\\/home\\\/#organization\"},\"image\":{\"@id\":\"https:\\\/\\\/clubedohipismo.com.br\\\/home\\\/2024\\\/07\\\/18\\\/zeus-vo-um-cavalo-brasileiro-psl\\\/#primaryimage\"},\"thumbnailUrl\":\"https:\\\/\\\/clubedohipismo.com.br\\\/home\\\/wp-content\\\/uploads\\\/2024\\\/07\\\/Zeus.jpg\",\"keywords\":[\"Olimp\u00edada\",\"PSL\"],\"articleSection\":[\"Hipismo\"],\"inLanguage\":\"pt-BR\"},{\"@type\":\"WebPage\",\"@id\":\"https:\\\/\\\/clubedohipismo.com.br\\\/home\\\/2024\\\/07\\\/18\\\/zeus-vo-um-cavalo-brasileiro-psl\\\/\",\"url\":\"https:\\\/\\\/clubedohipismo.com.br\\\/home\\\/2024\\\/07\\\/18\\\/zeus-vo-um-cavalo-brasileiro-psl\\\/\",\"name\":\"ZEUS V.O, UM CAVALO BRASILEIRO NA FESTA DE BOAS VINDAS DA TOCHA OL\u00cdMPICA EM PARIS.\u00a0(V\u00eddeo) - Clube do Hipismo\",\"isPartOf\":{\"@id\":\"https:\\\/\\\/clubedohipismo.com.br\\\/home\\\/#website\"},\"primaryImageOfPage\":{\"@id\":\"https:\\\/\\\/clubedohipismo.com.br\\\/home\\\/2024\\\/07\\\/18\\\/zeus-vo-um-cavalo-brasileiro-psl\\\/#primaryimage\"},\"image\":{\"@id\":\"https:\\\/\\\/clubedohipismo.com.br\\\/home\\\/2024\\\/07\\\/18\\\/zeus-vo-um-cavalo-brasileiro-psl\\\/#primaryimage\"},\"thumbnailUrl\":\"https:\\\/\\\/clubedohipismo.com.br\\\/home\\\/wp-content\\\/uploads\\\/2024\\\/07\\\/Zeus.jpg\",\"datePublished\":\"2024-07-18T12:04:41+00:00\",\"dateModified\":\"2024-07-18T12:06:24+00:00\",\"description\":\"Zeus V.O integrou a tropa da Le Cadre Noir de Saumur que apresentou um espet\u00e1culo de arte equestre na travessia da Champs Elys\u00e9es, a mais famosa avenida parisiense.\",\"breadcrumb\":{\"@id\":\"https:\\\/\\\/clubedohipismo.com.br\\\/home\\\/2024\\\/07\\\/18\\\/zeus-vo-um-cavalo-brasileiro-psl\\\/#breadcrumb\"},\"inLanguage\":\"pt-BR\",\"potentialAction\":[{\"@type\":\"ReadAction\",\"target\":[\"https:\\\/\\\/clubedohipismo.com.br\\\/home\\\/2024\\\/07\\\/18\\\/zeus-vo-um-cavalo-brasileiro-psl\\\/\"]}]},{\"@type\":\"ImageObject\",\"inLanguage\":\"pt-BR\",\"@id\":\"https:\\\/\\\/clubedohipismo.com.br\\\/home\\\/2024\\\/07\\\/18\\\/zeus-vo-um-cavalo-brasileiro-psl\\\/#primaryimage\",\"url\":\"https:\\\/\\\/clubedohipismo.com.br\\\/home\\\/wp-content\\\/uploads\\\/2024\\\/07\\\/Zeus.jpg\",\"contentUrl\":\"https:\\\/\\\/clubedohipismo.com.br\\\/home\\\/wp-content\\\/uploads\\\/2024\\\/07\\\/Zeus.jpg\",\"width\":1579,\"height\":795,\"caption\":\"ZEUS V.O, UM CAVALO BRASILEIRO NA FESTA DE BOAS VINDAS DA TOCHA OL\u00cdMPICA EM PARIS\"},{\"@type\":\"BreadcrumbList\",\"@id\":\"https:\\\/\\\/clubedohipismo.com.br\\\/home\\\/2024\\\/07\\\/18\\\/zeus-vo-um-cavalo-brasileiro-psl\\\/#breadcrumb\",\"itemListElement\":[{\"@type\":\"ListItem\",\"position\":1,\"name\":\"In\u00edcio\",\"item\":\"https:\\\/\\\/clubedohipismo.com.br\\\/home\\\/\"},{\"@type\":\"ListItem\",\"position\":2,\"name\":\"ZEUS V.O, UM CAVALO BRASILEIRO NA FESTA DE BOAS VINDAS DA TOCHA OL\u00cdMPICA EM PARIS.\u00a0(V\u00eddeo)\"}]},{\"@type\":\"WebSite\",\"@id\":\"https:\\\/\\\/clubedohipismo.com.br\\\/home\\\/#website\",\"url\":\"https:\\\/\\\/clubedohipismo.com.br\\\/home\\\/\",\"name\":\"Clube do Hipismo\",\"description\":\"Not\u00edcias do mundo do cavalo\",\"publisher\":{\"@id\":\"https:\\\/\\\/clubedohipismo.com.br\\\/home\\\/#organization\"},\"potentialAction\":[{\"@type\":\"SearchAction\",\"target\":{\"@type\":\"EntryPoint\",\"urlTemplate\":\"https:\\\/\\\/clubedohipismo.com.br\\\/home\\\/?s={search_term_string}\"},\"query-input\":{\"@type\":\"PropertyValueSpecification\",\"valueRequired\":true,\"valueName\":\"search_term_string\"}}],\"inLanguage\":\"pt-BR\"},{\"@type\":\"Organization\",\"@id\":\"https:\\\/\\\/clubedohipismo.com.br\\\/home\\\/#organization\",\"name\":\"Clube do Hipismo\",\"url\":\"https:\\\/\\\/clubedohipismo.com.br\\\/home\\\/\",\"logo\":{\"@type\":\"ImageObject\",\"inLanguage\":\"pt-BR\",\"@id\":\"https:\\\/\\\/clubedohipismo.com.br\\\/home\\\/#\\\/schema\\\/logo\\\/image\\\/\",\"url\":\"https:\\\/\\\/clubedohipismo.com.br\\\/home\\\/wp-content\\\/uploads\\\/2018\\\/03\\\/clube-ch-dourado-wp-logo.png\",\"contentUrl\":\"https:\\\/\\\/clubedohipismo.com.br\\\/home\\\/wp-content\\\/uploads\\\/2018\\\/03\\\/clube-ch-dourado-wp-logo.png\",\"width\":512,\"height\":512,\"caption\":\"Clube do Hipismo\"},\"image\":{\"@id\":\"https:\\\/\\\/clubedohipismo.com.br\\\/home\\\/#\\\/schema\\\/logo\\\/image\\\/\"}},{\"@type\":\"Person\",\"@id\":\"https:\\\/\\\/clubedohipismo.com.br\\\/home\\\/#\\\/schema\\\/person\\\/02a1be4ce15daab4ed7b2fd71bf47143\",\"name\":\"Marco Vidal\",\"url\":\"https:\\\/\\\/clubedohipismo.com.br\\\/home\\\/author\\\/vergano\\\/\"}]}<\/script>\n<!-- \/ Yoast SEO plugin. -->","yoast_head_json":{"title":"ZEUS V.O, UM CAVALO BRASILEIRO NA FESTA DE BOAS VINDAS DA TOCHA OL\u00cdMPICA EM PARIS.\u00a0(V\u00eddeo) - Clube do Hipismo","description":"Zeus V.O integrou a tropa da Le Cadre Noir de Saumur que apresentou um espet\u00e1culo de arte equestre na travessia da Champs Elys\u00e9es, a mais famosa avenida parisiense.","robots":{"index":"index","follow":"follow","max-snippet":"max-snippet:-1","max-image-preview":"max-image-preview:large","max-video-preview":"max-video-preview:-1"},"canonical":"https:\/\/clubedohipismo.com.br\/home\/2024\/07\/18\/zeus-vo-um-cavalo-brasileiro-psl\/","og_locale":"pt_BR","og_type":"article","og_title":"ZEUS V.O, UM CAVALO BRASILEIRO NA FESTA DE BOAS VINDAS DA TOCHA OL\u00cdMPICA EM PARIS.\u00a0(V\u00eddeo) - Clube do Hipismo","og_description":"Zeus V.O integrou a tropa da Le Cadre Noir de Saumur que apresentou um espet\u00e1culo de arte equestre na travessia da Champs Elys\u00e9es, a mais famosa avenida parisiense.","og_url":"https:\/\/clubedohipismo.com.br\/home\/2024\/07\/18\/zeus-vo-um-cavalo-brasileiro-psl\/","og_site_name":"Clube do Hipismo","article_published_time":"2024-07-18T12:04:41+00:00","article_modified_time":"2024-07-18T12:06:24+00:00","og_image":[{"width":1579,"height":795,"url":"https:\/\/clubedohipismo.com.br\/home\/wp-content\/uploads\/2024\/07\/Zeus.jpg","type":"image\/jpeg"}],"author":"Marco Vidal","twitter_card":"summary_large_image","twitter_misc":{"Escrito por":"Marco Vidal","Est. tempo de leitura":"1 minuto"},"schema":{"@context":"https:\/\/schema.org","@graph":[{"@type":"Article","@id":"https:\/\/clubedohipismo.com.br\/home\/2024\/07\/18\/zeus-vo-um-cavalo-brasileiro-psl\/#article","isPartOf":{"@id":"https:\/\/clubedohipismo.com.br\/home\/2024\/07\/18\/zeus-vo-um-cavalo-brasileiro-psl\/"},"author":{"name":"Marco Vidal","@id":"https:\/\/clubedohipismo.com.br\/home\/#\/schema\/person\/02a1be4ce15daab4ed7b2fd71bf47143"},"headline":"ZEUS V.O, UM CAVALO BRASILEIRO NA FESTA DE BOAS VINDAS DA TOCHA OL\u00cdMPICA EM PARIS.\u00a0(V\u00eddeo)","datePublished":"2024-07-18T12:04:41+00:00","dateModified":"2024-07-18T12:06:24+00:00","mainEntityOfPage":{"@id":"https:\/\/clubedohipismo.com.br\/home\/2024\/07\/18\/zeus-vo-um-cavalo-brasileiro-psl\/"},"wordCount":249,"publisher":{"@id":"https:\/\/clubedohipismo.com.br\/home\/#organization"},"image":{"@id":"https:\/\/clubedohipismo.com.br\/home\/2024\/07\/18\/zeus-vo-um-cavalo-brasileiro-psl\/#primaryimage"},"thumbnailUrl":"https:\/\/clubedohipismo.com.br\/home\/wp-content\/uploads\/2024\/07\/Zeus.jpg","keywords":["Olimp\u00edada","PSL"],"articleSection":["Hipismo"],"inLanguage":"pt-BR"},{"@type":"WebPage","@id":"https:\/\/clubedohipismo.com.br\/home\/2024\/07\/18\/zeus-vo-um-cavalo-brasileiro-psl\/","url":"https:\/\/clubedohipismo.com.br\/home\/2024\/07\/18\/zeus-vo-um-cavalo-brasileiro-psl\/","name":"ZEUS V.O, UM CAVALO BRASILEIRO NA FESTA DE BOAS VINDAS DA TOCHA OL\u00cdMPICA EM PARIS.\u00a0(V\u00eddeo) - Clube do Hipismo","isPartOf":{"@id":"https:\/\/clubedohipismo.com.br\/home\/#website"},"primaryImageOfPage":{"@id":"https:\/\/clubedohipismo.com.br\/home\/2024\/07\/18\/zeus-vo-um-cavalo-brasileiro-psl\/#primaryimage"},"image":{"@id":"https:\/\/clubedohipismo.com.br\/home\/2024\/07\/18\/zeus-vo-um-cavalo-brasileiro-psl\/#primaryimage"},"thumbnailUrl":"https:\/\/clubedohipismo.com.br\/home\/wp-content\/uploads\/2024\/07\/Zeus.jpg","datePublished":"2024-07-18T12:04:41+00:00","dateModified":"2024-07-18T12:06:24+00:00","description":"Zeus V.O integrou a tropa da Le Cadre Noir de Saumur que apresentou um espet\u00e1culo de arte equestre na travessia da Champs Elys\u00e9es, a mais famosa avenida parisiense.","breadcrumb":{"@id":"https:\/\/clubedohipismo.com.br\/home\/2024\/07\/18\/zeus-vo-um-cavalo-brasileiro-psl\/#breadcrumb"},"inLanguage":"pt-BR","potentialAction":[{"@type":"ReadAction","target":["https:\/\/clubedohipismo.com.br\/home\/2024\/07\/18\/zeus-vo-um-cavalo-brasileiro-psl\/"]}]},{"@type":"ImageObject","inLanguage":"pt-BR","@id":"https:\/\/clubedohipismo.com.br\/home\/2024\/07\/18\/zeus-vo-um-cavalo-brasileiro-psl\/#primaryimage","url":"https:\/\/clubedohipismo.com.br\/home\/wp-content\/uploads\/2024\/07\/Zeus.jpg","contentUrl":"https:\/\/clubedohipismo.com.br\/home\/wp-content\/uploads\/2024\/07\/Zeus.jpg","width":1579,"height":795,"caption":"ZEUS V.O, UM CAVALO BRASILEIRO NA FESTA DE BOAS VINDAS DA TOCHA OL\u00cdMPICA EM PARIS"},{"@type":"BreadcrumbList","@id":"https:\/\/clubedohipismo.com.br\/home\/2024\/07\/18\/zeus-vo-um-cavalo-brasileiro-psl\/#breadcrumb","itemListElement":[{"@type":"ListItem","position":1,"name":"In\u00edcio","item":"https:\/\/clubedohipismo.com.br\/home\/"},{"@type":"ListItem","position":2,"name":"ZEUS V.O, UM CAVALO BRASILEIRO NA FESTA DE BOAS VINDAS DA TOCHA OL\u00cdMPICA EM PARIS.\u00a0(V\u00eddeo)"}]},{"@type":"WebSite","@id":"https:\/\/clubedohipismo.com.br\/home\/#website","url":"https:\/\/clubedohipismo.com.br\/home\/","name":"Clube do Hipismo","description":"Not\u00edcias do mundo do cavalo","publisher":{"@id":"https:\/\/clubedohipismo.com.br\/home\/#organization"},"potentialAction":[{"@type":"SearchAction","target":{"@type":"EntryPoint","urlTemplate":"https:\/\/clubedohipismo.com.br\/home\/?s={search_term_string}"},"query-input":{"@type":"PropertyValueSpecification","valueRequired":true,"valueName":"search_term_string"}}],"inLanguage":"pt-BR"},{"@type":"Organization","@id":"https:\/\/clubedohipismo.com.br\/home\/#organization","name":"Clube do Hipismo","url":"https:\/\/clubedohipismo.com.br\/home\/","logo":{"@type":"ImageObject","inLanguage":"pt-BR","@id":"https:\/\/clubedohipismo.com.br\/home\/#\/schema\/logo\/image\/","url":"https:\/\/clubedohipismo.com.br\/home\/wp-content\/uploads\/2018\/03\/clube-ch-dourado-wp-logo.png","contentUrl":"https:\/\/clubedohipismo.com.br\/home\/wp-content\/uploads\/2018\/03\/clube-ch-dourado-wp-logo.png","width":512,"height":512,"caption":"Clube do Hipismo"},"image":{"@id":"https:\/\/clubedohipismo.com.br\/home\/#\/schema\/logo\/image\/"}},{"@type":"Person","@id":"https:\/\/clubedohipismo.com.br\/home\/#\/schema\/person\/02a1be4ce15daab4ed7b2fd71bf47143","name":"Marco Vidal","url":"https:\/\/clubedohipismo.com.br\/home\/author\/vergano\/"}]}},"rttpg_featured_image_url":{"full":["https:\/\/clubedohipismo.com.br\/home\/wp-content\/uploads\/2024\/07\/Zeus.jpg",1579,795,false],"landscape":["https:\/\/clubedohipismo.com.br\/home\/wp-content\/uploads\/2024\/07\/Zeus.jpg",1579,795,false],"portraits":["https:\/\/clubedohipismo.com.br\/home\/wp-content\/uploads\/2024\/07\/Zeus.jpg",1579,795,false],"thumbnail":["https:\/\/clubedohipismo.com.br\/home\/wp-content\/uploads\/2024\/07\/Zeus-150x150.jpg",150,150,true],"medium":["https:\/\/clubedohipismo.com.br\/home\/wp-content\/uploads\/2024\/07\/Zeus-300x151.jpg",300,151,true],"large":["https:\/\/clubedohipismo.com.br\/home\/wp-content\/uploads\/2024\/07\/Zeus-1024x516.jpg",1024,516,true],"1536x1536":["https:\/\/clubedohipismo.com.br\/home\/wp-content\/uploads\/2024\/07\/Zeus-1536x773.jpg",1536,773,true],"2048x2048":["https:\/\/clubedohipismo.com.br\/home\/wp-content\/uploads\/2024\/07\/Zeus.jpg",1579,795,false],"post-thumbnail":["https:\/\/clubedohipismo.com.br\/home\/wp-content\/uploads\/2024\/07\/Zeus.jpg",399,201,false],"anima-featured":["https:\/\/clubedohipismo.com.br\/home\/wp-content\/uploads\/2024\/07\/Zeus.jpg",399,201,false],"anima-featured-lp":["https:\/\/clubedohipismo.com.br\/home\/wp-content\/uploads\/2024\/07\/Zeus.jpg",530,267,false],"anima-featured-half":["https:\/\/clubedohipismo.com.br\/home\/wp-content\/uploads\/2024\/07\/Zeus.jpg",596,300,false],"anima-featured-third":["https:\/\/clubedohipismo.com.br\/home\/wp-content\/uploads\/2024\/07\/Zeus.jpg",512,258,false],"anima-lpbox-1":["https:\/\/clubedohipismo.com.br\/home\/wp-content\/uploads\/2024\/07\/Zeus.jpg",397,200,false],"anima-lpbox-2":["https:\/\/clubedohipismo.com.br\/home\/wp-content\/uploads\/2024\/07\/Zeus.jpg",397,200,false]},"rttpg_author":{"display_name":"Marco Vidal","author_link":"https:\/\/clubedohipismo.com.br\/home\/author\/vergano\/"},"rttpg_comment":0,"rttpg_category":"<a href=\"https:\/\/clubedohipismo.com.br\/home\/category\/artigos\/hipismo\/\" rel=\"category tag\">Hipismo<\/a>","rttpg_excerpt":"O Puro Sangue Lusitano de cria\u00e7\u00e3o de Victor Oliva na Coudelartia Ilha Verde, de Ara\u00e7oiaba da Serra (SP), fez parte do desfile do \u201cDia da Bastilha\u201d &#8211; a data mais &hellip;","_links":{"self":[{"href":"https:\/\/clubedohipismo.com.br\/home\/wp-json\/wp\/v2\/posts\/27170","targetHints":{"allow":["GET"]}}],"collection":[{"href":"https:\/\/clubedohipismo.com.br\/home\/wp-json\/wp\/v2\/posts"}],"about":[{"href":"https:\/\/clubedohipismo.com.br\/home\/wp-json\/wp\/v2\/types\/post"}],"author":[{"embeddable":true,"href":"https:\/\/clubedohipismo.com.br\/home\/wp-json\/wp\/v2\/users\/2"}],"replies":[{"embeddable":true,"href":"https:\/\/clubedohipismo.com.br\/home\/wp-json\/wp\/v2\/comments?post=27170"}],"version-history":[{"count":0,"href":"https:\/\/clubedohipismo.com.br\/home\/wp-json\/wp\/v2\/posts\/27170\/revisions"}],"wp:featuredmedia":[{"embeddable":true,"href":"https:\/\/clubedohipismo.com.br\/home\/wp-json\/wp\/v2\/media\/27172"}],"wp:attachment":[{"href":"https:\/\/clubedohipismo.com.br\/home\/wp-json\/wp\/v2\/media?parent=27170"}],"wp:term":[{"taxonomy":"category","embeddable":true,"href":"https:\/\/clubedohipismo.com.br\/home\/wp-json\/wp\/v2\/categories?post=27170"},{"taxonomy":"post_tag","embeddable":true,"href":"https:\/\/clubedohipismo.com.br\/home\/wp-json\/wp\/v2\/tags?post=27170"}],"curies":[{"name":"wp","href":"https:\/\/api.w.org\/{rel}","templated":true}]}}