{"id":26572,"date":"2024-04-26T14:33:29","date_gmt":"2024-04-26T17:33:29","guid":{"rendered":"https:\/\/clubedohipismo.com.br\/home\/?p=26572"},"modified":"2024-04-26T14:33:33","modified_gmt":"2024-04-26T17:33:33","slug":"hipismo-salto-curitiba","status":"publish","type":"post","link":"https:\/\/clubedohipismo.com.br\/home\/2024\/04\/26\/hipismo-salto-curitiba\/","title":{"rendered":"Curitiba recebe a fam\u00edlia do hipismo e \u00faltima observat\u00f3ria ol\u00edmpica em solo nacional essa semana"},"content":{"rendered":"<div id=\"clube-2241350465\" class=\"clube-amp clube-entity-placement\" style=\"margin-left: auto;margin-right: auto;text-align: center;\"><script async src=\"\/\/pagead2.googlesyndication.com\/pagead\/js\/adsbygoogle.js?client=ca-pub-6364990823171596\" crossorigin=\"anonymous\"><\/script><ins class=\"adsbygoogle\" style=\"display:block;\" data-ad-client=\"ca-pub-6364990823171596\" \ndata-ad-slot=\"\" \ndata-ad-format=\"auto\"><\/ins>\n<script> \n(adsbygoogle = window.adsbygoogle || []).push({}); \n<\/script>\n<\/div>\n<h4>O Concurso de Salto Internacional e Nacional na Sociedade H\u00edpica Paranaense come\u00e7ou nessa quarta-feira, 24, e segue at\u00e9 domingo, 28\/4. Ao todo est\u00e3o programadas nada menos que cinco provas internacionais e 22 nacionais com destaque para o GP Internacional Neodent, a 1.60m, no s\u00e1bado, 27, a partir das 15 horas.<\/h4>\n\n\n\n<!--more-->\n\n\n\n<p>O GP Neodont \u00e9 v\u00e1lido como \u00faltima observat\u00f3ria em solo nacional para forma\u00e7\u00e3o do Time Brasil de Salto nos Jogos Ol\u00edmpicos de Paris 2024. A disputa tamb\u00e9m \u00e9 v\u00e1lida como 2\u00aa etapa do ranking brasileiro senior top 2024 (rendimento m\u00e1ximo) e etapa seletiva da liga sul-americana para Final da Copa do Mundo 2025. Doda Miranda com seu Dinozo un Prince foi o campe\u00e3o do GP Internacional de Curitiba em 2023 e vem de vit\u00f3ria no GP, a 1.60m, no SHP Open em S\u00e3o Paulo em 14\/4, assumindo a lideran\u00e7a do ranking brasileiro senior top 2024.<\/p>\n<p>Nessa quarta-feira, 24, o campe\u00e3o pan-americano Stephan Barcha, especialmente vindo da Europa, levou CHJR Clight \u00e0 vit\u00f3ria na primeira prova internacional a 1.40m. O cavaleiro tamb\u00e9m venceu a principal disputa da s\u00e9rie Nacional, a 1.45m, montando Chevaux Zilverstone Z.<\/p>\n<p>J\u00e1 nessa quinta-feira, 25, a prova a 1.50m, \u00e9 a principal prova internacional, v\u00e1lida como qualificativa para o GP Neodent. No domingo, 28, o mini-GP, a 1.45m, tamb\u00e9m tem status internacional.<\/p>\n<figure id=\"attachment_26573\" aria-describedby=\"caption-attachment-26573\" style=\"width: 423px\" class=\"wp-caption alignright\"><a href=\"https:\/\/clubedohipismo.com.br\/home\/wp-content\/uploads\/2024\/04\/Doda-Miranda-e-Dinozo-un-Prince-campeao-do-GP-Internacional-de-Curitiba-em-2023-Grace-Cambraia-Medio.jpg\"><img  title=\"\" fetchpriority=\"high\" decoding=\"async\" class=\" wp-image-26573\" src=\"https:\/\/clubedohipismo.com.br\/home\/wp-content\/uploads\/2024\/04\/Doda-Miranda-e-Dinozo-un-Prince-campeao-do-GP-Internacional-de-Curitiba-em-2023-Grace-Cambraia-Medio.jpg\"  alt=\"Doda-Miranda-e-Dinozo-un-Prince-campeao-do-GP-Internacional-de-Curitiba-em-2023-Grace-Cambraia-Medio Curitiba recebe a fam\u00edlia do hipismo e \u00faltima observat\u00f3ria ol\u00edmpica em solo nacional essa semana\"  width=\"423\" height=\"282\" srcset=\"https:\/\/clubedohipismo.com.br\/home\/wp-content\/uploads\/2024\/04\/Doda-Miranda-e-Dinozo-un-Prince-campeao-do-GP-Internacional-de-Curitiba-em-2023-Grace-Cambraia-Medio.jpg 1152w, https:\/\/clubedohipismo.com.br\/home\/wp-content\/uploads\/2024\/04\/Doda-Miranda-e-Dinozo-un-Prince-campeao-do-GP-Internacional-de-Curitiba-em-2023-Grace-Cambraia-Medio-300x200.jpg 300w, https:\/\/clubedohipismo.com.br\/home\/wp-content\/uploads\/2024\/04\/Doda-Miranda-e-Dinozo-un-Prince-campeao-do-GP-Internacional-de-Curitiba-em-2023-Grace-Cambraia-Medio-1024x683.jpg 1024w, https:\/\/clubedohipismo.com.br\/home\/wp-content\/uploads\/2024\/04\/Doda-Miranda-e-Dinozo-un-Prince-campeao-do-GP-Internacional-de-Curitiba-em-2023-Grace-Cambraia-Medio-768x512.jpg 768w\" sizes=\"(max-width: 423px) 100vw, 423px\" \/><\/a><figcaption id=\"caption-attachment-26573\" class=\"wp-caption-text\">Doda Miranda e Dinozo un Prince campe\u00e3o do GP Internacional de Curitiba em 2023 (Grace Cambraia) (M\u00e9dio)<\/figcaption><\/figure>\n<p>A s\u00e9rie Nacional, com provas de 1 a 1.40m para todos os n\u00edveis e categorias, tamb\u00e9m contempla a 2\u00aa Etapa do Circuito de Amadores e Cavalos Novos 2024. Em 2024, os amadores em suas cinco categoria disputadas a 1, 1.10, 1.20, 1.30 e 1.45m contam com uma premia\u00e7\u00e3o in\u00e9dita de R$ 127 mil distribu\u00edda entre as cinco categorias. Agora em Curitiba, a disputa dos Amadores aind recebe a 1\u00aa Etapa da categoria Amador B, a 1 metro, \u00fanica categoria que ter\u00e1 cinco etapas v\u00e1lidas ao longo de 2024.<\/p>\n<p>J\u00e1 o Circuito CBH, ABCCH e Haras Agromen de Cavalos Novos 2024 &#8211; disputado em nove etapas nas categoria 6, 7 e 8 anos e em cinco para cavalos novos de 4 e 5 anos ao longo de 2024 &#8211; estabelece novo recorde de premia\u00e7\u00e3o de mais R$ 900 mil reais.<\/p>\n<p><strong>Agenda paralela<\/strong> &#8211; Na sexta-feira, 26, o hipismo ser\u00e1 o foco do Smile Talks, um talk show que traz debates sobre diversos assuntos, entre eles os esportes. O evento acontece \u00e0s 18h30 na Sociedade H\u00edpica Paranaense, em Curitiba, com transmiss\u00e3o pelos tel\u00f5es do evento e redes sociais da Confedera\u00e7\u00e3o Brasileira e H\u00edpica Paranaense.<\/p>\n<p>A conversa conduzida pelo CEO da Neodent, Matthias Schupp, reunir\u00e1 os presidentes da Confedera\u00e7\u00e3o Brasileira de Hipismo (CBH), Fernando Sperb, e da Sociedade H\u00edpica Paranaense, Oscar Martinez Neto, com o medalhista ol\u00edmpico Doda Miranda, o campe\u00e3o Pan-Americano Stephan Barcha e ainda o cavaleiro Daniel Khury. A a\u00e7\u00e3o \u00e9 pela Neodent.<\/p>\n<p>Os convidados v\u00e3o discutir as expectativas para os campeonatos de Salto Internacional (CSI-W) e de Salto Nacional (CSN), classificat\u00f3rios para as Olimp\u00edadas de Paris 2024. Ambos os concursos s\u00e3o refer\u00eancia no calend\u00e1rio anual dos amantes do hipismo e contam com a participa\u00e7\u00e3o de atletas ol\u00edmpicos e da elite internacional do esporte.<\/p>\n<p>Para Fernando Sperb, s\u00e3o encontros como esses que ajudam a promover e valorizar ainda mais o esporte. \u201cEste torneio \u00e9 a \u00faltima etapa observat\u00f3ria, em solo brasileiro, para a escolha da equipe que disputar\u00e1 os Jogos Ol\u00edmpicos de Paris 2024 na modalidade salto. Ter um espa\u00e7o como o Smile Talks para o debate sobre importantes aspectos da forma\u00e7\u00e3o da equipe \u2013 e com atletas que est\u00e3o disputando diretamente uma vaga nas Olimp\u00edadas \u2013 \u00e9 extremamente enriquecedor\u201d, finaliza.<\/p>\n<p>Enquanto no s\u00e1bado, 27, durante um almo\u00e7o especial, a H\u00edpica Paranaense recebe um Leil\u00e3o Beneficente em prol do Hospital Pequeno Pr\u00edncipe com valor revertido para a institui\u00e7\u00e3o.<\/p>\n<p><a href=\"https:\/\/click.presskit.com.br\/url\/1010517908f\/5556457745e\">Placar, Hor\u00e1rios e Transmiss\u00e3o ao vivo<\/a><\/p>\n<p>Servi\u00e7o <br \/>CSI-W e CSN H\u00edpica Paranaense<br \/>Rodovia BR-116, 6055<br \/>Tarum\u00e3 &#8211; Curitiba (PR)<br \/>Entrada franca<\/p>\n<p>\u00a0<\/p>\n<h5><strong>Colabora\u00e7\u00e3o:\u00a0<\/strong>Carola May<\/h5>\n\n\n\n<blockquote>\n<h5 class=\"wp-block-quote has-text-align-center is-style-default has-text-color has-link-color has-small-font-size\" style=\"color: #2f731e;\"><span style=\"font-family: verdana, geneva, sans-serif;\"><cite><em>Clube do Hipismo \u00e9 uma publica\u00e7\u00e3o focada em esportes equestres e no mundo do cavalo.<br \/>Foi criado em 2007 por pura divers\u00e3o, mas se tornou uma paix\u00e3o para seus fundadores.<\/em><\/cite><\/span><\/h5>\n<\/blockquote>\n<p>Views: 43<\/p><div class=\"clube-centro clube-entity-placement\" style=\"text-align: center;\" id=\"clube-879941020\"><div id=\"clube-4050400255\" style=\"margin-top: 2px;margin-right: 2px;margin-bottom: 2px;margin-left: 2px;float: right;\"><a href=\"http:\/\/arybotas.com.br\/\" target=\"_blank\" aria-label=\"Banner AryBotas p\"><img src=\"https:\/\/clubedohipismo.com.br\/home\/wp-content\/uploads\/2018\/11\/Banner-AryBotas-p.png\" alt=\"\"  width=\"120\" height=\"120\"   \/><\/a><\/div><div id=\"clube-4064055688\" style=\"margin-top: 2px;margin-right: 2px;margin-bottom: 2px;margin-left: 2px;float: right;\"><a href=\"https:\/\/www.ev.bemav.com.br\/\" target=\"_blank\" aria-label=\"EV\"><img src=\"https:\/\/clubedohipismo.com.br\/home\/wp-content\/uploads\/2018\/12\/EV.png\" alt=\"\"  width=\"120\" height=\"120\"   \/><\/a><\/div><div id=\"clube-1910954415\" style=\"margin-top: 2px;margin-right: 2px;margin-bottom: 2px;margin-left: 2px;float: right;\"><a href=\"https:\/\/aulasdeequitacao.com.br\/home\/\" target=\"_blank\" aria-label=\"Banner Thaty Aulas new p\"><img src=\"https:\/\/clubedohipismo.com.br\/home\/wp-content\/uploads\/2018\/11\/Banner-Thaty-Aulas-new-p.png\" alt=\"\"  width=\"120\" height=\"120\"   \/><\/a><\/div><div id=\"clube-4278311446\" style=\"margin-top: 2px;margin-right: 2px;margin-bottom: 2px;margin-left: 2px;float: right;\"><a href=\"https:\/\/mav.tec.br\/kyc\/\" target=\"_blank\" aria-label=\"kyc banner clube\"><img src=\"https:\/\/clubedohipismo.com.br\/home\/wp-content\/uploads\/2018\/12\/kyc-banner-clube.png\" alt=\"\"  width=\"120\" height=\"120\"   \/><\/a><\/div><div id=\"clube-1303999080\" style=\"margin-top: 2px;margin-right: 2px;margin-bottom: 2px;margin-left: 2px;float: right;\"><a href=\"https:\/\/harasfunchal.com.br\/\" target=\"_blank\" aria-label=\"Onde hospedar (estabular) seu cavalo\"><img src=\"https:\/\/clubedohipismo.com.br\/home\/wp-content\/uploads\/2018\/11\/Banner-Funchal-p.png\" alt=\"Onde hospedar (estabular) seu cavalo\"  width=\"120\" height=\"120\"   \/><\/a><\/div><\/div>","protected":false},"excerpt":{"rendered":"<p>O Concurso de Salto Internacional e Nacional na Sociedade H\u00edpica Paranaense come\u00e7ou nessa quarta-feira, 24, e segue at\u00e9 domingo, 28\/4. <\/p>\n","protected":false},"author":2,"featured_media":26573,"comment_status":"closed","ping_status":"closed","sticky":false,"template":"","format":"standard","meta":{"sfsi_plus_gutenberg_text_before_share":"","sfsi_plus_gutenberg_show_text_before_share":"","sfsi_plus_gutenberg_icon_type":"","sfsi_plus_gutenberg_icon_alignemt":"","sfsi_plus_gutenburg_max_per_row":"","footnotes":""},"categories":[15,22],"tags":[248,16,18],"class_list":["post-26572","post","type-post","status-publish","format-standard","has-post-thumbnail","hentry","category-hipismo","category-eventos-hipismo-equestre-cavalo","tag-curitiba","tag-hipismo","tag-salto"],"yoast_head":"<!-- This site is optimized with the Yoast SEO plugin v27.5 - https:\/\/yoast.com\/product\/yoast-seo-wordpress\/ -->\n<title>Curitiba recebe a fam\u00edlia do hipismo e \u00faltima observat\u00f3ria ol\u00edmpica em solo nacional essa semana - Clube do Hipismo<\/title>\n<meta name=\"description\" content=\"O Concurso de Salto Internacional e Nacional na Sociedade H\u00edpica Paranaense come\u00e7ou nessa quarta-feira, 24, e segue at\u00e9 domingo, 28\/4.\" \/>\n<meta name=\"robots\" content=\"index, follow, max-snippet:-1, max-image-preview:large, max-video-preview:-1\" \/>\n<link rel=\"canonical\" href=\"https:\/\/clubedohipismo.com.br\/home\/2024\/04\/26\/hipismo-salto-curitiba\/\" \/>\n<meta property=\"og:locale\" content=\"pt_BR\" \/>\n<meta property=\"og:type\" content=\"article\" \/>\n<meta property=\"og:title\" content=\"Curitiba recebe a fam\u00edlia do hipismo e \u00faltima observat\u00f3ria ol\u00edmpica em solo nacional essa semana - Clube do Hipismo\" \/>\n<meta property=\"og:description\" content=\"O Concurso de Salto Internacional e Nacional na Sociedade H\u00edpica Paranaense come\u00e7ou nessa quarta-feira, 24, e segue at\u00e9 domingo, 28\/4.\" \/>\n<meta property=\"og:url\" content=\"https:\/\/clubedohipismo.com.br\/home\/2024\/04\/26\/hipismo-salto-curitiba\/\" \/>\n<meta property=\"og:site_name\" content=\"Clube do Hipismo\" \/>\n<meta property=\"article:published_time\" content=\"2024-04-26T17:33:29+00:00\" \/>\n<meta property=\"article:modified_time\" content=\"2024-04-26T17:33:33+00:00\" \/>\n<meta property=\"og:image\" content=\"https:\/\/clubedohipismo.com.br\/home\/wp-content\/uploads\/2024\/04\/Doda-Miranda-e-Dinozo-un-Prince-campeao-do-GP-Internacional-de-Curitiba-em-2023-Grace-Cambraia-Medio.jpg\" \/>\n\t<meta property=\"og:image:width\" content=\"1152\" \/>\n\t<meta property=\"og:image:height\" content=\"768\" \/>\n\t<meta property=\"og:image:type\" content=\"image\/jpeg\" \/>\n<meta name=\"author\" content=\"Marco Vidal\" \/>\n<meta name=\"twitter:card\" content=\"summary_large_image\" \/>\n<meta name=\"twitter:label1\" content=\"Escrito por\" \/>\n\t<meta name=\"twitter:data1\" content=\"Marco Vidal\" \/>\n\t<meta name=\"twitter:label2\" content=\"Est. tempo de leitura\" \/>\n\t<meta name=\"twitter:data2\" content=\"3 minutos\" \/>\n<script type=\"application\/ld+json\" class=\"yoast-schema-graph\">{\"@context\":\"https:\\\/\\\/schema.org\",\"@graph\":[{\"@type\":\"Article\",\"@id\":\"https:\\\/\\\/clubedohipismo.com.br\\\/home\\\/2024\\\/04\\\/26\\\/hipismo-salto-curitiba\\\/#article\",\"isPartOf\":{\"@id\":\"https:\\\/\\\/clubedohipismo.com.br\\\/home\\\/2024\\\/04\\\/26\\\/hipismo-salto-curitiba\\\/\"},\"author\":{\"name\":\"Marco Vidal\",\"@id\":\"https:\\\/\\\/clubedohipismo.com.br\\\/home\\\/#\\\/schema\\\/person\\\/02a1be4ce15daab4ed7b2fd71bf47143\"},\"headline\":\"Curitiba recebe a fam\u00edlia do hipismo e \u00faltima observat\u00f3ria ol\u00edmpica em solo nacional essa semana\",\"datePublished\":\"2024-04-26T17:33:29+00:00\",\"dateModified\":\"2024-04-26T17:33:33+00:00\",\"mainEntityOfPage\":{\"@id\":\"https:\\\/\\\/clubedohipismo.com.br\\\/home\\\/2024\\\/04\\\/26\\\/hipismo-salto-curitiba\\\/\"},\"wordCount\":694,\"publisher\":{\"@id\":\"https:\\\/\\\/clubedohipismo.com.br\\\/home\\\/#organization\"},\"image\":{\"@id\":\"https:\\\/\\\/clubedohipismo.com.br\\\/home\\\/2024\\\/04\\\/26\\\/hipismo-salto-curitiba\\\/#primaryimage\"},\"thumbnailUrl\":\"https:\\\/\\\/clubedohipismo.com.br\\\/home\\\/wp-content\\\/uploads\\\/2024\\\/04\\\/Doda-Miranda-e-Dinozo-un-Prince-campeao-do-GP-Internacional-de-Curitiba-em-2023-Grace-Cambraia-Medio.jpg\",\"keywords\":[\"Curitiba\",\"hipismo\",\"salto\"],\"articleSection\":[\"Hipismo\",\"Pr\u00f3ximos Eventos\"],\"inLanguage\":\"pt-BR\"},{\"@type\":\"WebPage\",\"@id\":\"https:\\\/\\\/clubedohipismo.com.br\\\/home\\\/2024\\\/04\\\/26\\\/hipismo-salto-curitiba\\\/\",\"url\":\"https:\\\/\\\/clubedohipismo.com.br\\\/home\\\/2024\\\/04\\\/26\\\/hipismo-salto-curitiba\\\/\",\"name\":\"Curitiba recebe a fam\u00edlia do hipismo e \u00faltima observat\u00f3ria ol\u00edmpica em solo nacional essa semana - Clube do Hipismo\",\"isPartOf\":{\"@id\":\"https:\\\/\\\/clubedohipismo.com.br\\\/home\\\/#website\"},\"primaryImageOfPage\":{\"@id\":\"https:\\\/\\\/clubedohipismo.com.br\\\/home\\\/2024\\\/04\\\/26\\\/hipismo-salto-curitiba\\\/#primaryimage\"},\"image\":{\"@id\":\"https:\\\/\\\/clubedohipismo.com.br\\\/home\\\/2024\\\/04\\\/26\\\/hipismo-salto-curitiba\\\/#primaryimage\"},\"thumbnailUrl\":\"https:\\\/\\\/clubedohipismo.com.br\\\/home\\\/wp-content\\\/uploads\\\/2024\\\/04\\\/Doda-Miranda-e-Dinozo-un-Prince-campeao-do-GP-Internacional-de-Curitiba-em-2023-Grace-Cambraia-Medio.jpg\",\"datePublished\":\"2024-04-26T17:33:29+00:00\",\"dateModified\":\"2024-04-26T17:33:33+00:00\",\"description\":\"O Concurso de Salto Internacional e Nacional na Sociedade H\u00edpica Paranaense come\u00e7ou nessa quarta-feira, 24, e segue at\u00e9 domingo, 28\\\/4.\",\"breadcrumb\":{\"@id\":\"https:\\\/\\\/clubedohipismo.com.br\\\/home\\\/2024\\\/04\\\/26\\\/hipismo-salto-curitiba\\\/#breadcrumb\"},\"inLanguage\":\"pt-BR\",\"potentialAction\":[{\"@type\":\"ReadAction\",\"target\":[\"https:\\\/\\\/clubedohipismo.com.br\\\/home\\\/2024\\\/04\\\/26\\\/hipismo-salto-curitiba\\\/\"]}]},{\"@type\":\"ImageObject\",\"inLanguage\":\"pt-BR\",\"@id\":\"https:\\\/\\\/clubedohipismo.com.br\\\/home\\\/2024\\\/04\\\/26\\\/hipismo-salto-curitiba\\\/#primaryimage\",\"url\":\"https:\\\/\\\/clubedohipismo.com.br\\\/home\\\/wp-content\\\/uploads\\\/2024\\\/04\\\/Doda-Miranda-e-Dinozo-un-Prince-campeao-do-GP-Internacional-de-Curitiba-em-2023-Grace-Cambraia-Medio.jpg\",\"contentUrl\":\"https:\\\/\\\/clubedohipismo.com.br\\\/home\\\/wp-content\\\/uploads\\\/2024\\\/04\\\/Doda-Miranda-e-Dinozo-un-Prince-campeao-do-GP-Internacional-de-Curitiba-em-2023-Grace-Cambraia-Medio.jpg\",\"width\":1152,\"height\":768,\"caption\":\"Doda Miranda e Dinozo un Prince campe\u00e3o do GP Internacional de Curitiba em 2023 (Grace Cambraia) (M\u00e9dio)\"},{\"@type\":\"BreadcrumbList\",\"@id\":\"https:\\\/\\\/clubedohipismo.com.br\\\/home\\\/2024\\\/04\\\/26\\\/hipismo-salto-curitiba\\\/#breadcrumb\",\"itemListElement\":[{\"@type\":\"ListItem\",\"position\":1,\"name\":\"In\u00edcio\",\"item\":\"https:\\\/\\\/clubedohipismo.com.br\\\/home\\\/\"},{\"@type\":\"ListItem\",\"position\":2,\"name\":\"Curitiba recebe a fam\u00edlia do hipismo e \u00faltima observat\u00f3ria ol\u00edmpica em solo nacional essa semana\"}]},{\"@type\":\"WebSite\",\"@id\":\"https:\\\/\\\/clubedohipismo.com.br\\\/home\\\/#website\",\"url\":\"https:\\\/\\\/clubedohipismo.com.br\\\/home\\\/\",\"name\":\"Clube do Hipismo\",\"description\":\"Not\u00edcias do mundo do cavalo\",\"publisher\":{\"@id\":\"https:\\\/\\\/clubedohipismo.com.br\\\/home\\\/#organization\"},\"potentialAction\":[{\"@type\":\"SearchAction\",\"target\":{\"@type\":\"EntryPoint\",\"urlTemplate\":\"https:\\\/\\\/clubedohipismo.com.br\\\/home\\\/?s={search_term_string}\"},\"query-input\":{\"@type\":\"PropertyValueSpecification\",\"valueRequired\":true,\"valueName\":\"search_term_string\"}}],\"inLanguage\":\"pt-BR\"},{\"@type\":\"Organization\",\"@id\":\"https:\\\/\\\/clubedohipismo.com.br\\\/home\\\/#organization\",\"name\":\"Clube do Hipismo\",\"url\":\"https:\\\/\\\/clubedohipismo.com.br\\\/home\\\/\",\"logo\":{\"@type\":\"ImageObject\",\"inLanguage\":\"pt-BR\",\"@id\":\"https:\\\/\\\/clubedohipismo.com.br\\\/home\\\/#\\\/schema\\\/logo\\\/image\\\/\",\"url\":\"https:\\\/\\\/clubedohipismo.com.br\\\/home\\\/wp-content\\\/uploads\\\/2018\\\/03\\\/clube-ch-dourado-wp-logo.png\",\"contentUrl\":\"https:\\\/\\\/clubedohipismo.com.br\\\/home\\\/wp-content\\\/uploads\\\/2018\\\/03\\\/clube-ch-dourado-wp-logo.png\",\"width\":512,\"height\":512,\"caption\":\"Clube do Hipismo\"},\"image\":{\"@id\":\"https:\\\/\\\/clubedohipismo.com.br\\\/home\\\/#\\\/schema\\\/logo\\\/image\\\/\"}},{\"@type\":\"Person\",\"@id\":\"https:\\\/\\\/clubedohipismo.com.br\\\/home\\\/#\\\/schema\\\/person\\\/02a1be4ce15daab4ed7b2fd71bf47143\",\"name\":\"Marco Vidal\",\"url\":\"https:\\\/\\\/clubedohipismo.com.br\\\/home\\\/author\\\/vergano\\\/\"}]}<\/script>\n<!-- \/ Yoast SEO plugin. -->","yoast_head_json":{"title":"Curitiba recebe a fam\u00edlia do hipismo e \u00faltima observat\u00f3ria ol\u00edmpica em solo nacional essa semana - Clube do Hipismo","description":"O Concurso de Salto Internacional e Nacional na Sociedade H\u00edpica Paranaense come\u00e7ou nessa quarta-feira, 24, e segue at\u00e9 domingo, 28\/4.","robots":{"index":"index","follow":"follow","max-snippet":"max-snippet:-1","max-image-preview":"max-image-preview:large","max-video-preview":"max-video-preview:-1"},"canonical":"https:\/\/clubedohipismo.com.br\/home\/2024\/04\/26\/hipismo-salto-curitiba\/","og_locale":"pt_BR","og_type":"article","og_title":"Curitiba recebe a fam\u00edlia do hipismo e \u00faltima observat\u00f3ria ol\u00edmpica em solo nacional essa semana - Clube do Hipismo","og_description":"O Concurso de Salto Internacional e Nacional na Sociedade H\u00edpica Paranaense come\u00e7ou nessa quarta-feira, 24, e segue at\u00e9 domingo, 28\/4.","og_url":"https:\/\/clubedohipismo.com.br\/home\/2024\/04\/26\/hipismo-salto-curitiba\/","og_site_name":"Clube do Hipismo","article_published_time":"2024-04-26T17:33:29+00:00","article_modified_time":"2024-04-26T17:33:33+00:00","og_image":[{"width":1152,"height":768,"url":"https:\/\/clubedohipismo.com.br\/home\/wp-content\/uploads\/2024\/04\/Doda-Miranda-e-Dinozo-un-Prince-campeao-do-GP-Internacional-de-Curitiba-em-2023-Grace-Cambraia-Medio.jpg","type":"image\/jpeg"}],"author":"Marco Vidal","twitter_card":"summary_large_image","twitter_misc":{"Escrito por":"Marco Vidal","Est. tempo de leitura":"3 minutos"},"schema":{"@context":"https:\/\/schema.org","@graph":[{"@type":"Article","@id":"https:\/\/clubedohipismo.com.br\/home\/2024\/04\/26\/hipismo-salto-curitiba\/#article","isPartOf":{"@id":"https:\/\/clubedohipismo.com.br\/home\/2024\/04\/26\/hipismo-salto-curitiba\/"},"author":{"name":"Marco Vidal","@id":"https:\/\/clubedohipismo.com.br\/home\/#\/schema\/person\/02a1be4ce15daab4ed7b2fd71bf47143"},"headline":"Curitiba recebe a fam\u00edlia do hipismo e \u00faltima observat\u00f3ria ol\u00edmpica em solo nacional essa semana","datePublished":"2024-04-26T17:33:29+00:00","dateModified":"2024-04-26T17:33:33+00:00","mainEntityOfPage":{"@id":"https:\/\/clubedohipismo.com.br\/home\/2024\/04\/26\/hipismo-salto-curitiba\/"},"wordCount":694,"publisher":{"@id":"https:\/\/clubedohipismo.com.br\/home\/#organization"},"image":{"@id":"https:\/\/clubedohipismo.com.br\/home\/2024\/04\/26\/hipismo-salto-curitiba\/#primaryimage"},"thumbnailUrl":"https:\/\/clubedohipismo.com.br\/home\/wp-content\/uploads\/2024\/04\/Doda-Miranda-e-Dinozo-un-Prince-campeao-do-GP-Internacional-de-Curitiba-em-2023-Grace-Cambraia-Medio.jpg","keywords":["Curitiba","hipismo","salto"],"articleSection":["Hipismo","Pr\u00f3ximos Eventos"],"inLanguage":"pt-BR"},{"@type":"WebPage","@id":"https:\/\/clubedohipismo.com.br\/home\/2024\/04\/26\/hipismo-salto-curitiba\/","url":"https:\/\/clubedohipismo.com.br\/home\/2024\/04\/26\/hipismo-salto-curitiba\/","name":"Curitiba recebe a fam\u00edlia do hipismo e \u00faltima observat\u00f3ria ol\u00edmpica em solo nacional essa semana - Clube do Hipismo","isPartOf":{"@id":"https:\/\/clubedohipismo.com.br\/home\/#website"},"primaryImageOfPage":{"@id":"https:\/\/clubedohipismo.com.br\/home\/2024\/04\/26\/hipismo-salto-curitiba\/#primaryimage"},"image":{"@id":"https:\/\/clubedohipismo.com.br\/home\/2024\/04\/26\/hipismo-salto-curitiba\/#primaryimage"},"thumbnailUrl":"https:\/\/clubedohipismo.com.br\/home\/wp-content\/uploads\/2024\/04\/Doda-Miranda-e-Dinozo-un-Prince-campeao-do-GP-Internacional-de-Curitiba-em-2023-Grace-Cambraia-Medio.jpg","datePublished":"2024-04-26T17:33:29+00:00","dateModified":"2024-04-26T17:33:33+00:00","description":"O Concurso de Salto Internacional e Nacional na Sociedade H\u00edpica Paranaense come\u00e7ou nessa quarta-feira, 24, e segue at\u00e9 domingo, 28\/4.","breadcrumb":{"@id":"https:\/\/clubedohipismo.com.br\/home\/2024\/04\/26\/hipismo-salto-curitiba\/#breadcrumb"},"inLanguage":"pt-BR","potentialAction":[{"@type":"ReadAction","target":["https:\/\/clubedohipismo.com.br\/home\/2024\/04\/26\/hipismo-salto-curitiba\/"]}]},{"@type":"ImageObject","inLanguage":"pt-BR","@id":"https:\/\/clubedohipismo.com.br\/home\/2024\/04\/26\/hipismo-salto-curitiba\/#primaryimage","url":"https:\/\/clubedohipismo.com.br\/home\/wp-content\/uploads\/2024\/04\/Doda-Miranda-e-Dinozo-un-Prince-campeao-do-GP-Internacional-de-Curitiba-em-2023-Grace-Cambraia-Medio.jpg","contentUrl":"https:\/\/clubedohipismo.com.br\/home\/wp-content\/uploads\/2024\/04\/Doda-Miranda-e-Dinozo-un-Prince-campeao-do-GP-Internacional-de-Curitiba-em-2023-Grace-Cambraia-Medio.jpg","width":1152,"height":768,"caption":"Doda Miranda e Dinozo un Prince campe\u00e3o do GP Internacional de Curitiba em 2023 (Grace Cambraia) (M\u00e9dio)"},{"@type":"BreadcrumbList","@id":"https:\/\/clubedohipismo.com.br\/home\/2024\/04\/26\/hipismo-salto-curitiba\/#breadcrumb","itemListElement":[{"@type":"ListItem","position":1,"name":"In\u00edcio","item":"https:\/\/clubedohipismo.com.br\/home\/"},{"@type":"ListItem","position":2,"name":"Curitiba recebe a fam\u00edlia do hipismo e \u00faltima observat\u00f3ria ol\u00edmpica em solo nacional essa semana"}]},{"@type":"WebSite","@id":"https:\/\/clubedohipismo.com.br\/home\/#website","url":"https:\/\/clubedohipismo.com.br\/home\/","name":"Clube do Hipismo","description":"Not\u00edcias do mundo do cavalo","publisher":{"@id":"https:\/\/clubedohipismo.com.br\/home\/#organization"},"potentialAction":[{"@type":"SearchAction","target":{"@type":"EntryPoint","urlTemplate":"https:\/\/clubedohipismo.com.br\/home\/?s={search_term_string}"},"query-input":{"@type":"PropertyValueSpecification","valueRequired":true,"valueName":"search_term_string"}}],"inLanguage":"pt-BR"},{"@type":"Organization","@id":"https:\/\/clubedohipismo.com.br\/home\/#organization","name":"Clube do Hipismo","url":"https:\/\/clubedohipismo.com.br\/home\/","logo":{"@type":"ImageObject","inLanguage":"pt-BR","@id":"https:\/\/clubedohipismo.com.br\/home\/#\/schema\/logo\/image\/","url":"https:\/\/clubedohipismo.com.br\/home\/wp-content\/uploads\/2018\/03\/clube-ch-dourado-wp-logo.png","contentUrl":"https:\/\/clubedohipismo.com.br\/home\/wp-content\/uploads\/2018\/03\/clube-ch-dourado-wp-logo.png","width":512,"height":512,"caption":"Clube do Hipismo"},"image":{"@id":"https:\/\/clubedohipismo.com.br\/home\/#\/schema\/logo\/image\/"}},{"@type":"Person","@id":"https:\/\/clubedohipismo.com.br\/home\/#\/schema\/person\/02a1be4ce15daab4ed7b2fd71bf47143","name":"Marco Vidal","url":"https:\/\/clubedohipismo.com.br\/home\/author\/vergano\/"}]}},"rttpg_featured_image_url":{"full":["https:\/\/clubedohipismo.com.br\/home\/wp-content\/uploads\/2024\/04\/Doda-Miranda-e-Dinozo-un-Prince-campeao-do-GP-Internacional-de-Curitiba-em-2023-Grace-Cambraia-Medio.jpg",1152,768,false],"landscape":["https:\/\/clubedohipismo.com.br\/home\/wp-content\/uploads\/2024\/04\/Doda-Miranda-e-Dinozo-un-Prince-campeao-do-GP-Internacional-de-Curitiba-em-2023-Grace-Cambraia-Medio.jpg",1152,768,false],"portraits":["https:\/\/clubedohipismo.com.br\/home\/wp-content\/uploads\/2024\/04\/Doda-Miranda-e-Dinozo-un-Prince-campeao-do-GP-Internacional-de-Curitiba-em-2023-Grace-Cambraia-Medio.jpg",1152,768,false],"thumbnail":["https:\/\/clubedohipismo.com.br\/home\/wp-content\/uploads\/2024\/04\/Doda-Miranda-e-Dinozo-un-Prince-campeao-do-GP-Internacional-de-Curitiba-em-2023-Grace-Cambraia-Medio-150x150.jpg",150,150,true],"medium":["https:\/\/clubedohipismo.com.br\/home\/wp-content\/uploads\/2024\/04\/Doda-Miranda-e-Dinozo-un-Prince-campeao-do-GP-Internacional-de-Curitiba-em-2023-Grace-Cambraia-Medio-300x200.jpg",300,200,true],"large":["https:\/\/clubedohipismo.com.br\/home\/wp-content\/uploads\/2024\/04\/Doda-Miranda-e-Dinozo-un-Prince-campeao-do-GP-Internacional-de-Curitiba-em-2023-Grace-Cambraia-Medio-1024x683.jpg",1024,683,true],"1536x1536":["https:\/\/clubedohipismo.com.br\/home\/wp-content\/uploads\/2024\/04\/Doda-Miranda-e-Dinozo-un-Prince-campeao-do-GP-Internacional-de-Curitiba-em-2023-Grace-Cambraia-Medio.jpg",1152,768,false],"2048x2048":["https:\/\/clubedohipismo.com.br\/home\/wp-content\/uploads\/2024\/04\/Doda-Miranda-e-Dinozo-un-Prince-campeao-do-GP-Internacional-de-Curitiba-em-2023-Grace-Cambraia-Medio.jpg",1152,768,false],"post-thumbnail":["https:\/\/clubedohipismo.com.br\/home\/wp-content\/uploads\/2024\/04\/Doda-Miranda-e-Dinozo-un-Prince-campeao-do-GP-Internacional-de-Curitiba-em-2023-Grace-Cambraia-Medio.jpg",399,266,false],"anima-featured":["https:\/\/clubedohipismo.com.br\/home\/wp-content\/uploads\/2024\/04\/Doda-Miranda-e-Dinozo-un-Prince-campeao-do-GP-Internacional-de-Curitiba-em-2023-Grace-Cambraia-Medio.jpg",399,266,false],"anima-featured-lp":["https:\/\/clubedohipismo.com.br\/home\/wp-content\/uploads\/2024\/04\/Doda-Miranda-e-Dinozo-un-Prince-campeao-do-GP-Internacional-de-Curitiba-em-2023-Grace-Cambraia-Medio.jpg",450,300,false],"anima-featured-half":["https:\/\/clubedohipismo.com.br\/home\/wp-content\/uploads\/2024\/04\/Doda-Miranda-e-Dinozo-un-Prince-campeao-do-GP-Internacional-de-Curitiba-em-2023-Grace-Cambraia-Medio.jpg",450,300,false],"anima-featured-third":["https:\/\/clubedohipismo.com.br\/home\/wp-content\/uploads\/2024\/04\/Doda-Miranda-e-Dinozo-un-Prince-campeao-do-GP-Internacional-de-Curitiba-em-2023-Grace-Cambraia-Medio.jpg",450,300,false],"anima-lpbox-1":["https:\/\/clubedohipismo.com.br\/home\/wp-content\/uploads\/2024\/04\/Doda-Miranda-e-Dinozo-un-Prince-campeao-do-GP-Internacional-de-Curitiba-em-2023-Grace-Cambraia-Medio.jpg",300,200,false],"anima-lpbox-2":["https:\/\/clubedohipismo.com.br\/home\/wp-content\/uploads\/2024\/04\/Doda-Miranda-e-Dinozo-un-Prince-campeao-do-GP-Internacional-de-Curitiba-em-2023-Grace-Cambraia-Medio.jpg",397,265,false]},"rttpg_author":{"display_name":"Marco Vidal","author_link":"https:\/\/clubedohipismo.com.br\/home\/author\/vergano\/"},"rttpg_comment":0,"rttpg_category":"<a href=\"https:\/\/clubedohipismo.com.br\/home\/category\/artigos\/hipismo\/\" rel=\"category tag\">Hipismo<\/a> <a href=\"https:\/\/clubedohipismo.com.br\/home\/category\/artigos\/eventos-hipismo-equestre-cavalo\/\" rel=\"category tag\">Pr\u00f3ximos Eventos<\/a>","rttpg_excerpt":"O Concurso de Salto Internacional e Nacional na Sociedade H\u00edpica Paranaense come\u00e7ou nessa quarta-feira, 24, e segue at\u00e9 domingo, 28\/4.","_links":{"self":[{"href":"https:\/\/clubedohipismo.com.br\/home\/wp-json\/wp\/v2\/posts\/26572","targetHints":{"allow":["GET"]}}],"collection":[{"href":"https:\/\/clubedohipismo.com.br\/home\/wp-json\/wp\/v2\/posts"}],"about":[{"href":"https:\/\/clubedohipismo.com.br\/home\/wp-json\/wp\/v2\/types\/post"}],"author":[{"embeddable":true,"href":"https:\/\/clubedohipismo.com.br\/home\/wp-json\/wp\/v2\/users\/2"}],"replies":[{"embeddable":true,"href":"https:\/\/clubedohipismo.com.br\/home\/wp-json\/wp\/v2\/comments?post=26572"}],"version-history":[{"count":0,"href":"https:\/\/clubedohipismo.com.br\/home\/wp-json\/wp\/v2\/posts\/26572\/revisions"}],"wp:featuredmedia":[{"embeddable":true,"href":"https:\/\/clubedohipismo.com.br\/home\/wp-json\/wp\/v2\/media\/26573"}],"wp:attachment":[{"href":"https:\/\/clubedohipismo.com.br\/home\/wp-json\/wp\/v2\/media?parent=26572"}],"wp:term":[{"taxonomy":"category","embeddable":true,"href":"https:\/\/clubedohipismo.com.br\/home\/wp-json\/wp\/v2\/categories?post=26572"},{"taxonomy":"post_tag","embeddable":true,"href":"https:\/\/clubedohipismo.com.br\/home\/wp-json\/wp\/v2\/tags?post=26572"}],"curies":[{"name":"wp","href":"https:\/\/api.w.org\/{rel}","templated":true}]}}