{"id":26450,"date":"2024-02-23T12:00:27","date_gmt":"2024-02-23T15:00:27","guid":{"rendered":"https:\/\/clubedohipismo.com.br\/home\/?p=26450"},"modified":"2024-02-23T12:00:31","modified_gmt":"2024-02-23T15:00:31","slug":"hipismo-adestramento-shp","status":"publish","type":"post","link":"https:\/\/clubedohipismo.com.br\/home\/2024\/02\/23\/hipismo-adestramento-shp\/","title":{"rendered":"Tudo pronto para o primeiro Internacional e Nacional de Adestramento do ano na H\u00edpica Paulista"},"content":{"rendered":"<div id=\"clube-403523481\" class=\"clube-amp clube-entity-placement\" style=\"margin-left: auto;margin-right: auto;text-align: center;\"><script async src=\"\/\/pagead2.googlesyndication.com\/pagead\/js\/adsbygoogle.js?client=ca-pub-6364990823171596\" crossorigin=\"anonymous\"><\/script><ins class=\"adsbygoogle\" style=\"display:block;\" data-ad-client=\"ca-pub-6364990823171596\" \ndata-ad-slot=\"\" \ndata-ad-format=\"auto\"><\/ins>\n<script> \n(adsbygoogle = window.adsbygoogle || []).push({}); \n<\/script>\n<\/div>\n<h4>Come\u00e7a nessa sexta-feira, 23, e segue at\u00e9 domingo, 25\/2, o 1\u00ba Internacional de Nacional de Adestramento da temporada na Sociedade H\u00edpica Paulista. Est\u00e3o frente ao julgamento da s\u00e9rie Internacional com chamada de 3*,2* e 1* os ju\u00edzes Claudia Mesquita, presidente, Natasha Waddell, Marcio Camargo, todos do Brasil, o argentino Cesar Lopardo, Omar Zayrik do M\u00e9xico, e o renomado franc\u00eas Jean-Michel Roudier, ju\u00edz ol\u00edmpico 5*. A s\u00e9rie Nacional tem o mesmo quadro de ju\u00edzes complementado em esquema de rod\u00edzio com Lindinha Macedo e Andr\u00e9 Ganc.<\/h4>\n\n\n\n<!--more-->\n\n\n\n<p>Uma das novidades na temporada 2024 \u00e9 que as s\u00e9ries para Cavalos Novos, antes realizadas junto \u00e0 programa\u00e7\u00e3o nacional, passam a fazer parte da s\u00e9rie Internacional, visando a possibilidade de qualifica\u00e7\u00e3o para o Mundial de Cavalos Novos de 5, 6 e 7 anos promovido a cada ano. Confira as regras de qualifica\u00e7\u00e3o<\/p>\n<p>Largam na s\u00e9rie Big Tour (GP e GP Special) Victor Trielli Avila, campe\u00e3o brasileiro senior top 2023, medalha de prata e ouro por equipes no Sul-americano 2022, entre outros t\u00edtulos, com Gabarito HI. Tamb\u00e9m estar\u00e1 a postos Fernando Alencar Nunes Rolim com El Sent Global Equus.<\/p>\n<p>Na Small Tour (St Georges e Intermediate I) largaram Sergio Fiori e Milord AMM, Jeferson Rodrigo Avila com Goya Crystal, Victor Trielli Avila e Lobo da Sasa JE, Frederico Correa Mandrot com Maraja da Sasa JE e Carlos Vicente Pereira Cardoso montando Maraja da Sasa JE. Enquanto o cavaleiro portugu\u00eas Cesar Marques compete no Internacional de Cavalos Novos montando Sotw Oxidado do Castanheiro (6 anos) e Cesar Marques montando Nagoh Cap OA (7 anos). J\u00e1 a jovem amazona Charlotte Hering Germsheid com Handicap da Sasa larga no Internacional para Juniores.<\/p>\n<figure id=\"attachment_26451\" aria-describedby=\"caption-attachment-26451\" style=\"width: 300px\" class=\"wp-caption alignright\"><a href=\"https:\/\/clubedohipismo.com.br\/home\/wp-content\/uploads\/2024\/02\/Victor-Trieli-Avila-com-Corsario-IGS-vai-competir-na-qualificativa-olimpica-C.-May-Medio.jpg\"><img  title=\"\" fetchpriority=\"high\" decoding=\"async\" class=\"size-medium wp-image-26451\" src=\"https:\/\/clubedohipismo.com.br\/home\/wp-content\/uploads\/2024\/02\/Victor-Trieli-Avila-com-Corsario-IGS-vai-competir-na-qualificativa-olimpica-C.-May-Medio-300x200.jpg\"  alt=\"Victor-Trieli-Avila-com-Corsario-IGS-vai-competir-na-qualificativa-olimpica-C.-May-Medio-300x200 Tudo pronto para o primeiro Internacional e Nacional de Adestramento do ano na H\u00edpica Paulista\"  width=\"300\" height=\"200\" srcset=\"https:\/\/clubedohipismo.com.br\/home\/wp-content\/uploads\/2024\/02\/Victor-Trieli-Avila-com-Corsario-IGS-vai-competir-na-qualificativa-olimpica-C.-May-Medio-300x200.jpg 300w, https:\/\/clubedohipismo.com.br\/home\/wp-content\/uploads\/2024\/02\/Victor-Trieli-Avila-com-Corsario-IGS-vai-competir-na-qualificativa-olimpica-C.-May-Medio-1024x683.jpg 1024w, https:\/\/clubedohipismo.com.br\/home\/wp-content\/uploads\/2024\/02\/Victor-Trieli-Avila-com-Corsario-IGS-vai-competir-na-qualificativa-olimpica-C.-May-Medio-768x512.jpg 768w, https:\/\/clubedohipismo.com.br\/home\/wp-content\/uploads\/2024\/02\/Victor-Trieli-Avila-com-Corsario-IGS-vai-competir-na-qualificativa-olimpica-C.-May-Medio.jpg 1152w\" sizes=\"(max-width: 300px) 100vw, 300px\" \/><\/a><figcaption id=\"caption-attachment-26451\" class=\"wp-caption-text\">Victor Trieli Avila com Corsario IGS vai competir na qualificativa ol\u00edmpica (C. May) (M\u00e9dio)<\/figcaption><\/figure>\n<p><strong>Regras de qualifica\u00e7\u00e3o para Paris 2024<\/strong><\/p>\n<p>Ap\u00f3s n\u00e3o qualificar tr\u00eas conjuntos com o m\u00ednimo de dois \u00edndices t\u00e9cnicos para manter a vaga por equipes conquistada no Pan 2023, o Brasil passou a ter direito a um representante individual em Paris 2024 ser\u00e1 definido pela Confedera\u00e7\u00e3o Brasileira de Hipismo (CBH) at\u00e9 o dia 15 de junho. Todos os participantes devem obrigatoriamente competir em um m\u00ednimo de dois oncursos Internacionais de Adestramento (CDIs) completos (3*\/4*\/5*) durante o per\u00edodo de sele\u00e7\u00e3o.<\/p>\n<p>Nestes CDIs \u00e9 necess\u00e1rio que o conjunto se apresente tanto no Grande Pr\u00eamio (GP) quanto no Grande Pr\u00eamio Especial (GPS). A m\u00e9dia dos percentuais finais obtidos nestas provas ser\u00e1 considerada para cada CDI.<\/p>\n<p>Al\u00e9m de no m\u00ednimo dois concursos, o conjunto ter\u00e1 a op\u00e7\u00e3o de participar, no mesmo per\u00edodo, de outros CDIs (3*\/4*\/5*\/ W), onde poder\u00e1 escolher entre se apresentar no GP e no GPS ou no GP e no Grande Pr\u00eamio Freestyle (GPF). No caso de GP e GPs ser\u00e1 considerado o resultado final do GP em pontos percentuais.<\/p>\n<p>O processo de sele\u00e7\u00e3o ocorre no per\u00edodo de 1 de janeiro de 2024 a 3 de junho de 2024. Todos os cavalos participantes est\u00e3o sujeitos a avalia\u00e7\u00e3o veterin\u00e1ria realizada por um veterin\u00e1rio designado pela Confedera\u00e7\u00e3o Brasileira de Hipismo (CBH).<br \/>Tendo sido cumpridas as exig\u00eancias ser\u00e3o selecionados 3 conjuntos para uma \u201cshort list\u201d.<\/p>\n<p>O conjunto que representar\u00e1 o Brasil nos Jogos Ol\u00edmpico de Paris ser\u00e1 definido pela comiss\u00e3o t\u00e9cnica da CBH auxiliada pelos atletas do adestramento da comiss\u00e3o de atletas eleita. Esse nome deve ser divulgado at\u00e9 dia 15 de junho.<\/p>\n<p><a href=\"https:\/\/click.presskit.com.br\/url\/9989435c03\/5556457745e\">Ordens de Entrada e Resultados e Transmiss\u00e3o ao vivo<\/a><\/p>\n<p>\u00a0<\/p>\n<h5>Colabora\u00e7\u00e3o: Carola May<\/h5>\n\n\n\n<blockquote>\n<h5 class=\"wp-block-quote has-text-align-center is-style-default has-text-color has-link-color has-small-font-size\" style=\"color: #2f731e;\"><span style=\"font-family: verdana, geneva, sans-serif;\"><cite><em>Clube do Hipismo \u00e9 uma publica\u00e7\u00e3o focada em esportes equestres e no mundo do cavalo.<br \/>Foi criado em 2007 por pura divers\u00e3o, mas se tornou uma paix\u00e3o para seus fundadores.<\/em><\/cite><\/span><\/h5>\n<\/blockquote>\n<p>Views: 58<\/p><div class=\"clube-centro clube-entity-placement\" style=\"text-align: center;\" id=\"clube-3359497\"><div id=\"clube-3237133093\" style=\"margin-top: 2px;margin-right: 2px;margin-bottom: 2px;margin-left: 2px;float: right;\"><a href=\"http:\/\/arybotas.com.br\/\" target=\"_blank\" aria-label=\"Banner AryBotas p\"><img src=\"https:\/\/clubedohipismo.com.br\/home\/wp-content\/uploads\/2018\/11\/Banner-AryBotas-p.png\" alt=\"\"  width=\"120\" height=\"120\"   \/><\/a><\/div><div id=\"clube-2834911693\" style=\"margin-top: 2px;margin-right: 2px;margin-bottom: 2px;margin-left: 2px;float: right;\"><a href=\"https:\/\/harasfunchal.com.br\/\" target=\"_blank\" aria-label=\"Onde hospedar (estabular) seu cavalo\"><img src=\"https:\/\/clubedohipismo.com.br\/home\/wp-content\/uploads\/2018\/11\/Banner-Funchal-p.png\" alt=\"Onde hospedar (estabular) seu cavalo\"  width=\"120\" height=\"120\"   \/><\/a><\/div><div id=\"clube-2879857139\" style=\"margin-top: 2px;margin-right: 2px;margin-bottom: 2px;margin-left: 2px;float: right;\"><a href=\"https:\/\/aulasdeequitacao.com.br\/home\/\" target=\"_blank\" aria-label=\"Banner Thaty Aulas new p\"><img src=\"https:\/\/clubedohipismo.com.br\/home\/wp-content\/uploads\/2018\/11\/Banner-Thaty-Aulas-new-p.png\" alt=\"\"  width=\"120\" height=\"120\"   \/><\/a><\/div><div id=\"clube-3315302553\" style=\"margin-top: 2px;margin-right: 2px;margin-bottom: 2px;margin-left: 2px;float: right;\"><a href=\"https:\/\/www.ev.bemav.com.br\/\" target=\"_blank\" aria-label=\"EV\"><img src=\"https:\/\/clubedohipismo.com.br\/home\/wp-content\/uploads\/2018\/12\/EV.png\" alt=\"\"  width=\"120\" height=\"120\"   \/><\/a><\/div><div id=\"clube-2417915623\" style=\"margin-top: 2px;margin-right: 2px;margin-bottom: 2px;margin-left: 2px;float: right;\"><a href=\"https:\/\/mav.tec.br\/kyc\/\" target=\"_blank\" aria-label=\"kyc banner clube\"><img src=\"https:\/\/clubedohipismo.com.br\/home\/wp-content\/uploads\/2018\/12\/kyc-banner-clube.png\" alt=\"\"  width=\"120\" height=\"120\"   \/><\/a><\/div><\/div>","protected":false},"excerpt":{"rendered":"<p>Come\u00e7a nessa sexta-feira, 23, e segue at\u00e9 domingo, 25\/2, o 1\u00ba Internacional de Nacional de Adestramento da temporada na Sociedade H\u00edpica Paulista. <\/p>\n","protected":false},"author":2,"featured_media":26451,"comment_status":"closed","ping_status":"closed","sticky":false,"template":"","format":"standard","meta":{"sfsi_plus_gutenberg_text_before_share":"","sfsi_plus_gutenberg_show_text_before_share":"","sfsi_plus_gutenberg_icon_type":"","sfsi_plus_gutenberg_icon_alignemt":"","sfsi_plus_gutenburg_max_per_row":"","footnotes":""},"categories":[15,22],"tags":[41,16,59],"class_list":["post-26450","post","type-post","status-publish","format-standard","has-post-thumbnail","hentry","category-hipismo","category-eventos-hipismo-equestre-cavalo","tag-adestramento","tag-hipismo","tag-shp"],"yoast_head":"<!-- This site is optimized with the Yoast SEO plugin v27.5 - https:\/\/yoast.com\/product\/yoast-seo-wordpress\/ -->\n<title>Tudo pronto para o primeiro Internacional e Nacional de Adestramento do ano na H\u00edpica Paulista - Clube do Hipismo<\/title>\n<meta name=\"description\" content=\"Come\u00e7a nessa sexta-feira, 23, e segue at\u00e9 domingo, 25\/2, o 1\u00ba Internacional de Nacional de Adestramento da temporada na Sociedade H\u00edpica Paulista.\" \/>\n<meta name=\"robots\" content=\"index, follow, max-snippet:-1, max-image-preview:large, max-video-preview:-1\" \/>\n<link rel=\"canonical\" href=\"https:\/\/clubedohipismo.com.br\/home\/2024\/02\/23\/hipismo-adestramento-shp\/\" \/>\n<meta property=\"og:locale\" content=\"pt_BR\" \/>\n<meta property=\"og:type\" content=\"article\" \/>\n<meta property=\"og:title\" content=\"Tudo pronto para o primeiro Internacional e Nacional de Adestramento do ano na H\u00edpica Paulista - Clube do Hipismo\" \/>\n<meta property=\"og:description\" content=\"Come\u00e7a nessa sexta-feira, 23, e segue at\u00e9 domingo, 25\/2, o 1\u00ba Internacional de Nacional de Adestramento da temporada na Sociedade H\u00edpica Paulista.\" \/>\n<meta property=\"og:url\" content=\"https:\/\/clubedohipismo.com.br\/home\/2024\/02\/23\/hipismo-adestramento-shp\/\" \/>\n<meta property=\"og:site_name\" content=\"Clube do Hipismo\" \/>\n<meta property=\"article:published_time\" content=\"2024-02-23T15:00:27+00:00\" \/>\n<meta property=\"article:modified_time\" content=\"2024-02-23T15:00:31+00:00\" \/>\n<meta property=\"og:image\" content=\"https:\/\/clubedohipismo.com.br\/home\/wp-content\/uploads\/2024\/02\/Victor-Trieli-Avila-com-Corsario-IGS-vai-competir-na-qualificativa-olimpica-C.-May-Medio.jpg\" \/>\n\t<meta property=\"og:image:width\" content=\"1152\" \/>\n\t<meta property=\"og:image:height\" content=\"768\" \/>\n\t<meta property=\"og:image:type\" content=\"image\/jpeg\" \/>\n<meta name=\"author\" content=\"Marco Vidal\" \/>\n<meta name=\"twitter:card\" content=\"summary_large_image\" \/>\n<meta name=\"twitter:label1\" content=\"Escrito por\" \/>\n\t<meta name=\"twitter:data1\" content=\"Marco Vidal\" \/>\n\t<meta name=\"twitter:label2\" content=\"Est. tempo de leitura\" \/>\n\t<meta name=\"twitter:data2\" content=\"3 minutos\" \/>\n<script type=\"application\/ld+json\" class=\"yoast-schema-graph\">{\"@context\":\"https:\\\/\\\/schema.org\",\"@graph\":[{\"@type\":\"Article\",\"@id\":\"https:\\\/\\\/clubedohipismo.com.br\\\/home\\\/2024\\\/02\\\/23\\\/hipismo-adestramento-shp\\\/#article\",\"isPartOf\":{\"@id\":\"https:\\\/\\\/clubedohipismo.com.br\\\/home\\\/2024\\\/02\\\/23\\\/hipismo-adestramento-shp\\\/\"},\"author\":{\"name\":\"Marco Vidal\",\"@id\":\"https:\\\/\\\/clubedohipismo.com.br\\\/home\\\/#\\\/schema\\\/person\\\/02a1be4ce15daab4ed7b2fd71bf47143\"},\"headline\":\"Tudo pronto para o primeiro Internacional e Nacional de Adestramento do ano na H\u00edpica Paulista\",\"datePublished\":\"2024-02-23T15:00:27+00:00\",\"dateModified\":\"2024-02-23T15:00:31+00:00\",\"mainEntityOfPage\":{\"@id\":\"https:\\\/\\\/clubedohipismo.com.br\\\/home\\\/2024\\\/02\\\/23\\\/hipismo-adestramento-shp\\\/\"},\"wordCount\":608,\"publisher\":{\"@id\":\"https:\\\/\\\/clubedohipismo.com.br\\\/home\\\/#organization\"},\"image\":{\"@id\":\"https:\\\/\\\/clubedohipismo.com.br\\\/home\\\/2024\\\/02\\\/23\\\/hipismo-adestramento-shp\\\/#primaryimage\"},\"thumbnailUrl\":\"https:\\\/\\\/clubedohipismo.com.br\\\/home\\\/wp-content\\\/uploads\\\/2024\\\/02\\\/Victor-Trieli-Avila-com-Corsario-IGS-vai-competir-na-qualificativa-olimpica-C.-May-Medio.jpg\",\"keywords\":[\"Adestramento\",\"hipismo\",\"SHP\"],\"articleSection\":[\"Hipismo\",\"Pr\u00f3ximos Eventos\"],\"inLanguage\":\"pt-BR\"},{\"@type\":\"WebPage\",\"@id\":\"https:\\\/\\\/clubedohipismo.com.br\\\/home\\\/2024\\\/02\\\/23\\\/hipismo-adestramento-shp\\\/\",\"url\":\"https:\\\/\\\/clubedohipismo.com.br\\\/home\\\/2024\\\/02\\\/23\\\/hipismo-adestramento-shp\\\/\",\"name\":\"Tudo pronto para o primeiro Internacional e Nacional de Adestramento do ano na H\u00edpica Paulista - Clube do Hipismo\",\"isPartOf\":{\"@id\":\"https:\\\/\\\/clubedohipismo.com.br\\\/home\\\/#website\"},\"primaryImageOfPage\":{\"@id\":\"https:\\\/\\\/clubedohipismo.com.br\\\/home\\\/2024\\\/02\\\/23\\\/hipismo-adestramento-shp\\\/#primaryimage\"},\"image\":{\"@id\":\"https:\\\/\\\/clubedohipismo.com.br\\\/home\\\/2024\\\/02\\\/23\\\/hipismo-adestramento-shp\\\/#primaryimage\"},\"thumbnailUrl\":\"https:\\\/\\\/clubedohipismo.com.br\\\/home\\\/wp-content\\\/uploads\\\/2024\\\/02\\\/Victor-Trieli-Avila-com-Corsario-IGS-vai-competir-na-qualificativa-olimpica-C.-May-Medio.jpg\",\"datePublished\":\"2024-02-23T15:00:27+00:00\",\"dateModified\":\"2024-02-23T15:00:31+00:00\",\"description\":\"Come\u00e7a nessa sexta-feira, 23, e segue at\u00e9 domingo, 25\\\/2, o 1\u00ba Internacional de Nacional de Adestramento da temporada na Sociedade H\u00edpica Paulista.\",\"breadcrumb\":{\"@id\":\"https:\\\/\\\/clubedohipismo.com.br\\\/home\\\/2024\\\/02\\\/23\\\/hipismo-adestramento-shp\\\/#breadcrumb\"},\"inLanguage\":\"pt-BR\",\"potentialAction\":[{\"@type\":\"ReadAction\",\"target\":[\"https:\\\/\\\/clubedohipismo.com.br\\\/home\\\/2024\\\/02\\\/23\\\/hipismo-adestramento-shp\\\/\"]}]},{\"@type\":\"ImageObject\",\"inLanguage\":\"pt-BR\",\"@id\":\"https:\\\/\\\/clubedohipismo.com.br\\\/home\\\/2024\\\/02\\\/23\\\/hipismo-adestramento-shp\\\/#primaryimage\",\"url\":\"https:\\\/\\\/clubedohipismo.com.br\\\/home\\\/wp-content\\\/uploads\\\/2024\\\/02\\\/Victor-Trieli-Avila-com-Corsario-IGS-vai-competir-na-qualificativa-olimpica-C.-May-Medio.jpg\",\"contentUrl\":\"https:\\\/\\\/clubedohipismo.com.br\\\/home\\\/wp-content\\\/uploads\\\/2024\\\/02\\\/Victor-Trieli-Avila-com-Corsario-IGS-vai-competir-na-qualificativa-olimpica-C.-May-Medio.jpg\",\"width\":1152,\"height\":768,\"caption\":\"Victor Trieli Avila com Corsario IGS vai competir na qualificativa ol\u00edmpica (C. May) (M\u00e9dio)\"},{\"@type\":\"BreadcrumbList\",\"@id\":\"https:\\\/\\\/clubedohipismo.com.br\\\/home\\\/2024\\\/02\\\/23\\\/hipismo-adestramento-shp\\\/#breadcrumb\",\"itemListElement\":[{\"@type\":\"ListItem\",\"position\":1,\"name\":\"In\u00edcio\",\"item\":\"https:\\\/\\\/clubedohipismo.com.br\\\/home\\\/\"},{\"@type\":\"ListItem\",\"position\":2,\"name\":\"Tudo pronto para o primeiro Internacional e Nacional de Adestramento do ano na H\u00edpica Paulista\"}]},{\"@type\":\"WebSite\",\"@id\":\"https:\\\/\\\/clubedohipismo.com.br\\\/home\\\/#website\",\"url\":\"https:\\\/\\\/clubedohipismo.com.br\\\/home\\\/\",\"name\":\"Clube do Hipismo\",\"description\":\"Not\u00edcias do mundo do cavalo\",\"publisher\":{\"@id\":\"https:\\\/\\\/clubedohipismo.com.br\\\/home\\\/#organization\"},\"potentialAction\":[{\"@type\":\"SearchAction\",\"target\":{\"@type\":\"EntryPoint\",\"urlTemplate\":\"https:\\\/\\\/clubedohipismo.com.br\\\/home\\\/?s={search_term_string}\"},\"query-input\":{\"@type\":\"PropertyValueSpecification\",\"valueRequired\":true,\"valueName\":\"search_term_string\"}}],\"inLanguage\":\"pt-BR\"},{\"@type\":\"Organization\",\"@id\":\"https:\\\/\\\/clubedohipismo.com.br\\\/home\\\/#organization\",\"name\":\"Clube do Hipismo\",\"url\":\"https:\\\/\\\/clubedohipismo.com.br\\\/home\\\/\",\"logo\":{\"@type\":\"ImageObject\",\"inLanguage\":\"pt-BR\",\"@id\":\"https:\\\/\\\/clubedohipismo.com.br\\\/home\\\/#\\\/schema\\\/logo\\\/image\\\/\",\"url\":\"https:\\\/\\\/clubedohipismo.com.br\\\/home\\\/wp-content\\\/uploads\\\/2018\\\/03\\\/clube-ch-dourado-wp-logo.png\",\"contentUrl\":\"https:\\\/\\\/clubedohipismo.com.br\\\/home\\\/wp-content\\\/uploads\\\/2018\\\/03\\\/clube-ch-dourado-wp-logo.png\",\"width\":512,\"height\":512,\"caption\":\"Clube do Hipismo\"},\"image\":{\"@id\":\"https:\\\/\\\/clubedohipismo.com.br\\\/home\\\/#\\\/schema\\\/logo\\\/image\\\/\"}},{\"@type\":\"Person\",\"@id\":\"https:\\\/\\\/clubedohipismo.com.br\\\/home\\\/#\\\/schema\\\/person\\\/02a1be4ce15daab4ed7b2fd71bf47143\",\"name\":\"Marco Vidal\",\"url\":\"https:\\\/\\\/clubedohipismo.com.br\\\/home\\\/author\\\/vergano\\\/\"}]}<\/script>\n<!-- \/ Yoast SEO plugin. -->","yoast_head_json":{"title":"Tudo pronto para o primeiro Internacional e Nacional de Adestramento do ano na H\u00edpica Paulista - Clube do Hipismo","description":"Come\u00e7a nessa sexta-feira, 23, e segue at\u00e9 domingo, 25\/2, o 1\u00ba Internacional de Nacional de Adestramento da temporada na Sociedade H\u00edpica Paulista.","robots":{"index":"index","follow":"follow","max-snippet":"max-snippet:-1","max-image-preview":"max-image-preview:large","max-video-preview":"max-video-preview:-1"},"canonical":"https:\/\/clubedohipismo.com.br\/home\/2024\/02\/23\/hipismo-adestramento-shp\/","og_locale":"pt_BR","og_type":"article","og_title":"Tudo pronto para o primeiro Internacional e Nacional de Adestramento do ano na H\u00edpica Paulista - Clube do Hipismo","og_description":"Come\u00e7a nessa sexta-feira, 23, e segue at\u00e9 domingo, 25\/2, o 1\u00ba Internacional de Nacional de Adestramento da temporada na Sociedade H\u00edpica Paulista.","og_url":"https:\/\/clubedohipismo.com.br\/home\/2024\/02\/23\/hipismo-adestramento-shp\/","og_site_name":"Clube do Hipismo","article_published_time":"2024-02-23T15:00:27+00:00","article_modified_time":"2024-02-23T15:00:31+00:00","og_image":[{"width":1152,"height":768,"url":"https:\/\/clubedohipismo.com.br\/home\/wp-content\/uploads\/2024\/02\/Victor-Trieli-Avila-com-Corsario-IGS-vai-competir-na-qualificativa-olimpica-C.-May-Medio.jpg","type":"image\/jpeg"}],"author":"Marco Vidal","twitter_card":"summary_large_image","twitter_misc":{"Escrito por":"Marco Vidal","Est. tempo de leitura":"3 minutos"},"schema":{"@context":"https:\/\/schema.org","@graph":[{"@type":"Article","@id":"https:\/\/clubedohipismo.com.br\/home\/2024\/02\/23\/hipismo-adestramento-shp\/#article","isPartOf":{"@id":"https:\/\/clubedohipismo.com.br\/home\/2024\/02\/23\/hipismo-adestramento-shp\/"},"author":{"name":"Marco Vidal","@id":"https:\/\/clubedohipismo.com.br\/home\/#\/schema\/person\/02a1be4ce15daab4ed7b2fd71bf47143"},"headline":"Tudo pronto para o primeiro Internacional e Nacional de Adestramento do ano na H\u00edpica Paulista","datePublished":"2024-02-23T15:00:27+00:00","dateModified":"2024-02-23T15:00:31+00:00","mainEntityOfPage":{"@id":"https:\/\/clubedohipismo.com.br\/home\/2024\/02\/23\/hipismo-adestramento-shp\/"},"wordCount":608,"publisher":{"@id":"https:\/\/clubedohipismo.com.br\/home\/#organization"},"image":{"@id":"https:\/\/clubedohipismo.com.br\/home\/2024\/02\/23\/hipismo-adestramento-shp\/#primaryimage"},"thumbnailUrl":"https:\/\/clubedohipismo.com.br\/home\/wp-content\/uploads\/2024\/02\/Victor-Trieli-Avila-com-Corsario-IGS-vai-competir-na-qualificativa-olimpica-C.-May-Medio.jpg","keywords":["Adestramento","hipismo","SHP"],"articleSection":["Hipismo","Pr\u00f3ximos Eventos"],"inLanguage":"pt-BR"},{"@type":"WebPage","@id":"https:\/\/clubedohipismo.com.br\/home\/2024\/02\/23\/hipismo-adestramento-shp\/","url":"https:\/\/clubedohipismo.com.br\/home\/2024\/02\/23\/hipismo-adestramento-shp\/","name":"Tudo pronto para o primeiro Internacional e Nacional de Adestramento do ano na H\u00edpica Paulista - Clube do Hipismo","isPartOf":{"@id":"https:\/\/clubedohipismo.com.br\/home\/#website"},"primaryImageOfPage":{"@id":"https:\/\/clubedohipismo.com.br\/home\/2024\/02\/23\/hipismo-adestramento-shp\/#primaryimage"},"image":{"@id":"https:\/\/clubedohipismo.com.br\/home\/2024\/02\/23\/hipismo-adestramento-shp\/#primaryimage"},"thumbnailUrl":"https:\/\/clubedohipismo.com.br\/home\/wp-content\/uploads\/2024\/02\/Victor-Trieli-Avila-com-Corsario-IGS-vai-competir-na-qualificativa-olimpica-C.-May-Medio.jpg","datePublished":"2024-02-23T15:00:27+00:00","dateModified":"2024-02-23T15:00:31+00:00","description":"Come\u00e7a nessa sexta-feira, 23, e segue at\u00e9 domingo, 25\/2, o 1\u00ba Internacional de Nacional de Adestramento da temporada na Sociedade H\u00edpica Paulista.","breadcrumb":{"@id":"https:\/\/clubedohipismo.com.br\/home\/2024\/02\/23\/hipismo-adestramento-shp\/#breadcrumb"},"inLanguage":"pt-BR","potentialAction":[{"@type":"ReadAction","target":["https:\/\/clubedohipismo.com.br\/home\/2024\/02\/23\/hipismo-adestramento-shp\/"]}]},{"@type":"ImageObject","inLanguage":"pt-BR","@id":"https:\/\/clubedohipismo.com.br\/home\/2024\/02\/23\/hipismo-adestramento-shp\/#primaryimage","url":"https:\/\/clubedohipismo.com.br\/home\/wp-content\/uploads\/2024\/02\/Victor-Trieli-Avila-com-Corsario-IGS-vai-competir-na-qualificativa-olimpica-C.-May-Medio.jpg","contentUrl":"https:\/\/clubedohipismo.com.br\/home\/wp-content\/uploads\/2024\/02\/Victor-Trieli-Avila-com-Corsario-IGS-vai-competir-na-qualificativa-olimpica-C.-May-Medio.jpg","width":1152,"height":768,"caption":"Victor Trieli Avila com Corsario IGS vai competir na qualificativa ol\u00edmpica (C. May) (M\u00e9dio)"},{"@type":"BreadcrumbList","@id":"https:\/\/clubedohipismo.com.br\/home\/2024\/02\/23\/hipismo-adestramento-shp\/#breadcrumb","itemListElement":[{"@type":"ListItem","position":1,"name":"In\u00edcio","item":"https:\/\/clubedohipismo.com.br\/home\/"},{"@type":"ListItem","position":2,"name":"Tudo pronto para o primeiro Internacional e Nacional de Adestramento do ano na H\u00edpica Paulista"}]},{"@type":"WebSite","@id":"https:\/\/clubedohipismo.com.br\/home\/#website","url":"https:\/\/clubedohipismo.com.br\/home\/","name":"Clube do Hipismo","description":"Not\u00edcias do mundo do cavalo","publisher":{"@id":"https:\/\/clubedohipismo.com.br\/home\/#organization"},"potentialAction":[{"@type":"SearchAction","target":{"@type":"EntryPoint","urlTemplate":"https:\/\/clubedohipismo.com.br\/home\/?s={search_term_string}"},"query-input":{"@type":"PropertyValueSpecification","valueRequired":true,"valueName":"search_term_string"}}],"inLanguage":"pt-BR"},{"@type":"Organization","@id":"https:\/\/clubedohipismo.com.br\/home\/#organization","name":"Clube do Hipismo","url":"https:\/\/clubedohipismo.com.br\/home\/","logo":{"@type":"ImageObject","inLanguage":"pt-BR","@id":"https:\/\/clubedohipismo.com.br\/home\/#\/schema\/logo\/image\/","url":"https:\/\/clubedohipismo.com.br\/home\/wp-content\/uploads\/2018\/03\/clube-ch-dourado-wp-logo.png","contentUrl":"https:\/\/clubedohipismo.com.br\/home\/wp-content\/uploads\/2018\/03\/clube-ch-dourado-wp-logo.png","width":512,"height":512,"caption":"Clube do Hipismo"},"image":{"@id":"https:\/\/clubedohipismo.com.br\/home\/#\/schema\/logo\/image\/"}},{"@type":"Person","@id":"https:\/\/clubedohipismo.com.br\/home\/#\/schema\/person\/02a1be4ce15daab4ed7b2fd71bf47143","name":"Marco Vidal","url":"https:\/\/clubedohipismo.com.br\/home\/author\/vergano\/"}]}},"rttpg_featured_image_url":{"full":["https:\/\/clubedohipismo.com.br\/home\/wp-content\/uploads\/2024\/02\/Victor-Trieli-Avila-com-Corsario-IGS-vai-competir-na-qualificativa-olimpica-C.-May-Medio.jpg",1152,768,false],"landscape":["https:\/\/clubedohipismo.com.br\/home\/wp-content\/uploads\/2024\/02\/Victor-Trieli-Avila-com-Corsario-IGS-vai-competir-na-qualificativa-olimpica-C.-May-Medio.jpg",1152,768,false],"portraits":["https:\/\/clubedohipismo.com.br\/home\/wp-content\/uploads\/2024\/02\/Victor-Trieli-Avila-com-Corsario-IGS-vai-competir-na-qualificativa-olimpica-C.-May-Medio.jpg",1152,768,false],"thumbnail":["https:\/\/clubedohipismo.com.br\/home\/wp-content\/uploads\/2024\/02\/Victor-Trieli-Avila-com-Corsario-IGS-vai-competir-na-qualificativa-olimpica-C.-May-Medio-150x150.jpg",150,150,true],"medium":["https:\/\/clubedohipismo.com.br\/home\/wp-content\/uploads\/2024\/02\/Victor-Trieli-Avila-com-Corsario-IGS-vai-competir-na-qualificativa-olimpica-C.-May-Medio-300x200.jpg",300,200,true],"large":["https:\/\/clubedohipismo.com.br\/home\/wp-content\/uploads\/2024\/02\/Victor-Trieli-Avila-com-Corsario-IGS-vai-competir-na-qualificativa-olimpica-C.-May-Medio-1024x683.jpg",1024,683,true],"1536x1536":["https:\/\/clubedohipismo.com.br\/home\/wp-content\/uploads\/2024\/02\/Victor-Trieli-Avila-com-Corsario-IGS-vai-competir-na-qualificativa-olimpica-C.-May-Medio.jpg",1152,768,false],"2048x2048":["https:\/\/clubedohipismo.com.br\/home\/wp-content\/uploads\/2024\/02\/Victor-Trieli-Avila-com-Corsario-IGS-vai-competir-na-qualificativa-olimpica-C.-May-Medio.jpg",1152,768,false],"post-thumbnail":["https:\/\/clubedohipismo.com.br\/home\/wp-content\/uploads\/2024\/02\/Victor-Trieli-Avila-com-Corsario-IGS-vai-competir-na-qualificativa-olimpica-C.-May-Medio.jpg",399,266,false],"anima-featured":["https:\/\/clubedohipismo.com.br\/home\/wp-content\/uploads\/2024\/02\/Victor-Trieli-Avila-com-Corsario-IGS-vai-competir-na-qualificativa-olimpica-C.-May-Medio.jpg",399,266,false],"anima-featured-lp":["https:\/\/clubedohipismo.com.br\/home\/wp-content\/uploads\/2024\/02\/Victor-Trieli-Avila-com-Corsario-IGS-vai-competir-na-qualificativa-olimpica-C.-May-Medio.jpg",450,300,false],"anima-featured-half":["https:\/\/clubedohipismo.com.br\/home\/wp-content\/uploads\/2024\/02\/Victor-Trieli-Avila-com-Corsario-IGS-vai-competir-na-qualificativa-olimpica-C.-May-Medio.jpg",450,300,false],"anima-featured-third":["https:\/\/clubedohipismo.com.br\/home\/wp-content\/uploads\/2024\/02\/Victor-Trieli-Avila-com-Corsario-IGS-vai-competir-na-qualificativa-olimpica-C.-May-Medio.jpg",450,300,false],"anima-lpbox-1":["https:\/\/clubedohipismo.com.br\/home\/wp-content\/uploads\/2024\/02\/Victor-Trieli-Avila-com-Corsario-IGS-vai-competir-na-qualificativa-olimpica-C.-May-Medio.jpg",300,200,false],"anima-lpbox-2":["https:\/\/clubedohipismo.com.br\/home\/wp-content\/uploads\/2024\/02\/Victor-Trieli-Avila-com-Corsario-IGS-vai-competir-na-qualificativa-olimpica-C.-May-Medio.jpg",397,265,false]},"rttpg_author":{"display_name":"Marco Vidal","author_link":"https:\/\/clubedohipismo.com.br\/home\/author\/vergano\/"},"rttpg_comment":0,"rttpg_category":"<a href=\"https:\/\/clubedohipismo.com.br\/home\/category\/artigos\/hipismo\/\" rel=\"category tag\">Hipismo<\/a> <a href=\"https:\/\/clubedohipismo.com.br\/home\/category\/artigos\/eventos-hipismo-equestre-cavalo\/\" rel=\"category tag\">Pr\u00f3ximos Eventos<\/a>","rttpg_excerpt":"Come\u00e7a nessa sexta-feira, 23, e segue at\u00e9 domingo, 25\/2, o 1\u00ba Internacional de Nacional de Adestramento da temporada na Sociedade H\u00edpica Paulista.","_links":{"self":[{"href":"https:\/\/clubedohipismo.com.br\/home\/wp-json\/wp\/v2\/posts\/26450","targetHints":{"allow":["GET"]}}],"collection":[{"href":"https:\/\/clubedohipismo.com.br\/home\/wp-json\/wp\/v2\/posts"}],"about":[{"href":"https:\/\/clubedohipismo.com.br\/home\/wp-json\/wp\/v2\/types\/post"}],"author":[{"embeddable":true,"href":"https:\/\/clubedohipismo.com.br\/home\/wp-json\/wp\/v2\/users\/2"}],"replies":[{"embeddable":true,"href":"https:\/\/clubedohipismo.com.br\/home\/wp-json\/wp\/v2\/comments?post=26450"}],"version-history":[{"count":0,"href":"https:\/\/clubedohipismo.com.br\/home\/wp-json\/wp\/v2\/posts\/26450\/revisions"}],"wp:featuredmedia":[{"embeddable":true,"href":"https:\/\/clubedohipismo.com.br\/home\/wp-json\/wp\/v2\/media\/26451"}],"wp:attachment":[{"href":"https:\/\/clubedohipismo.com.br\/home\/wp-json\/wp\/v2\/media?parent=26450"}],"wp:term":[{"taxonomy":"category","embeddable":true,"href":"https:\/\/clubedohipismo.com.br\/home\/wp-json\/wp\/v2\/categories?post=26450"},{"taxonomy":"post_tag","embeddable":true,"href":"https:\/\/clubedohipismo.com.br\/home\/wp-json\/wp\/v2\/tags?post=26450"}],"curies":[{"name":"wp","href":"https:\/\/api.w.org\/{rel}","templated":true}]}}